{"id":255,"date":"2010-06-13T10:30:00","date_gmt":"2010-06-13T10:30:00","guid":{"rendered":""},"modified":"-0001-11-30T00:00:00","modified_gmt":"-0001-11-29T22:00:00","slug":"","status":"publish","type":"post","link":"http:\/\/www.chapelle-crecy.com\/?p=255","title":{"rendered":"Annonces de la semaine du 14 au 20 juin 2010"},"content":{"rendered":"<table bgcolor =\"F0FAFF\" border=0>\n<tbody>\n<tr>\n<td>\n<div align=\"justify\">\n<div \"173\">Voici les annonces de la semaine du lundi 14 au dimanche 20 juin pour la paroisse des 3 clochers Cr\u00e9cy-la-Chapelle, Villiers-sur-Morin, Voulangis.<br \/>\nSamedi 19 : 18h30 messe \u00e0\u00a0 Villiers.<br \/>\nDimanche 20 : 10h30 messe \u00e0\u00a0 Cr\u00e9cy.<br \/>\nTout le programme d\u00e9taill\u00e9 dans la suite &#8230; <\/div>\n<\/div>\n<\/td>\n<\/tr>\n<\/tbody>\n<\/table>\n<table bgcolor =\"F0F6FF\" border=0>\n<tbody>\n<tr>\n<td width=\"25%\"><font color=\"0020FF\">Lundi 14 juin<\/font><\/td>\n<td width=\"40%\"><font color=\"0020FF\"><\/p>\n<div align=\"center\"><img decoding=\"async\" src=\"\/IMG\/gif\/coupes004.gif\"><\/div>\n<p><\/font><\/td>\n<td><font color=\"0020FF\">17 h &#8211; Messe \u00e0 la Maison de Retraite pour Louis GRANDHOMME.<\/font><\/td>\n<\/tr>\n<tr>\n<td width=\"25%\"><font color=\"802020\">Mercredi 16 juin<\/font><\/td>\n<td width=\"40%\"><font color=\"802020\">de 14 h 45 \u00e0 16 h 15 &#8211;  R\u00e9union de l&rsquo;Eveil \u00e0 la Foi.<\/font><\/td>\n<td width=\"40%\"><font color=\"802020\"><\/p>\n<div align=\"center\"><img decoding=\"async\" src=\"\/IMG\/gif\/cross.gif\"><\/div>\n<p><\/font><\/td>\n<\/tr>\n<tr>\n<td width=\"25%\"><font color=\"00CC00\">Jeudi 17 juin<\/font><\/td>\n<td width=\"40%\"><font color=\"00CC00\">18 h -Messe \u00e0 Cr\u00e9cy pour les Ames du Purgatoire.<\/font><\/td>\n<td width=\"40%\"><font color=\"00CC00\">20 h 30  Soir\u00e9e de louange et de t\u00e9moignage \u00e0 N.D.des Ardents, \u00e0 Lagny.<\/font><\/td>\n<\/tr>\n<tr>\n<td width=\"25%\"><font color=\"0020FF\">Vendredi 18 juin<\/font><\/td>\n<td width=\"40%\"><font color=\"0020FF\">9 h &#8211; Messe \u00e0 Cr\u00e9cy pour Marcelle GONDARD et Carmen VALLEE.<\/font><\/td>\n<td width=\"40%\"><font color=\"0020FF\">17 h 30  R\u00e9union de l&rsquo;\u00e9quipe MEJ \u00ab Jeunes T\u00e9moins \u00bb.<\/font><\/td>\n<\/tr>\n<tr>\n<td><font color=\"802020\">Samedi 19 juin<\/font><\/td>\n<td><font color=\"802020\">15 h  A la Coll\u00e9giale, mariage THERY-SCOQUART.<br \/>\n16 h 30 &#8211;  A la Coll\u00e9giale , mariage ROYON-GALLOIS.<\/font><\/td>\n<td><font color=\"802020\">18 h 30 &#8211; Messe \u00e0  Villiers pour Gilberte DENIS et Michel PERONNET.<\/font><\/td>\n<\/tr>\n<tr>\n<td><font color=\"00CC00\">Dimanche 20 juin.<\/font><\/td>\n<td><font color=\"00CC00\">10 h 30 &#8211;  Messe \u00e0 Cr\u00e9cy pour Jeanine CLAUDAT.<\/font><\/td>\n<td><font color=\"00CC00\"> 15 h 30  Ordination de 7 diacres \u00e0 la cath\u00e9drale de Meaux. Nous sommes invit\u00e9s \u00e0 aller partager cette joie avec tous les chr\u00e9tiens du dioc\u00e8se.<\/div>\n<p><\/font><\/td>\n<\/tr>\n<\/tbody>\n<\/table>\n","protected":false},"excerpt":{"rendered":"<p>Voici les annonces de la semaine du lundi 14 au dimanche 20 juin pour la paroisse des 3 clochers Cr\u00e9cy-la-Chapelle, Villiers-sur-Morin, Voulangis. Samedi 19 : 18h30 messe \u00e0\u00a0 Villiers. Dimanche 20 : 10h30 messe&#46;&#46;&#46;<\/p>\n","protected":false},"author":2,"featured_media":0,"comment_status":"open","ping_status":"open","sticky":false,"template":"","format":"standard","meta":{"footnotes":""},"categories":[],"tags":[],"class_list":["post-255","post","type-post","status-publish","format-standard","hentry"],"_links":{"self":[{"href":"http:\/\/www.chapelle-crecy.com\/index.php?rest_route=\/wp\/v2\/posts\/255","targetHints":{"allow":["GET"]}}],"collection":[{"href":"http:\/\/www.chapelle-crecy.com\/index.php?rest_route=\/wp\/v2\/posts"}],"about":[{"href":"http:\/\/www.chapelle-crecy.com\/index.php?rest_route=\/wp\/v2\/types\/post"}],"author":[{"embeddable":true,"href":"http:\/\/www.chapelle-crecy.com\/index.php?rest_route=\/wp\/v2\/users\/2"}],"replies":[{"embeddable":true,"href":"http:\/\/www.chapelle-crecy.com\/index.php?rest_route=%2Fwp%2Fv2%2Fcomments&post=255"}],"version-history":[{"count":0,"href":"http:\/\/www.chapelle-crecy.com\/index.php?rest_route=\/wp\/v2\/posts\/255\/revisions"}],"wp:attachment":[{"href":"http:\/\/www.chapelle-crecy.com\/index.php?rest_route=%2Fwp%2Fv2%2Fmedia&parent=255"}],"wp:term":[{"taxonomy":"category","embeddable":true,"href":"http:\/\/www.chapelle-crecy.com\/index.php?rest_route=%2Fwp%2Fv2%2Fcategories&post=255"},{"taxonomy":"post_tag","embeddable":true,"href":"http:\/\/www.chapelle-crecy.com\/index.php?rest_route=%2Fwp%2Fv2%2Ftags&post=255"}],"curies":[{"name":"wp","href":"https:\/\/api.w.org\/{rel}","templated":true}]}}