{"id":256,"date":"2010-06-20T10:57:05","date_gmt":"2010-06-20T10:57:05","guid":{"rendered":""},"modified":"-0001-11-30T00:00:00","modified_gmt":"-0001-11-29T22:00:00","slug":"","status":"publish","type":"post","link":"http:\/\/www.chapelle-crecy.com\/?p=256","title":{"rendered":"Ordination diaconale en la cath\u00e9drale de Meaux"},"content":{"rendered":"<table bgcolor =\"F0FAFF\" border=0>\n<tbody>\n<tr>\n<td>\n<div align=\"justify\">\n<div \"174\">Le diacre est l&rsquo;image du Christ serviteur, au service de l&rsquo;humanit\u00e9. Ce dimanche 20 juin \u00e0\u00a0 la cath\u00e9drale de Meaux, 7 hommes mari\u00e9s et p\u00e8res de famille ont d\u00e9cid\u00e9, en recevant le sacrement de l&rsquo;Ordre, de se mettre au service de notre communaut\u00e9. Mais en quoi consiste leur mission exactement ?<\/div>\n<\/div>\n<\/td>\n<\/tr>\n<\/tbody>\n<\/table>\n<div align=\"justify\">Etre diacre, c&rsquo;est \u00eatre au service<\/p>\n<p> Le diaconat a joui d&rsquo;un tr\u00e8s grand prestige du II\u00e8me \u00e0 la fin du III\u00e8me si\u00e8cle, puis a d\u00e9clin\u00e9. Le concile Vatican II, en 1965, a remis en vigueur ce minist\u00e8re ordonn\u00e9 en le r\u00e9novant. Les diacres sont ordonn\u00e9s  \u00ab\u00a0non pas en vue du sacerdoce, mais du service\u00a0\u00bb . Alors que les pr\u00eatres sont les serviteurs de la Parole, les serviteurs du Peuple de Dieu et les ministres de l&rsquo;Eucharistie et des sacrements, les diacres, eux, re\u00e7oivent une mission de \u00ab\u00a0service\u00a0\u00bb; le plus souvent ce sera une mission au service de la charit\u00e9 de l&rsquo;Eglise (\u00e9quipes de bapt\u00eame, pastorale des fun\u00e9railles, etc.).<br \/>\nCe minist\u00e8re peut \u00eatre conf\u00e9r\u00e9 \u00e0 des hommes mari\u00e9s. Quand ils sont ordonn\u00e9s diacres, ces hommes le sont pour toujours d&rsquo;o\u00f9 leur nom de diacre permanent. Quand le futur diacre est appel\u00e9, pendant la premi\u00e8re ann\u00e9e, en couple, avec son \u00e9pouse, il vit un temps de discernement et de r\u00e9flexion. Puis, lorsqu&rsquo;il s&rsquo;engage, il suit une formation qui dure 6 ann\u00e9es, \u00e9tal\u00e9e sur 4 week-ends par an, toujours en compagnie de sa femme. Le jour de l&rsquo;ordination, l&rsquo;\u00e9v\u00eaque demande \u00e0 l&rsquo;\u00e9pouse son accord, car son r\u00f4le sera d\u00e9sormais d&rsquo;accompagner son mari qui est diacre, par la pri\u00e8re partag\u00e9e, l&rsquo;accueil et l&rsquo;\u00e9coute. <\/p>\n<p> T\u00e9moignage de Guy Brisson, diacre \u00e0 Champs-sur-Marne depuis 1999<\/p>\n<p> Mai 1995. L&rsquo;Eglise nous interpelle, Laurence et moi. Accepteriez-vous de r\u00e9fl\u00e9chir au diaconat ? Nous n&rsquo;avions pas 75 ans \u00e0 nous deux, notre derni\u00e8re fille allait pointer son nez quelques mois plus tard pour rejoindre les 3 plus grands dans notre maison de Champs sur Marne, \u00e0 Marne la Vall\u00e9e. Commence alors un cheminement \u00e2pre, profond et lib\u00e9rateur pour une ordination en avril 1999 par le p\u00e8re Cornet.<br \/>\nSi c&rsquo;est moi qui ai \u00e9t\u00e9 ordonn\u00e9, c&rsquo;est tous les deux qui avons re\u00e7u l&rsquo;appel de l&rsquo;Eglise au diaconat, c&rsquo;est tous les deux qui avons chemin\u00e9, c&rsquo;est tous les deux qui portons ce minist\u00e8re. La lettre de mission lue le jour de l&rsquo;ordination l&rsquo;a bien signifi\u00e9 : \u00ab Soyez un visage d&rsquo;Eglise avec votre \u00e9pouse \u00e2\u20ac\u00a6 \u00bb. Notre mariage commenc\u00e9, il y a 28 ans, prime. C&rsquo;est dans cette vie commune, dans cette vie \u00e0 b\u00e2tir, dans cette \u00ab histoire d&rsquo;alliance \u00bb que ma vie de baptis\u00e9 se r\u00e9alise, s&rsquo;accomplit et se d\u00e9veloppe. Alli\u00e9s pour la vie, alli\u00e9s pour le diaconat.<\/p>\n<p> Le diacre est \u00e0 la jointure de l&rsquo;Eglise et du monde<\/p>\n<p> Ordonn\u00e9, il s&rsquo;agit bien de d\u00e9ployer, par toute sa vie familiale, professionnelle, paroissiale, citoyenne, ce minist\u00e8re de l&rsquo;Eglise qui a mission du Christ d&rsquo;\u00eatre servante l\u00e0 o\u00f9 se joue la vie de chaque personne et de chaque groupe humain. Une Eglise qui se doit d&rsquo;\u00eatre fid\u00e8le \u00e0 ce que l&rsquo;Esprit lui demande pour l&rsquo;\u00e9vang\u00e9lisation et le service des hommes et des femmes de ce temps.<br \/>\n Nous sommes diacres au milieu du monde, t\u00e9moins du Christ serviteur, ordonn\u00e9s et envoy\u00e9s pour \u00eatre homme parmi les hommes, pr\u00e9sent au monde, \u00e0 ses joies et \u00e0 ses pauvret\u00e9s, mais aussi homme d&rsquo;Eglise, ins\u00e9r\u00e9 dans notre communaut\u00e9 chr\u00e9tienne pour que celle-ci soit fid\u00e8le \u00e0 sa mission de servir Dieu en servant les hommes.<br \/>\n Ordonn\u00e9 il y a 11 ans, l&rsquo;Eglise m&rsquo;a confi\u00e9, avec Laurence mon \u00e9pouse, une mission d&rsquo;accueil des personnes divorc\u00e9es, bless\u00e9es dans leur amour, \u00ab pour leur dire combien Dieu notre P\u00e8re les aime et veut les gu\u00e9rir de leurs blessures \u00bb. Par ailleurs, avec une \u00e9quipe, nous pr\u00e9parons les jeunes couples \u00e0 leur mariage sur notre secteur. Pendant 6 ans, il m&rsquo;a \u00e9t\u00e9 confi\u00e9 la mission d&rsquo;organiser, avec un diacre du dioc\u00e8se de Nanterre, la formation des futurs diacres des dioc\u00e8ses d&rsquo;Ile de France. Au sein de notre dioc\u00e8se, apr\u00e8s la joie d&rsquo;avoir particip\u00e9 aupr\u00e8s du p\u00e8re Le Vert \u00e0 la grande aventure d&rsquo;Eglise en Actes et de Trinit\u00e9 2008, le p\u00e8re de Monl\u00e9on m&rsquo;a confi\u00e9 l&rsquo;accompagnement de la pastorale en direction des familles.<\/p><\/div>\n<p><img130|center><\/p>\n","protected":false},"excerpt":{"rendered":"<p>Le diacre est l&rsquo;image du Christ serviteur, au service de l&rsquo;humanit\u00e9. Ce dimanche 20 juin \u00e0\u00a0 la cath\u00e9drale de Meaux, 7 hommes mari\u00e9s et p\u00e8res de famille ont d\u00e9cid\u00e9, en recevant le sacrement de&#46;&#46;&#46;<\/p>\n","protected":false},"author":2,"featured_media":0,"comment_status":"open","ping_status":"open","sticky":false,"template":"","format":"standard","meta":{"footnotes":""},"categories":[],"tags":[],"class_list":["post-256","post","type-post","status-publish","format-standard","hentry"],"_links":{"self":[{"href":"http:\/\/www.chapelle-crecy.com\/index.php?rest_route=\/wp\/v2\/posts\/256","targetHints":{"allow":["GET"]}}],"collection":[{"href":"http:\/\/www.chapelle-crecy.com\/index.php?rest_route=\/wp\/v2\/posts"}],"about":[{"href":"http:\/\/www.chapelle-crecy.com\/index.php?rest_route=\/wp\/v2\/types\/post"}],"author":[{"embeddable":true,"href":"http:\/\/www.chapelle-crecy.com\/index.php?rest_route=\/wp\/v2\/users\/2"}],"replies":[{"embeddable":true,"href":"http:\/\/www.chapelle-crecy.com\/index.php?rest_route=%2Fwp%2Fv2%2Fcomments&post=256"}],"version-history":[{"count":0,"href":"http:\/\/www.chapelle-crecy.com\/index.php?rest_route=\/wp\/v2\/posts\/256\/revisions"}],"wp:attachment":[{"href":"http:\/\/www.chapelle-crecy.com\/index.php?rest_route=%2Fwp%2Fv2%2Fmedia&parent=256"}],"wp:term":[{"taxonomy":"category","embeddable":true,"href":"http:\/\/www.chapelle-crecy.com\/index.php?rest_route=%2Fwp%2Fv2%2Fcategories&post=256"},{"taxonomy":"post_tag","embeddable":true,"href":"http:\/\/www.chapelle-crecy.com\/index.php?rest_route=%2Fwp%2Fv2%2Ftags&post=256"}],"curies":[{"name":"wp","href":"https:\/\/api.w.org\/{rel}","templated":true}]}}