{"id":257,"date":"2010-06-20T10:36:00","date_gmt":"2010-06-20T10:36:00","guid":{"rendered":""},"modified":"-0001-11-30T00:00:00","modified_gmt":"-0001-11-29T22:00:00","slug":"","status":"publish","type":"post","link":"http:\/\/www.chapelle-crecy.com\/?p=257","title":{"rendered":"Annonces de la semaine du 21 au 27 juin 2010"},"content":{"rendered":"<table bgcolor =\"F0FAFF\" border=0>\n<tbody>\n<tr>\n<td>\n<div align=\"justify\">\n<div \"175\">Voici les annonces de la semaine du lundi 21 au dimanche 27 juin pour la paroisse des 3 clochers Cr\u00e9cy-la-Chapelle, Villiers-sur-Morin, Voulangis.<br \/>\nSamedi 26 : 18h30 messe \u00e0\u00a0 Voulangis.<br \/>\nDimanche 27 : 10h30 messe \u00e0\u00a0 Cr\u00e9cy.<br \/>\nTout le programme d\u00e9taill\u00e9 dans la suite &#8230; <\/div>\n<\/div>\n<\/td>\n<\/tr>\n<\/tbody>\n<\/table>\n<table bgcolor =\"F0F6FF\" border=0>\n<tbody>\n<tr>\n<td width=\"25%\"><font color=\"00CC00\">Lundi 21 juin<\/font><\/td>\n<td width=\"40%\"><font color=\"00CC00\">14 h 30  R\u00e9union de l&rsquo;Equipe du Rosaire chez Madame ROSIER.<\/font><\/td>\n<td><font color=\"00CC00\">17 h &#8211; C\u00e9l\u00e9bration \u00e0 la Maison de  Retraite.<font><\/td>\n<\/tr>\n<tr>\n<td width=\"25%\"><font color=\"0020FF\">Mardi 22 juin<\/font><\/td>\n<td width=\"40%\"><font color=\"0020FF\"><\/p>\n<div align=\"center\"><img decoding=\"async\" src=\"\/IMG\/gif\/coupes004.gif\"><\/div>\n<p><\/font><\/td>\n<td><font color=\"0020FF\">18 h &#8211;  Messe \u00e0 Cr\u00e9cy pour  Mathias CURIC et Maurice VANBUREN.<font><\/td>\n<\/tr>\n<tr>\n<td width=\"25%\"><font color=\"802020\">Mercredi 23 juin<\/font><\/td>\n<td width=\"40%\"><font color=\"802020\">18 h 30  Messe  Cr\u00e9cy pour Pierre DJUJEVIC et C\u00e9lestine LYONNET.<\/font><\/td>\n<td width=\"40%\"><font color=\"802020\">20 h 30 &#8211; R\u00e9union des Cat\u00e9chistes.<\/font><\/td>\n<\/tr>\n<tr>\n<td width=\"25%\"><font color=\"00CC00\">Jeudi 24 juin<\/font><\/td>\n<td width=\"40%\"><font color=\"00CC00\">18 h &#8211; Messe \u00e0 Cr\u00e9cy pour Daniel BROUILLET et Jeanne BOITEUX.<\/font><\/td>\n<td width=\"40%\"><font color=\"00CC00\">20 h30  A N.D. des Ardents, \u00e0 Lagny, soir\u00e9e de louange \u00e0 l&rsquo;Esprit-Saint, et t\u00e9moignages.<\/font><\/td>\n<\/tr>\n<tr>\n<td width=\"25%\"><font color=\"0020FF\">Vendredi 25 juin<\/font><\/td>\n<td width=\"40%\"><font color=\"0020FF\">9 h &#8211; Messe \u00e0 Cr\u00e9cy pour Simone RAYER et Marguerite GOSSE.<\/font><\/td>\n<td width=\"40%\"><font color=\"0020FF\"><\/p>\n<div align=\"center\"><img decoding=\"async\" src=\"\/IMG\/gif\/cross.gif\"><\/div>\n<p><\/font><\/td>\n<\/tr>\n<tr>\n<td><font color=\"802020\">Samedi 26 juin<\/font><\/td>\n<td><font color=\"802020\"><\/p>\n<div align=\"center\"><img decoding=\"async\" src=\"\/IMG\/gif\/bibles004.gif\"><\/div>\n<p><\/font><\/td>\n<td><font color=\"802020\">18 h 30 &#8211;  Messe \u00e0 Voulangis pour Daniel  GOBANCE.<\/font><\/td>\n<\/tr>\n<tr>\n<td><font color=\"00CC00\">Dimanche 27 juin.<\/font><\/td>\n<td><font color=\"00CC00\">10 h 30  A Cr\u00e9cy, Messe d&rsquo;Action de Gr\u00e2ces. Nous prierons particuli\u00e8rement pour Pierre BEAUMONT et Andr\u00e9 DAVY.<br \/>\nApr\u00e8s la Messe, bapt\u00eame de Lo\u00efc  EROIN, Ma\u00ebline LUTREAU, Eva DEMEULENAERE et Premi\u00e8re Communion de Charline DEROO<\/font><\/td>\n<td><font color=\"00CC00\"> Cette Messe inaugurera la GRANDE ASSEMBLEE PAROISSIALE \u00e0 laquelle nous sommes tous invit\u00e9s \u00e0 participer : ap\u00e9ritif, pique-nique. L&rsquo;apr\u00e8s-midi sera  un grand moment d&rsquo;information et de partage sur notre vie paroissiale et  son \u00e9volution pour l&rsquo;ann\u00e9e qui commence.<\/div>\n<p><\/font><\/td>\n<\/tr>\n<\/tbody>\n<\/table>\n","protected":false},"excerpt":{"rendered":"<p>Voici les annonces de la semaine du lundi 21 au dimanche 27 juin pour la paroisse des 3 clochers Cr\u00e9cy-la-Chapelle, Villiers-sur-Morin, Voulangis. Samedi 26 : 18h30 messe \u00e0\u00a0 Voulangis. Dimanche 27 : 10h30 messe&#46;&#46;&#46;<\/p>\n","protected":false},"author":2,"featured_media":0,"comment_status":"open","ping_status":"open","sticky":false,"template":"","format":"standard","meta":{"footnotes":""},"categories":[],"tags":[],"class_list":["post-257","post","type-post","status-publish","format-standard","hentry"],"_links":{"self":[{"href":"http:\/\/www.chapelle-crecy.com\/index.php?rest_route=\/wp\/v2\/posts\/257","targetHints":{"allow":["GET"]}}],"collection":[{"href":"http:\/\/www.chapelle-crecy.com\/index.php?rest_route=\/wp\/v2\/posts"}],"about":[{"href":"http:\/\/www.chapelle-crecy.com\/index.php?rest_route=\/wp\/v2\/types\/post"}],"author":[{"embeddable":true,"href":"http:\/\/www.chapelle-crecy.com\/index.php?rest_route=\/wp\/v2\/users\/2"}],"replies":[{"embeddable":true,"href":"http:\/\/www.chapelle-crecy.com\/index.php?rest_route=%2Fwp%2Fv2%2Fcomments&post=257"}],"version-history":[{"count":0,"href":"http:\/\/www.chapelle-crecy.com\/index.php?rest_route=\/wp\/v2\/posts\/257\/revisions"}],"wp:attachment":[{"href":"http:\/\/www.chapelle-crecy.com\/index.php?rest_route=%2Fwp%2Fv2%2Fmedia&parent=257"}],"wp:term":[{"taxonomy":"category","embeddable":true,"href":"http:\/\/www.chapelle-crecy.com\/index.php?rest_route=%2Fwp%2Fv2%2Fcategories&post=257"},{"taxonomy":"post_tag","embeddable":true,"href":"http:\/\/www.chapelle-crecy.com\/index.php?rest_route=%2Fwp%2Fv2%2Ftags&post=257"}],"curies":[{"name":"wp","href":"https:\/\/api.w.org\/{rel}","templated":true}]}}