{"id":258,"date":"2010-06-24T10:42:48","date_gmt":"2010-06-24T10:42:48","guid":{"rendered":""},"modified":"-0001-11-30T00:00:00","modified_gmt":"-0001-11-29T22:00:00","slug":"","status":"publish","type":"post","link":"http:\/\/www.chapelle-crecy.com\/?p=258","title":{"rendered":"B\u00e9n\u00e9diction des motards le 27 juin 2010 \u00e0\u00a0 12h15"},"content":{"rendered":"<table bgcolor =\"F0FAFF\" border=0>\n<tbody>\n<tr>\n<td>\n<div align=\"justify\">\n<div \"176\">Ce message s&rsquo;adresse \u00e0\u00a0 tous les motards et autres amis du monde de la moto: nous vous esp\u00e9rons nombreux \u00e0\u00a0 ce grand rassemblement exceptionnel qui n&rsquo;a jamais eu lieu dans notre d\u00e9partement de Seine-et-Marne. Aimer le Seigneur et la moto n&rsquo;est pas incompatible ! En effet, l&rsquo;Association Run Pro Deo (association de loi 1901 &#8211; Statuts en cours d&rsquo;enregistrement aupr\u00e8s de la sous-pr\u00e9fecture de Meaux), organise cette grande b\u00e9n\u00e9diction des motards dans le but de promouvoir la foi catholique dans le milieu de la moto. Vrombissement v tre !<\/div>\n<\/div>\n<\/td>\n<\/tr>\n<\/tbody>\n<\/table>\n<p>Le P\u00e8re Lemoine, p\u00e8re motard est l&rsquo;initiateur de ce projet<\/p>\n<p>Vous ne pouvez pas ne pas conna \u00eetre le P\u00e8re Beno \u00eet Lemoine! Pr\u00eatre accompagnateur de l&rsquo;Aum\u00f4nerie de l&rsquo;Enseignement Public en Seine-et-Marne, et pr\u00eatre accompagnateur de l&rsquo;enseignement catholique dioc\u00e9sain, le P\u00e8re Benoit est un incontournable dans notre dioc\u00e8se, notamment aupr\u00e8s des jeunes. Il parcourt les routes de notre grand d\u00e9partement pour aller apporter la Bonne Nouvelle de J\u00e9sus-Christ de classe en classe, et d&rsquo;\u00e9cole en \u00e9cole. Particularit\u00e9 notoire, pour s&rsquo;acquitter de sa t\u00e2che, par souci pratique ou par passion, allez savoir, il va souvent \u00e0 la rencontre de ces jeunes en moto. Un pr\u00eatre motard, c&rsquo;est pas banal ! Alors, si vous d\u00e9sirez mieux faire sa connaissance, recevoir sa b\u00e9n\u00e9diction, et partager un moment agr\u00e9able et convivial entre passionn\u00e9s de moto, soyez nombreux dimanche prochain \u00e0 Villeneuve-sur-Bellot.  Renseignements: benedictionmoto@gmail.com &#8211;  06 82 99 96 44<\/p>\n<p>                                                 <doc132><\/p>\n<p>Programme de cette journ\u00e9e inoubliable \u00e0 Villeneuve-sur-Bellot<\/p>\n<p>12h15 : Messe \u00e0 l&rsquo;intention des motards morts sur la route, \u00e0 l&rsquo;\u00e9glise de Villeneuve-sur-Bellot (77)<\/p>\n<p>13h15 : D\u00e9jeuner tir\u00e9 du sac (devant l&rsquo;\u00e9glise de Villeneuve-sur-Bellot)<\/p>\n<p>14h45 : Rassemblement des motos (devant l&rsquo;\u00e9glise de Villeneuve-sur-Bellot)<\/p>\n<p>15h15 : D\u00e9part en ballade (depuis Villeneuve-sur-Bellot)<\/p>\n<p>16h15 : B\u00e9n\u00e9diction des motards devant l&rsquo;Eglise St Jean Bosco de Meaux (77)<\/p>\n<p>Puis pot de l&rsquo;amiti\u00e9\u00e2\u20ac\u00a6.<\/p>\n<p>Vous pouvez nous rejoindre \u00e0 n&rsquo;importe quel moment de la journ\u00e9e\u00e2\u20ac\u00a6<\/p>\n<p>                                                 <doc131><\/p>\n<p>Pri\u00e8re pour les motards<\/p>\n<p>Seigneur, Dieu cr\u00e9ateur, merci de cette nature si belle dans laquelle  nous \u00e9voluons avec tant de bonheur sur nos machines. Apprends-nous \u00e0 respecter sans r\u00e9sistance les contraintes que la nature ou la route nous imposent, et \u00e0  les prendre en compte comme elles viennent, afin de pouvoir Te louer, Seigneur, en toute circonstance.<\/p>\n<p>Dieu Sauveur, Toi qui as donn\u00e9 Ta Vie pour nous sauver, donne-nous la simplicit\u00e9 de coeur et la pr\u00e9sence d&rsquo;esprit pour que l&rsquo;entraide motarde ne soit pas un mythe, mais une r\u00e9alit\u00e9 bien pr\u00e9sente dans nos vies.<\/p>\n<p>Seigneur, Dieu de toute bont\u00e9 pardonne-moi ces moments de col\u00e8re o\u00f9, sur la route, par mon imprudence ou celle des autres, ma vie a \u00e9t\u00e9 mise en danger. Apprends-moi aussi \u00e0 ne pas jouer avec ma vie, ni avec celle des autres.<\/p>\n<p>Dieu Eternel, Toi qui as toujours le temps pour faire le bien en donnant ton Amour, regarde-nous qui courrons si souvent apr\u00e8s le temps jusqu&rsquo;\u00e0 croire que nous pourrons le rattraper : maintiens en nous cette prudence qui nous gardera en vie, sereinement.<\/p>\n<p>Seigneur, Toi seul as une juste vision des \u00eatres et des situations. Aussi nous te confions tous ceux qui sont, par moment, imprudents : qu&rsquo;en \u00e9tant raisonnables dans l&rsquo;usage qu&rsquo;ils font de leur v\u00e9hicule,  ils ne perdent leur vie et ne brisent celles des autres.<\/p>\n<p>Dieu de tout r\u00e9confort, regarde les accident\u00e9s de la route, si nombreux dans nos rangs. Donne-leur la patience dans la convalescence, et la sagesse d&rsquo;accepter &#8211; si elles ne peuvent changer -, leurs nouvelles conditions physiques.<\/p>\n","protected":false},"excerpt":{"rendered":"<p>Ce message s&rsquo;adresse \u00e0\u00a0 tous les motards et autres amis du monde de la moto: nous vous esp\u00e9rons nombreux \u00e0\u00a0 ce grand rassemblement exceptionnel qui n&rsquo;a jamais eu lieu dans notre d\u00e9partement de Seine-et-Marne.&#46;&#46;&#46;<\/p>\n","protected":false},"author":2,"featured_media":0,"comment_status":"open","ping_status":"open","sticky":false,"template":"","format":"standard","meta":{"footnotes":""},"categories":[],"tags":[],"class_list":["post-258","post","type-post","status-publish","format-standard","hentry"],"_links":{"self":[{"href":"http:\/\/www.chapelle-crecy.com\/index.php?rest_route=\/wp\/v2\/posts\/258","targetHints":{"allow":["GET"]}}],"collection":[{"href":"http:\/\/www.chapelle-crecy.com\/index.php?rest_route=\/wp\/v2\/posts"}],"about":[{"href":"http:\/\/www.chapelle-crecy.com\/index.php?rest_route=\/wp\/v2\/types\/post"}],"author":[{"embeddable":true,"href":"http:\/\/www.chapelle-crecy.com\/index.php?rest_route=\/wp\/v2\/users\/2"}],"replies":[{"embeddable":true,"href":"http:\/\/www.chapelle-crecy.com\/index.php?rest_route=%2Fwp%2Fv2%2Fcomments&post=258"}],"version-history":[{"count":0,"href":"http:\/\/www.chapelle-crecy.com\/index.php?rest_route=\/wp\/v2\/posts\/258\/revisions"}],"wp:attachment":[{"href":"http:\/\/www.chapelle-crecy.com\/index.php?rest_route=%2Fwp%2Fv2%2Fmedia&parent=258"}],"wp:term":[{"taxonomy":"category","embeddable":true,"href":"http:\/\/www.chapelle-crecy.com\/index.php?rest_route=%2Fwp%2Fv2%2Fcategories&post=258"},{"taxonomy":"post_tag","embeddable":true,"href":"http:\/\/www.chapelle-crecy.com\/index.php?rest_route=%2Fwp%2Fv2%2Ftags&post=258"}],"curies":[{"name":"wp","href":"https:\/\/api.w.org\/{rel}","templated":true}]}}