{"id":259,"date":"2010-06-25T21:25:43","date_gmt":"2010-06-25T21:25:43","guid":{"rendered":""},"modified":"-0001-11-30T00:00:00","modified_gmt":"-0001-11-29T22:00:00","slug":"","status":"publish","type":"post","link":"http:\/\/www.chapelle-crecy.com\/?p=259","title":{"rendered":"Messes de juillet et aout 2010"},"content":{"rendered":"<table bgcolor =\"F0FAFF\" border=0>\n<tbody>\n<tr>\n<td>\n<div align=\"justify\">\n<div \"177\">Voici les horaires des messes en juillet et aout sur le secteur Cr\u00e9cy et environs. Vous pouvez \u00e9galement t\u00e9l\u00e9charger l&rsquo;ensemble des horaires du P\u00f4le de Meaux.<\/div>\n<\/div>\n<\/td>\n<\/tr>\n<\/table>\n<div align=\"center\">\n<table bgcolor =\"F0FAFF\" border=1>\n<tbody>\n<tr>\n<td width=160><font color=\"0020FF\">Dimanche 4 juillet<\/font><\/td>\n<td><font color=\"0020FF\">10h30 : Cr\u00e9cy et Mainsoncelles.<\/font><\/td>\n<\/tr>\n<tr>\n<td ><font color=\"00D000\">Dimanche 11 juillet<\/font><\/td>\n<td><font color=\"00D000\">10h30 : Cr\u00e9cy et Vaucourtois.<br \/>\n<\/font><\/td>\n<\/tr>\n<tr>\n<td><font color=\"0020FF\">Dimanche 18 juillet<\/font><\/td>\n<td><font color=\"0020FF\">9h : Cr\u00e9cy ; 10h30 : Bouleurs et Pierre-Lev\u00e9e<\/font><\/td>\n<\/tr>\n<tr>\n<td><font color=\"00D000\">Dimanche 25 juillet<\/font><\/td>\n<td><font color=\"00D000\">10h30 : Cr\u00e9cy, Coulommes et Sancy.<\/font><\/td>\n<\/tr>\n<tr>\n<td><font color=\"0020FF\">Dimanche 1 aout<\/font><\/td>\n<td><font color=\"0020FF\">9h : Cr\u00e9cy ; 10h30 : Vaucourtois<\/font><\/td>\n<\/tr>\n<tr>\n<td><font color=\"00D000\">Dimanche 8 aout<\/font><\/td>\n<td><font color=\"00D000\">9h &#8211; Cr\u00e9cy ; 10h30 : Vaucourtois, Maisoncelles<\/font><\/td>\n<\/tr>\n<tr>\n<td><font color=\"0020FF\">Dimanche 15 aout<\/font><\/td>\n<td><font color=\"0020FF\">10h30 : Cr\u00e9cy et Sancy<\/font><\/td>\n<\/tr>\n<tr>\n<td><font color=\"00D00\">Dimanche 22 aout<\/font><\/td>\n<td><font color=\"00D000\">9h : Cr\u00e9cy ; 10h30 : Bouleurs et La Haute-Maison<\/font><\/td>\n<\/tr>\n<tr>\n<td><font color=\"0020FF\">Dimanche 29 aout<\/font><\/td>\n<td><font color=\"0020FF\">10h30 : Cr\u00e9cy, Coulommes et Pierre-Lev\u00e9e<\/font><\/td>\n<\/tr>\n<\/tbody>\n<\/table>\n<\/div>\n","protected":false},"excerpt":{"rendered":"<p>Voici les horaires des messes en juillet et aout sur le secteur Cr\u00e9cy et environs. Vous pouvez \u00e9galement t\u00e9l\u00e9charger l&rsquo;ensemble des horaires du P\u00f4le de Meaux. Dimanche 4 juillet 10h30 : Cr\u00e9cy et Mainsoncelles.&#46;&#46;&#46;<\/p>\n","protected":false},"author":2,"featured_media":0,"comment_status":"open","ping_status":"open","sticky":false,"template":"","format":"standard","meta":{"footnotes":""},"categories":[],"tags":[],"class_list":["post-259","post","type-post","status-publish","format-standard","hentry"],"_links":{"self":[{"href":"http:\/\/www.chapelle-crecy.com\/index.php?rest_route=\/wp\/v2\/posts\/259","targetHints":{"allow":["GET"]}}],"collection":[{"href":"http:\/\/www.chapelle-crecy.com\/index.php?rest_route=\/wp\/v2\/posts"}],"about":[{"href":"http:\/\/www.chapelle-crecy.com\/index.php?rest_route=\/wp\/v2\/types\/post"}],"author":[{"embeddable":true,"href":"http:\/\/www.chapelle-crecy.com\/index.php?rest_route=\/wp\/v2\/users\/2"}],"replies":[{"embeddable":true,"href":"http:\/\/www.chapelle-crecy.com\/index.php?rest_route=%2Fwp%2Fv2%2Fcomments&post=259"}],"version-history":[{"count":0,"href":"http:\/\/www.chapelle-crecy.com\/index.php?rest_route=\/wp\/v2\/posts\/259\/revisions"}],"wp:attachment":[{"href":"http:\/\/www.chapelle-crecy.com\/index.php?rest_route=%2Fwp%2Fv2%2Fmedia&parent=259"}],"wp:term":[{"taxonomy":"category","embeddable":true,"href":"http:\/\/www.chapelle-crecy.com\/index.php?rest_route=%2Fwp%2Fv2%2Fcategories&post=259"},{"taxonomy":"post_tag","embeddable":true,"href":"http:\/\/www.chapelle-crecy.com\/index.php?rest_route=%2Fwp%2Fv2%2Ftags&post=259"}],"curies":[{"name":"wp","href":"https:\/\/api.w.org\/{rel}","templated":true}]}}