{"id":260,"date":"2010-06-27T12:06:00","date_gmt":"2010-06-27T12:06:00","guid":{"rendered":""},"modified":"-0001-11-30T00:00:00","modified_gmt":"-0001-11-29T22:00:00","slug":"","status":"publish","type":"post","link":"http:\/\/www.chapelle-crecy.com\/?p=260","title":{"rendered":"Annonces de la semaine du 28 juin au 4 juillet 2010"},"content":{"rendered":"<table bgcolor =\"F0FAFF\" border=0>\n<tbody>\n<tr>\n<td>\n<div align=\"justify\">\n<div \"178\">Voici les annonces de la semaine du lundi 28 juin au dimanche 4 juillet pour la paroisse des 3 clochers Cr\u00e9cy-la-Chapelle, Villiers-sur-Morin, Voulangis.<br \/>\nSamedi 3 : 18h30 messe \u00e0\u00a0 Villiers.<br \/>\nDimanche 4 : 10h30 messe \u00e0\u00a0 Cr\u00e9cy.<br \/>\nTout le programme d\u00e9taill\u00e9 dans la suite &#8230; <\/div>\n<\/div>\n<\/td>\n<\/tr>\n<\/tbody>\n<\/table>\n<table bgcolor =\"F0F6FF\" border=0>\n<tbody>\n<tr>\n<td width=\"25%\"><font color=\"00CC00\">Lundi 28 juin<\/font><\/td>\n<td width=\"40%\"><font color=\"00CC00\"><\/p>\n<div align=\"center\"><img decoding=\"async\" src=\"\/IMG\/gif\/bibles004.gif\"><\/div>\n<p><\/font><\/td>\n<td><font color=\"00CC00\">17 h &#8211; Messe \u00e0 la maison de retraite pour la famille LEROY.<font><\/td>\n<\/tr>\n<tr>\n<td width=\"25%\"><font color=\"0020FF\">Mardi 29 juin<\/font><\/td>\n<td><font color=\"0020FF\">18 h &#8211; Messe pour Roger LABARRE et Julien GONZALES.<font><\/td>\n<td width=\"40%\"><font color=\"0020FF\"><\/p>\n<div align=\"center\"><img decoding=\"async\" src=\"\/IMG\/gif\/coupes004.gif\"><\/div>\n<p><\/font><\/td>\n<\/tr>\n<tr>\n<td width=\"25%\"><font color=\"802020\">Mercredi 30 juin<\/font><\/td>\n<td width=\"40%\"><font color=\"802020\"><\/p>\n<div align=\"center\"><img decoding=\"async\" src=\"\/IMG\/gif\/lumiere_65.gif\"><\/div>\n<p><\/font><\/td>\n<td width=\"40%\"><font color=\"802020\">18 h  Messe  pour Gilbert CAPITAINE et Henriette TUFFIN .<\/font><\/td>\n<\/tr>\n<tr>\n<td width=\"25%\"><font color=\"00CC00\">Jeudi 1er juillet.<\/font><\/td>\n<td width=\"40%\"><font color=\"00CC00\">9 h : Messe  pour  Germaine BASCHET et Adrien HERVIN.<\/font><\/td>\n<td width=\"40%\"><font color=\"00CC00\"><\/p>\n<div align=\"center\">\n<div align=\"center\"><img decoding=\"async\" src=\"\/IMG\/lieux\/stgeorges01.jpg\" width=150><\/div>\n<p><\/font><\/td>\n<\/tr>\n<tr>\n<td width=\"25%\"><font color=\"0020FF\">Vendredi 2 juillet<\/font><\/td>\n<td width=\"40%\"><font color=\"0020FF\"><\/p>\n<div align=\"center\"><img decoding=\"async\" src=\"\/IMG\/gif\/cross.gif\"><\/div>\n<p><\/font><\/td>\n<td width=\"40%\"><font color=\"0020FF\">18 h : Messe pour les Ames du Purgatoire.<\/font><\/td>\n<\/tr>\n<tr>\n<td><font color=\"802020\">Samedi 26 juin<\/font><\/td>\n<td><font color=\"802020\">14 h 30 : \u00e0 Voulangis : Mariage de Fabien COLLET et Gladys CARLOS.<br \/>\n16 h : \u00e0 Villiers : Mariage de Mikael LEPEYRE et Cindy GERARD.<\/font><\/td>\n<td><font color=\"802020\">16 h : \u00e0 Voulangis : Mariage de Patrick LOPEZ et Catherine PERCEAU.<br \/>\n18h30 :  \u00e0 Villiers Messe pour Andr\u00e9 DESMARETS.<\/font><\/td>\n<\/tr>\n<tr>\n<td><font color=\"00CC00\">Dimanche 4 juillet.<\/font><\/td>\n<td><font color=\"00CC00\">10h30 :  Messe \u00e0 Cr\u00e9cy pour Andr\u00e9e REYDEL, pour la Famille REYDEL, ainsi que pour la Famille RONDEL.<\/font><\/td>\n<td><font color=\"00CC00\">Rappel : Le P\u00e8lerinage Dioc\u00e9sain aura lieu du 5\/07 au 10\/07 2010.<\/div>\n<p><\/font><\/td>\n<\/tr>\n<\/tbody>\n<\/table>\n","protected":false},"excerpt":{"rendered":"<p>Voici les annonces de la semaine du lundi 28 juin au dimanche 4 juillet pour la paroisse des 3 clochers Cr\u00e9cy-la-Chapelle, Villiers-sur-Morin, Voulangis. Samedi 3 : 18h30 messe \u00e0\u00a0 Villiers. Dimanche 4 : 10h30&#46;&#46;&#46;<\/p>\n","protected":false},"author":2,"featured_media":0,"comment_status":"open","ping_status":"open","sticky":false,"template":"","format":"standard","meta":{"footnotes":""},"categories":[],"tags":[],"class_list":["post-260","post","type-post","status-publish","format-standard","hentry"],"_links":{"self":[{"href":"http:\/\/www.chapelle-crecy.com\/index.php?rest_route=\/wp\/v2\/posts\/260","targetHints":{"allow":["GET"]}}],"collection":[{"href":"http:\/\/www.chapelle-crecy.com\/index.php?rest_route=\/wp\/v2\/posts"}],"about":[{"href":"http:\/\/www.chapelle-crecy.com\/index.php?rest_route=\/wp\/v2\/types\/post"}],"author":[{"embeddable":true,"href":"http:\/\/www.chapelle-crecy.com\/index.php?rest_route=\/wp\/v2\/users\/2"}],"replies":[{"embeddable":true,"href":"http:\/\/www.chapelle-crecy.com\/index.php?rest_route=%2Fwp%2Fv2%2Fcomments&post=260"}],"version-history":[{"count":0,"href":"http:\/\/www.chapelle-crecy.com\/index.php?rest_route=\/wp\/v2\/posts\/260\/revisions"}],"wp:attachment":[{"href":"http:\/\/www.chapelle-crecy.com\/index.php?rest_route=%2Fwp%2Fv2%2Fmedia&parent=260"}],"wp:term":[{"taxonomy":"category","embeddable":true,"href":"http:\/\/www.chapelle-crecy.com\/index.php?rest_route=%2Fwp%2Fv2%2Fcategories&post=260"},{"taxonomy":"post_tag","embeddable":true,"href":"http:\/\/www.chapelle-crecy.com\/index.php?rest_route=%2Fwp%2Fv2%2Ftags&post=260"}],"curies":[{"name":"wp","href":"https:\/\/api.w.org\/{rel}","templated":true}]}}