{"id":261,"date":"2010-07-02T11:00:36","date_gmt":"2010-07-02T11:00:36","guid":{"rendered":""},"modified":"-0001-11-30T00:00:00","modified_gmt":"-0001-11-29T22:00:00","slug":"","status":"publish","type":"post","link":"http:\/\/www.chapelle-crecy.com\/?p=261","title":{"rendered":"Assembl\u00e9e paroissiale \u00e0\u00a0 Cr\u00e9cy"},"content":{"rendered":"<table bgcolor =\"F0FAFF\" border=0>\n<tbody>\n<tr>\n<td>\n<div align=\"justify\">\n<div \"179\">L&rsquo;Equipe d&rsquo;Animation Paroissiale (EAP) de Cr\u00e9cy avait choisi ce dernier dimanche ensoleill\u00e9 du mois de juin pour organiser sa premi\u00e8re assembl\u00e9e paroissiale. L&rsquo;id\u00e9e \u00e9tait de r\u00e9unir les paroissiens du secteur des 3 clochers et tous ceux qui le souhaitaient pour se retrouver autour de nos pr\u00eatres le P\u00e8re Jean-Claude Marjou et le p\u00e8re Aim\u00e9. Apr\u00e8s une magnifique  messe d&rsquo;Action de Gr ces, nous \u00e9tions une bonne quarantaine de convives \u00e0\u00a0 partager quelques grillades, avant d&rsquo;\u00e9couter, dans la fraicheur agr\u00e9able de l&rsquo;\u00e9glise St Georges, nos conf\u00e9renciers du jour. Rappel des moments cl\u00e9s de cette m\u00e9morable rencontre fraternelle.<\/div>\n<\/div>\n<\/td>\n<\/tr>\n<\/tbody>\n<\/table>\n<div align=\"justify\">La messe d&rsquo;Actions de Gr\u00e2ces est une c\u00e9l\u00e9bration o\u00f9 l&rsquo;on dit Merci au Seigneur.<br \/>\n Cette eucharistie est un temps privil\u00e9gi\u00e9, pour toute la paroisse, de remercier le Seigneur notre Dieu pour tout ce qu&rsquo;il a fait pour nous pendant cette ann\u00e9e qui vient de s&rsquo;\u00e9couler. Pour chacun de nous, il s&rsquo;agit de s&rsquo;arr\u00eater un instant pour se tourner vers le Seigneur. Que nous ayons re\u00e7us un sacrement (bapt\u00eame, confirmation, r\u00e9conciliation, mariage, etc.), une b\u00e9n\u00e9diction, de la joie \u00e0 travers une rencontre ou une visite, le pardon suite \u00e0 une blessure, les occasions de rendre gloire \u00e0 Dieu sont nombreuses, si on y r\u00e9fl\u00e9chit bien !  Voici, sous forme de pri\u00e8re, les intentions qui ont \u00e9t\u00e9 formul\u00e9es au cours de cette messe.<\/p>\n<p>                                              <doc135><\/p>\n<p> A chaque intention de pri\u00e8re, un membre de l&rsquo;\u00e9quipe venait d\u00e9poser une fleur au pied de l&rsquo;Autel, qui symbolise le Christ.<\/p>\n<p> La cat\u00e9ch\u00e8se des enfants :<br \/>\n Ce fut une ann\u00e9e b\u00e9nie de voir tous ces jeunes attentifs et heureux de faire ta connaissance \u00e0 travers Ta Parole, la pri\u00e8re, les c\u00e9l\u00e9brations liturgiques, les temps de retraite v\u00e9cus dans la joie et la fraternit\u00e9. Un grand merci pour la rencontre avec leurs parents, toujours coop\u00e9rative<br \/>\net pleine de v\u00e9rit\u00e9. Merci Seigneur pour les 19 communiants du 6 juin, pour Charline et Robin qui font aujourd&rsquo;hui la m\u00eame exp\u00e9rience, celle de te recevoir pour la premi\u00e8re fois. <\/p>\n<p>                                              <doc137><\/p>\n<p> Merci Seigneur, pour l&rsquo;ann\u00e9e v\u00e9cue avec les enfants de premi\u00e8re et deuxi\u00e8me ann\u00e9e, pour l&rsquo;aide apport\u00e9e par les mamans qui ont donn\u00e9 un peu de leur temps chaque semaine, Fabienne, les deux Isilda et Ren\u00e9e.<br \/>\n Acclamons Dieu pour les gr\u00e2ces qu&rsquo;Il donne \u00e0 son Eglise !<\/p>\n<p> Le cat\u00e9 des enfants de 3\u00e8me et 4 \u00e8me ann\u00e9e:<br \/>\n  MERCI pour ce temps de retraite et ces belles c\u00e9l\u00e9brations de profession de foi ! Quatre ann\u00e9es de rencontres autour de Toi, Seigneur, ont permis \u00e0 ces jeunes de grandir dans la foi, de<br \/>\nconstruire leur futur sur le roc, celui de Ta Parole, de l&rsquo;amour fraternel partag\u00e9.<br \/>\n Acclamons Dieu pour les gr\u00e2ces qu&rsquo;il donne \u00e0 son Eglise !<\/p>\n<p>                                            <doc139><\/p>\n<p> L&rsquo;\u00e9quipe de pr\u00e9paration aux bapt\u00eames:<br \/>\n Seigneur, nous retirons une grande joie de nos rencontres avec les familles qui ont choisi de demander le bapt\u00eame pour leur enfant. Ce temps de partage, m\u00eame s&rsquo;il est relativement court, nous permet, au travers des \u00e9changes de nous questionner nous m\u00eame sur notre foi, la fa\u00e7on que nous avons de la vivre, de la faire partager. Notre t\u00e9moignage, Seigneur nous fait r\u00e9aliser de plus en plus<br \/>\ntout l&rsquo;amour que Tu as pour tous et chacun d&rsquo;entre nous. Un mot, un sourire, une poign\u00e9e de mains au moment du d\u00e9part, c&rsquo;est aussi Ta pr\u00e9sence \u00e0 nos c\u00f4t\u00e9s. Avec les parents, parrains et marraines<br \/>\nqui vont accompagner ces enfants sur leur chemin vers Toi, nous te remercions Seigneur pour cette trentaine d&rsquo;enfants de nos villages baptis\u00e9s cette ann\u00e9e !<\/p>\n<p> Le cat\u00e9chum\u00e9nat ou la cat\u00e9ch\u00e8se des adultes:<br \/>\n Seigneur, comment ne pas te remercier pour tous les moments de partage v\u00e9cus par l&rsquo;\u00e9quipe du cat\u00e9chum\u00e9nat avec Micha\u00ebl, pour la joie que nous avons eu de le voir cheminer, d\u00e9couvrir Ta Parole de Vie, pour toutes les \u00e9tapes, les conversions qu&rsquo;il l&rsquo;ont men\u00e9es jusqu&rsquo;au bapt\u00eame, la nuit de P\u00e2ques. Qu&rsquo;il continue la route en ta pr\u00e9sence soutenue par une communaut\u00e9 vivante et fraternelle !<br \/>\n Pour tout cela, acclamons notre Dieu pour les gr\u00e2ces qu&rsquo;il donne \u00e0 son Eglise !<\/p>\n<p>                                            <doc142><\/p>\n<p> L&rsquo;\u00e9quipes des fun\u00e9railles:<br \/>\n L&rsquo;\u00e9quipe d&rsquo;accompagnement des familles en deuil ont aussi envie de te rendre gr\u00e2ce, Seigneur ! Lors des rencontres en \u00e9tat de souffrance par la disparition d&rsquo;un \u00eatre cher, les gens attendent avant tout de pouvoir s&rsquo;exprimer et \u00eatre \u00e9cout\u00e9s. Merci Seigneur des ces \u00e9changes si riches qui nous \u00e9vang\u00e9lisent r\u00e9ciproquement.<br \/>\n P\u00e8re, nous t&rsquo;acclamons pour les gr\u00e2ces que tu donnes \u00e0 ton Eglise !<\/p>\n<p> L&rsquo;\u00e9quipe du MEJ (Mouvement Eucharistique des Jeunes)<br \/>\n Nous voulons te louer Seigneur pour les b\u00e9n\u00e9voles (Laetitia, Laurence, etc.) qui se d\u00e9vouent aupr\u00e8s des jeunes. Merci Seigneur d&rsquo;avoir mis sur le chemin du MEJ des jeunes qui veulent te d\u00e9couvrir davantage. Merci pour les rassemblements et week end v\u00e9cus avec d&rsquo;autres jeunes, ce qui leur a permis d&rsquo;apprendre \u00e0 mieux se conna \u00eetre pour mieux vivre ensemble.<\/p>\n<p> Les jeunes de l&rsquo;aum\u00f4nerie:<br \/>\n Nous te rendons gr\u00e2ce Seigneur pour tout ce qui s&rsquo;est v\u00e9cu encore cette ann\u00e9e en aum\u00f4nerie. Pour le FRAT de Lourdes, temps fort de ressourcement et de joie pour tant de jeunes !<br \/>\n Acclamons Dieu pour les gr\u00e2ces qu&rsquo;il donne \u00e0 son Eglise !<\/p>\n<p>                                              <doc136><\/p>\n<p> Les \u00e9quipes de solidarit\u00e9:<br \/>\n Pour toutes les personnes rencontr\u00e9es cette ann\u00e9e, dans le domaine de la solidarit\u00e9 que ce soit par le biais du Secours Catholique, du service de visite aux malades, de l&rsquo;association Lourdes Cancer Esp\u00e9rance , nous te louons Seigneur !<br \/>\n Acclamons notre Dieu pour les gr\u00e2ces qu&rsquo;il donne \u00e0 son Eglise !<\/p>\n<p>                                               <doc141><\/p>\n<p>                                               <doc140><\/p>\n<p> L&rsquo;animation pastorale:<br \/>\n Nous te remercions Seigneur, pour tout le travail accompli par l&rsquo;EAP cette ann\u00e9e, pour les pr\u00eatres qui nous ont accompagn\u00e9s, pour l&rsquo;\u00e9quipe qui travaille aux affaires \u00e9conomiques et mat\u00e9rielles, pour<br \/>\nLucette notre secr\u00e9taire, sans qui nous ne retrouverions pas les traces de tous les \u00e9v\u00e8nements qui ont lieu dans notre secteur pastoral .<br \/>\n Acclamons notre Dieu pour toutes les gr\u00e2ces re\u00e7ues cette ann\u00e9e !<\/p>\n<p> La journ\u00e9e s&rsquo;est donc poursuivie par un repas partag\u00e9 o\u00f9 r\u00e9gnait une ambiance tr\u00e8s conviviale. Puis, dans l&rsquo;\u00e9glise, nous nous sommes tous retrouv\u00e9s autour de conf\u00e9renciers pour aborder les grandes orientations de la cat\u00e9ch\u00e8se \u00e0 venir d&rsquo;une part, et dresser un bilan de l&rsquo;ann\u00e9e \u00e9coul\u00e9e par les diff\u00e9rents membres de l&rsquo;EAP. Les compte-rendus de ces diff\u00e9rentes interventions feront l&rsquo;objet d&rsquo;un prochain article.\n<\/p><\/div>\n<p>                                              <doc138><\/p>\n","protected":false},"excerpt":{"rendered":"<p>L&rsquo;Equipe d&rsquo;Animation Paroissiale (EAP) de Cr\u00e9cy avait choisi ce dernier dimanche ensoleill\u00e9 du mois de juin pour organiser sa premi\u00e8re assembl\u00e9e paroissiale. L&rsquo;id\u00e9e \u00e9tait de r\u00e9unir les paroissiens du secteur des 3 clochers et&#46;&#46;&#46;<\/p>\n","protected":false},"author":2,"featured_media":0,"comment_status":"open","ping_status":"open","sticky":false,"template":"","format":"standard","meta":{"footnotes":""},"categories":[],"tags":[],"class_list":["post-261","post","type-post","status-publish","format-standard","hentry"],"_links":{"self":[{"href":"http:\/\/www.chapelle-crecy.com\/index.php?rest_route=\/wp\/v2\/posts\/261","targetHints":{"allow":["GET"]}}],"collection":[{"href":"http:\/\/www.chapelle-crecy.com\/index.php?rest_route=\/wp\/v2\/posts"}],"about":[{"href":"http:\/\/www.chapelle-crecy.com\/index.php?rest_route=\/wp\/v2\/types\/post"}],"author":[{"embeddable":true,"href":"http:\/\/www.chapelle-crecy.com\/index.php?rest_route=\/wp\/v2\/users\/2"}],"replies":[{"embeddable":true,"href":"http:\/\/www.chapelle-crecy.com\/index.php?rest_route=%2Fwp%2Fv2%2Fcomments&post=261"}],"version-history":[{"count":0,"href":"http:\/\/www.chapelle-crecy.com\/index.php?rest_route=\/wp\/v2\/posts\/261\/revisions"}],"wp:attachment":[{"href":"http:\/\/www.chapelle-crecy.com\/index.php?rest_route=%2Fwp%2Fv2%2Fmedia&parent=261"}],"wp:term":[{"taxonomy":"category","embeddable":true,"href":"http:\/\/www.chapelle-crecy.com\/index.php?rest_route=%2Fwp%2Fv2%2Fcategories&post=261"},{"taxonomy":"post_tag","embeddable":true,"href":"http:\/\/www.chapelle-crecy.com\/index.php?rest_route=%2Fwp%2Fv2%2Ftags&post=261"}],"curies":[{"name":"wp","href":"https:\/\/api.w.org\/{rel}","templated":true}]}}