{"id":262,"date":"2010-07-04T17:12:23","date_gmt":"2010-07-04T17:12:23","guid":{"rendered":""},"modified":"-0001-11-30T00:00:00","modified_gmt":"-0001-11-29T22:00:00","slug":"","status":"publish","type":"post","link":"http:\/\/www.chapelle-crecy.com\/?p=262","title":{"rendered":"Annonces de la semaine du 5 au 11 juillet 2010"},"content":{"rendered":"<table bgcolor =\"F0FAFF\" border=0>\n<tbody>\n<tr>\n<td>\n<div align=\"justify\">\n<div \"180\">Voici les annonces de la semaine du lundi 5 au dimanche 11 juillet pour la paroisse des 3 clochers Cr\u00e9cy-la-Chapelle, Villiers-sur-Morin, Voulangis.<br \/>\nDimanche 11 : 10h30 messe \u00e0\u00a0 Cr\u00e9cy.<br \/>\nTout le programme d\u00e9taill\u00e9 dans la suite &#8230; <\/div>\n<\/div>\n<\/td>\n<\/tr>\n<\/tbody>\n<\/table>\n<table bgcolor =\"F0F6FF\" border=0>\n<tbody>\n<tr>\n<td width=\"25%\"><font color=\"00CC00\">Lundi 5 juillet<\/font><\/td>\n<td width=\"40%\"><font color=\"00CC00\">16 h &#8211; A Cr\u00e9cy, Obs\u00e8ques  de Jos\u00e9 DE ABREU <\/font><\/td>\n<td><font color=\"00CC00\">17 h &#8211; Messe \u00e0 la maison de retraite.<font><\/td>\n<\/tr>\n<tr>\n<td width=\"25%\"><font color=\"0020FF\">Mardi 6 juillet<\/font><\/td>\n<td><font color=\"0020FF\">18 h &#8211; messe pour Georges PIGEON et Alain VASSEUR.<font><\/td>\n<td width=\"40%\"><font color=\"0020FF\"><\/p>\n<div align=\"center\"><img decoding=\"async\" src=\"\/IMG\/gif\/coupes004.gif\"><\/div>\n<p><\/font><\/td>\n<\/tr>\n<tr>\n<td width=\"25%\"><font color=\"802020\">Mercredi 7 juillet<\/font><\/td>\n<td width=\"40%\"><font color=\"802020\"><\/p>\n<div align=\"center\"><img decoding=\"async\" src=\"\/IMG\/gif\/lumiere_65.gif\"><\/div>\n<p><\/font><\/td>\n<td width=\"40%\"><font color=\"802020\">9 h &#8211; messe pour H\u00e9l\u00e8ne DUBESSET et Robert THEVENIN.<\/font><\/td>\n<\/tr>\n<tr>\n<td width=\"25%\"><font color=\"00CC00\">Jeudi 8 juillet.<\/font><\/td>\n<td width=\"40%\"><font color=\"00CC00\">18 h, Messe pour Odette BRENARD et Thierry GUY.<\/font><\/td>\n<td width=\"40%\"><font color=\"00CC00\"><\/p>\n<div align=\"center\">\n<div align=\"center\"><img decoding=\"async\" src=\"\/IMG\/lieux\/stgeorges01.jpg\" width=150><\/div>\n<p><\/font><\/td>\n<\/tr>\n<tr>\n<td width=\"25%\"><font color=\"0020FF\">Vendredi 9 juillet<\/font><\/td>\n<td width=\"40%\"><font color=\"0020FF\"><\/p>\n<div align=\"center\"><img decoding=\"async\" src=\"\/IMG\/gif\/cross.gif\"><\/div>\n<p><\/font><\/td>\n<td width=\"40%\"><font color=\"0020FF\">9 h &#8211; Messe  pour Simone BOUTE et Marie-Th\u00e9r\u00e8se DOMISE.<\/font><\/td>\n<\/tr>\n<tr>\n<td><font color=\"802020\">Samedi 10 juillet<\/font><\/td>\n<td><font color=\"802020\">16 h &#8211; \u00e0 Cr\u00e9cy, Mariage de Fr\u00e9d\u00e9rique BOTAS et St\u00e9phanie GUEGAN.<\/font><\/td>\n<td><font color=\"802020\">16h30 &#8211; \u00e0 la Coll\u00e9giale, Mariage de Rapha\u00ebl TUIL et Jos\u00e9phine ACKER.<\/font><\/td>\n<\/tr>\n<tr>\n<td><font color=\"00CC00\">Dimanche 11 juillet.<\/font><\/td>\n<td><font color=\"00CC00\">10h30 :  Messe \u00e0 Cr\u00e9cy pourJos\u00e9 DE ABREU.<\/font><\/td>\n<td><font color=\"00CC00\">Bapt\u00eames de Noel DOS SANTOS, M\u00e9lissa COMBREYROUX et Lou DUFOUR.<\/div>\n<p><\/font><\/td>\n<\/tr>\n<\/tbody>\n<\/table>\n","protected":false},"excerpt":{"rendered":"<p>Voici les annonces de la semaine du lundi 5 au dimanche 11 juillet pour la paroisse des 3 clochers Cr\u00e9cy-la-Chapelle, Villiers-sur-Morin, Voulangis. Dimanche 11 : 10h30 messe \u00e0\u00a0 Cr\u00e9cy. Tout le programme d\u00e9taill\u00e9 dans&#46;&#46;&#46;<\/p>\n","protected":false},"author":2,"featured_media":0,"comment_status":"open","ping_status":"open","sticky":false,"template":"","format":"standard","meta":{"footnotes":""},"categories":[],"tags":[],"class_list":["post-262","post","type-post","status-publish","format-standard","hentry"],"_links":{"self":[{"href":"http:\/\/www.chapelle-crecy.com\/index.php?rest_route=\/wp\/v2\/posts\/262","targetHints":{"allow":["GET"]}}],"collection":[{"href":"http:\/\/www.chapelle-crecy.com\/index.php?rest_route=\/wp\/v2\/posts"}],"about":[{"href":"http:\/\/www.chapelle-crecy.com\/index.php?rest_route=\/wp\/v2\/types\/post"}],"author":[{"embeddable":true,"href":"http:\/\/www.chapelle-crecy.com\/index.php?rest_route=\/wp\/v2\/users\/2"}],"replies":[{"embeddable":true,"href":"http:\/\/www.chapelle-crecy.com\/index.php?rest_route=%2Fwp%2Fv2%2Fcomments&post=262"}],"version-history":[{"count":0,"href":"http:\/\/www.chapelle-crecy.com\/index.php?rest_route=\/wp\/v2\/posts\/262\/revisions"}],"wp:attachment":[{"href":"http:\/\/www.chapelle-crecy.com\/index.php?rest_route=%2Fwp%2Fv2%2Fmedia&parent=262"}],"wp:term":[{"taxonomy":"category","embeddable":true,"href":"http:\/\/www.chapelle-crecy.com\/index.php?rest_route=%2Fwp%2Fv2%2Fcategories&post=262"},{"taxonomy":"post_tag","embeddable":true,"href":"http:\/\/www.chapelle-crecy.com\/index.php?rest_route=%2Fwp%2Fv2%2Ftags&post=262"}],"curies":[{"name":"wp","href":"https:\/\/api.w.org\/{rel}","templated":true}]}}