{"id":266,"date":"2010-08-10T15:29:00","date_gmt":"2010-08-10T15:29:00","guid":{"rendered":""},"modified":"-0001-11-30T00:00:00","modified_gmt":"-0001-11-29T22:00:00","slug":"","status":"publish","type":"post","link":"http:\/\/www.chapelle-crecy.com\/?p=266","title":{"rendered":"Annonces pour la p\u00e9riode du 9 au 22 aout 2010"},"content":{"rendered":"<table bgcolor =\"F0FAFF\" border=0>\n<tbody>\n<tr>\n<td>\n<div align=\"justify\">\n<div \"184\">Voici les annonces de la p\u00e9riode du lundi 9 au dimanche 22 aout pour la paroisse des 3 clochers Cr\u00e9cy-la-Chapelle, Villiers-sur-Morin, Voulangis.<br \/>\nDimanche 15 aout : 10 h 30 messe \u00e0\u00a0 la Coll\u00e9giale.<br \/>\nDimanche 22 aout : 9 h 00 messe \u00e0\u00a0 Cr\u00e9cy.<br \/>Tout le programme d\u00e9taill\u00e9 dans la suite &#8230; <\/div>\n<\/div>\n<\/td>\n<\/tr>\n<\/tbody>\n<\/table>\n<p>Lundi 9 ao\u00fbt :          17 h  &#8211; C\u00e9l\u00e9bration  \u00e0 la Maison de Retraite <\/p>\n<p>***<\/p>\n<p> Mardi 10 ao\u00fbt : 9 h : &#8211;  Messe \u00e0 Cr\u00e9cy pour  Ren\u00e9 et Lucienne CHARPIGNON<\/p>\n<p>***<\/p>\n<p> Mercredi 11 ao\u00fbt : 18 h &#8211; Messe \u00e0 Cr\u00e9cy pour  Simone RAYER  et Rina CARPANEDO<\/p>\n<p>***<\/p>\n<p> Jeudi 12 ao\u00fbt : 18 h &#8211; Messe \u00e0 Cr\u00e9cy pour la famille THION-MUNIER<\/p>\n<p>vendredi et samedi, pas de Messe en paroisse<\/p>\n<p>***<\/p>\n<p><b>Dimanche 15 ao\u00fbt : 10 h 30 &#8211; Solennit\u00e9 de l&rsquo;Assomption \u00e0 la Coll\u00e9giale avec une intention particuli\u00e8re pour Ir\u00e8ne BENOIST<\/b><\/p>\n<p>du 16 au 21 aout, il n&rsquo;y aura pas de Messe en paroisse  <\/p>\n<p>***<\/p>\n<p>Dimanche 22 ao\u00fbt: 9 h -Messe \u00e0 Cr\u00e9cy pour Jos\u00e9phine et Henri COLLEU<\/p>\n","protected":false},"excerpt":{"rendered":"<p>Voici les annonces de la p\u00e9riode du lundi 9 au dimanche 22 aout pour la paroisse des 3 clochers Cr\u00e9cy-la-Chapelle, Villiers-sur-Morin, Voulangis. Dimanche 15 aout : 10 h 30 messe \u00e0\u00a0 la Coll\u00e9giale. Dimanche&#46;&#46;&#46;<\/p>\n","protected":false},"author":2,"featured_media":0,"comment_status":"open","ping_status":"open","sticky":false,"template":"","format":"standard","meta":{"footnotes":""},"categories":[],"tags":[],"class_list":["post-266","post","type-post","status-publish","format-standard","hentry"],"_links":{"self":[{"href":"http:\/\/www.chapelle-crecy.com\/index.php?rest_route=\/wp\/v2\/posts\/266","targetHints":{"allow":["GET"]}}],"collection":[{"href":"http:\/\/www.chapelle-crecy.com\/index.php?rest_route=\/wp\/v2\/posts"}],"about":[{"href":"http:\/\/www.chapelle-crecy.com\/index.php?rest_route=\/wp\/v2\/types\/post"}],"author":[{"embeddable":true,"href":"http:\/\/www.chapelle-crecy.com\/index.php?rest_route=\/wp\/v2\/users\/2"}],"replies":[{"embeddable":true,"href":"http:\/\/www.chapelle-crecy.com\/index.php?rest_route=%2Fwp%2Fv2%2Fcomments&post=266"}],"version-history":[{"count":0,"href":"http:\/\/www.chapelle-crecy.com\/index.php?rest_route=\/wp\/v2\/posts\/266\/revisions"}],"wp:attachment":[{"href":"http:\/\/www.chapelle-crecy.com\/index.php?rest_route=%2Fwp%2Fv2%2Fmedia&parent=266"}],"wp:term":[{"taxonomy":"category","embeddable":true,"href":"http:\/\/www.chapelle-crecy.com\/index.php?rest_route=%2Fwp%2Fv2%2Fcategories&post=266"},{"taxonomy":"post_tag","embeddable":true,"href":"http:\/\/www.chapelle-crecy.com\/index.php?rest_route=%2Fwp%2Fv2%2Ftags&post=266"}],"curies":[{"name":"wp","href":"https:\/\/api.w.org\/{rel}","templated":true}]}}