{"id":268,"date":"2010-08-23T14:35:37","date_gmt":"2010-08-23T14:35:37","guid":{"rendered":""},"modified":"2024-07-10T23:12:46","modified_gmt":"2024-07-10T21:12:46","slug":"camp-dete-2010-des-scouts-de-la-brie","status":"publish","type":"post","link":"http:\/\/www.chapelle-crecy.com\/?p=268","title":{"rendered":"Camp d&rsquo;\u00e9t\u00e9 2010 des scouts de la Brie"},"content":{"rendered":"<table bgcolor =\"F0FAFF\" border=0>\n<tbody>\n<tr>\n<td>\n<div align=\"justify\">\n<div \"186\">Apr\u00e8s une reconnaissance de diff\u00e9rents lieux (Bretagne, Mayenne et Ile de France) le mois de mai, nous nous sommes d\u00e9cid\u00e9s pour un lieu de camp pr\u00e8s de Chartres.<br \/> <br \/>\nPlus la date de d\u00e9part du 5 juillet approchait, plus la f\u00e9brilit\u00e9 augmentait Car il ne faillait rien oublier : tente et b ches, outils de construction, mat\u00e9riel de cuisine, d\u00e9guisements pour les veill\u00e9es, mat\u00e9riel de topographie la cantine \u00e9tait bien pleine.<\/div>\n<\/td>\n<\/tr>\n<\/tbody>\n<\/table>\n<p>D\u00e8s l&rsquo;arriv\u00e9e, nous avons eu 3 jours pour monter notre coin de patrouille : tente \u00e0 \u00e9tage avec des hamacs pour dormir, table \u00e0 feu pour faire la cuisine, table et bancs pour manger, vaisselier pour ranger, sans oublier le portail d&rsquo;entr\u00e9e !<\/p>\n<div align=\"center\">\n<img decoding=\"async\" src=\"\/IMG\/scouts\/Camp_ete_2010_246.jpg\" width=400>\n<\/div>\n<table>\n<tbody>\n<tr>\n<td>\nEnsuite, pendant 2 jours, ce fut le montage du mat des couleurs (plus de 10 m de haut quand m\u00eame !) et le concours de cuisine : chaque patrouille dut concevoir et surtout r\u00e9aliser un repas auquel les chefs furent invit\u00e9s pour le noter.<\/td>\n<td>\n<div align=\"center\">\n<img decoding=\"async\" src=\"\/IMG\/scouts\/Camp_ete_2010_358.jpg\" width=200>\n<\/div>\n<\/td>\n<\/tr>\n<\/tbody>\n<\/table>\n<p> La semaine suivante fut consacr\u00e9 aux explorations : raids de classe \u00e0 deux ou trois avec nuit dans la for\u00eat pendant deux jours pour prouver nos qualifications techniques. Puis exploration de patrouille sur 60 km pendant 3 jours pour souder la patrouille mais surtout d\u00e9couvrir la culture de la r\u00e9gion : nous avons ainsi visit\u00e9 (entre autres) la cath\u00e9drale de Chartres et le ch\u00e2teau de Maintenon. Certaines patrouilles, plus rus\u00e9es que d&rsquo;autres, couch\u00e8rent dans des fermes ou des presbyt\u00e8res, b\u00e9n\u00e9ficiant ainsi de douches et d&rsquo;un chocolat chaud au petit d\u00e9jeuner !<\/p>\n<div align=\"center\">\n<img decoding=\"async\" src=\"\/IMG\/scouts\/Camp_ete_2010_398.jpg\" width=400>\n<\/div>\n<p> Enfin, la derni\u00e8re semaine fut consacr\u00e9e aux jeux : les olympiades et le grand jeu tant attendu. Les olympiades se d\u00e9roul\u00e8rent en trois parties : un parcours H\u00e9bert (ramper, \u00e9quilibre, course, saut, grimper, lancer), des jeux d&rsquo;adresses (courses en sac, tir \u00e0 la corde, relais, lancer, courses les pieds li\u00e9s) et des jeux nautiques dans la rivi\u00e8re (courses, relais, plongeons de Tarzan, water-polo) qui nous firent tous beaucoup rire. Quant au grand jeu, il fallut retrouver et surtout conserver le tr\u00e9sor durant une longue chasse de deux jours parsem\u00e9e d&#8217;emb\u00fbches dans la for\u00eat, y compris de nuit.<\/p>\n<div align=\"center\">\n<img decoding=\"async\" src=\"\/IMG\/scouts\/Camp_ete_2010_6257.jpg\" width=400>\n<\/div>\n<p> Presque chaque journ\u00e9e de camp d\u00e9butait par un d\u00e9rouillage suivi d&rsquo;une douche (\u00e0 l&rsquo;arrosoir\u00e2\u20ac\u00a6) et se terminait par une baignade dans la rivi\u00e8re proche pour nous laver et nous d\u00e9tendre avec de grands jeux plus dr\u00f4les les uns que les autres ! <\/p>\n<div align=\"center\">\n<img decoding=\"async\" src=\"\/IMG\/scouts\/Camp_ete_2010_143.jpg\" width=400>\n<\/div>\n<p>Nous avons chaque soir r\u00e9alis\u00e9 de belles veill\u00e9es autour de grands feux de camp avec chants, sketches et jeux.<\/p>\n<div align=\"center\">\n<img decoding=\"async\" src=\"\/IMG\/scouts\/Camp_ete_2010_278.jpg\" width=400>\n<\/div>\n<p>Nous avons \u00e9galement fait du cano\u00eb pendant tout un dimanche apr\u00e8s-midi sur un beau plan d&rsquo;eau <\/p>\n<div align=\"center\">\n<img decoding=\"async\" src=\"\/IMG\/scouts\/Camp_ete_2010_6245.jpg\" width=400>\n<\/div>\n<p>et avons termin\u00e9 le camp par un bon repas au restaurant !<\/p>\n<div align=\"center\">\n<img decoding=\"async\" src=\"\/IMG\/scouts\/Camp_ete_2010_6418.jpg\" width=400>\n<\/div>\n<p>Nous p\u00fbmes enfin aller \u00e0 la messe, une fois en plein air au camp et une autre fois dans cette majestueuse ville de CHARTRES.<\/p>\n<div align=\"center\">\n<img decoding=\"async\" src=\"\/IMG\/scouts\/Camp_ete_2010_6171.jpg\" width=400>\n<\/div>\n<p>Nos parents furent invit\u00e9s \u00e0 d\u00e9jeuner avec nous le 14 juillet. Ils purent ainsi voir notre camp et nos installations et assister \u00e0 la Promesse scoute de deux d&rsquo;entre nous qui ont eu la fiert\u00e9 de la prononcer devant eux, tous tr\u00e8s \u00e9mus.<\/p>\n<div align=\"center\">\n<img decoding=\"async\" src=\"\/IMG\/scouts\/Camp_ete_2010_488.jpg\" width=400>\n<\/div>\n<p>Et apr\u00e8s, ce fut (d\u00e9j\u00e0, sniff) le retour, le d\u00e9montage du camp, le rangement des cantines et le retour en famille. Vivement l&rsquo;ann\u00e9e prochaine !<br \/>\nA bient\u00f4t, \u00e0 la rentr\u00e9e<\/p>\n<p>Fran\u00e7ois, Hadrien et Pierre-Louis, chefs de patrouille<\/p>\n","protected":false},"excerpt":{"rendered":"<p>Apr\u00e8s une reconnaissance de diff\u00e9rents lieux (Bretagne, Mayenne et Ile de France) le mois de mai, nous nous sommes d\u00e9cid\u00e9s pour un lieu de camp pr\u00e8s de Chartres. Plus la date de d\u00e9part du&#46;&#46;&#46;<\/p>\n","protected":false},"author":2,"featured_media":0,"comment_status":"open","ping_status":"open","sticky":false,"template":"","format":"standard","meta":{"footnotes":""},"categories":[1],"tags":[],"class_list":["post-268","post","type-post","status-publish","format-standard","hentry","category-non-classe"],"_links":{"self":[{"href":"http:\/\/www.chapelle-crecy.com\/index.php?rest_route=\/wp\/v2\/posts\/268","targetHints":{"allow":["GET"]}}],"collection":[{"href":"http:\/\/www.chapelle-crecy.com\/index.php?rest_route=\/wp\/v2\/posts"}],"about":[{"href":"http:\/\/www.chapelle-crecy.com\/index.php?rest_route=\/wp\/v2\/types\/post"}],"author":[{"embeddable":true,"href":"http:\/\/www.chapelle-crecy.com\/index.php?rest_route=\/wp\/v2\/users\/2"}],"replies":[{"embeddable":true,"href":"http:\/\/www.chapelle-crecy.com\/index.php?rest_route=%2Fwp%2Fv2%2Fcomments&post=268"}],"version-history":[{"count":1,"href":"http:\/\/www.chapelle-crecy.com\/index.php?rest_route=\/wp\/v2\/posts\/268\/revisions"}],"predecessor-version":[{"id":1670,"href":"http:\/\/www.chapelle-crecy.com\/index.php?rest_route=\/wp\/v2\/posts\/268\/revisions\/1670"}],"wp:attachment":[{"href":"http:\/\/www.chapelle-crecy.com\/index.php?rest_route=%2Fwp%2Fv2%2Fmedia&parent=268"}],"wp:term":[{"taxonomy":"category","embeddable":true,"href":"http:\/\/www.chapelle-crecy.com\/index.php?rest_route=%2Fwp%2Fv2%2Fcategories&post=268"},{"taxonomy":"post_tag","embeddable":true,"href":"http:\/\/www.chapelle-crecy.com\/index.php?rest_route=%2Fwp%2Fv2%2Ftags&post=268"}],"curies":[{"name":"wp","href":"https:\/\/api.w.org\/{rel}","templated":true}]}}