{"id":277,"date":"2010-09-26T14:00:27","date_gmt":"2010-09-26T14:00:27","guid":{"rendered":""},"modified":"-0001-11-30T00:00:00","modified_gmt":"-0001-11-29T22:00:00","slug":"","status":"publish","type":"post","link":"http:\/\/www.chapelle-crecy.com\/?p=277","title":{"rendered":"Annonces de la semaine du 27 septembre au 3 octobre 2010"},"content":{"rendered":"<table bgcolor =\"F0FAFF\" border=0>\n<tbody>\n<tr>\n<td>\n<div align=\"justify\">\n<div \"195\">Voici les annonces de la semaine du lundi 27 au dimanche 3 octobre pour la paroisse des 3 clochers Cr\u00e9cy-la-Chapelle, Villiers-sur-Morin, Voulangis.<br \/>\nSamedi 2 : 14 h 30 Assembl\u00e9e paroissiale \u00e0\u00a0 Cr\u00e9cy suivie de la messe \u00e0\u00a0 18 h 30.<\/font><br \/>\nDimanche 3 : 10 h 30 messe du P\u00f4le \u00e0\u00a0 NANTEUIL-LES-MEAUX.<br \/>\nTout le programme d\u00e9taill\u00e9 dans la suite &#8230;<\/font><br \/>\n<font color=\"FF0000\">Mise \u00e0\u00a0 jour le 28 septembre.<\/font><\/div>\n<\/div>\n<\/td>\n<\/tr>\n<\/tbody>\n<\/table>\n<table bgcolor =\"F0F6FF\" border=0>\n<tbody>\n<tr>\n<td width=\"25%\"><font color=\"00CC00\">Lundi 27 septembre.<\/font><\/td>\n<td width=\"40%\"><font color=\"00CC00\"><\/font><\/td>\n<td><font color=\"00CC00\">   17 h &#8211;   Messe \u00e0 la  Maison de Retraite.<font><\/td>\n<\/tr>\n<tr>\n<td width=\"25%\"><font color=\"802020\">Mardi 28 septembre<\/font><\/td>\n<td><font color=\"802020\">9 h &#8211;   Messe \u00e0 Cr\u00e9cy pour Germaine BASCHET et Robert THEVENIN.<font><\/td>\n<td width=\"40%\"><font color=\"802020\"><\/p>\n<div align=\"center\"><img decoding=\"async\" src=\"\/IMG\/gif\/cross.gif\"><\/div>\n<p><\/font><\/td>\n<\/tr>\n<tr>\n<td width=\"25%\"><font color=\"0020FF\">Mercredi 29 septembre<\/font><\/td>\n<td width=\"40%\"><font color=\"0020FF\">15 h 30 &#8211;  A Voulangis s\u00e9pulture de Jeannine BOURS.<\/font><\/td>\n<td><font color=\"0020FF\">18 h-  Messe \u00e0 Cr\u00e9cy pour Louis GRANDHOMME et Carmen VALLEE.<font><\/td>\n<\/tr>\n<tr>\n<td width=\"25%\"><font color=\"00CC00\">jeudi 30 septembre<\/font><\/td>\n<td><font color=\"00CC00\">9 h &#8211; Messe \u00e0 Cr\u00e9cy pour Adrien HERVIN et Michel DUSEVEL.<font><\/td>\n<td width=\"40%\"><font color=\"00CC00\"><\/p>\n<div align=\"center\"><img decoding=\"async\" src=\"\/IMG\/gif\/lumiere_65.gif\"><\/div>\n<p><\/font><\/td>\n<\/tr>\n<tr>\n<td width=\"25%\"><font color=\"802020\">Vendredi 1er octobre<\/font><\/td>\n<td><font color=\"802020\"><\/p>\n<div align=\"center\"><img decoding=\"async\" src=\"\/IMG\/gif\/coupes004.gif\"><\/div>\n<p><font><\/td>\n<td><font color=\"802020\"> 18 h  Messe \u00e0 Cr\u00e9cy pour Robert et Raymonde GUILLAUMY.<font><\/td>\n<\/tr>\n<tr>\n<td width=\"25%\"><font color=\"0020FF\">Samedi 2 octobre<\/font><\/td>\n<td><font color=\"0020FF\">14 h 30 &#8211;  Assembl\u00e9e Paroissiale de Cr\u00e9cy  \u00e0 laquelle tous les chr\u00e9tiens sont invit\u00e9s. Elle se terminera par la Messe \u00e0 St Georges \u00e0 18 h 30.<font><\/td>\n<td><font color=\"0020FF\"><\/p>\n<div align=\"center\"><img decoding=\"async\" src=\"\/IMG\/lieux\/stgeorges01.jpg\"><\/div>\n<p><font><\/td>\n<\/tr>\n<tr>\n<td><font color=\"00CC00\">Dimanche 3 octobre<\/font><\/td>\n<td><font color=\"00CC00\"><\/p>\n<div align=\"center\"><img decoding=\"async\" src=\"\/IMG\/gif\/bibles004.gif\">\n<\/div>\n<p><\/font><\/td>\n<td><font color=\"00CC00\">Pas de Messe \u00e0 Cr\u00e9cy, mais Messe du P\u00f4le \u00e0 10 h 30 \u00e0 NANTEUIL LES MEAUX.<\/font><\/td>\n<\/tr>\n<\/tbody>\n<\/table>\n","protected":false},"excerpt":{"rendered":"<p>Voici les annonces de la semaine du lundi 27 au dimanche 3 octobre pour la paroisse des 3 clochers Cr\u00e9cy-la-Chapelle, Villiers-sur-Morin, Voulangis. Samedi 2 : 14 h 30 Assembl\u00e9e paroissiale \u00e0\u00a0 Cr\u00e9cy suivie de&#46;&#46;&#46;<\/p>\n","protected":false},"author":2,"featured_media":0,"comment_status":"open","ping_status":"open","sticky":false,"template":"","format":"standard","meta":{"footnotes":""},"categories":[],"tags":[],"class_list":["post-277","post","type-post","status-publish","format-standard","hentry"],"_links":{"self":[{"href":"http:\/\/www.chapelle-crecy.com\/index.php?rest_route=\/wp\/v2\/posts\/277","targetHints":{"allow":["GET"]}}],"collection":[{"href":"http:\/\/www.chapelle-crecy.com\/index.php?rest_route=\/wp\/v2\/posts"}],"about":[{"href":"http:\/\/www.chapelle-crecy.com\/index.php?rest_route=\/wp\/v2\/types\/post"}],"author":[{"embeddable":true,"href":"http:\/\/www.chapelle-crecy.com\/index.php?rest_route=\/wp\/v2\/users\/2"}],"replies":[{"embeddable":true,"href":"http:\/\/www.chapelle-crecy.com\/index.php?rest_route=%2Fwp%2Fv2%2Fcomments&post=277"}],"version-history":[{"count":0,"href":"http:\/\/www.chapelle-crecy.com\/index.php?rest_route=\/wp\/v2\/posts\/277\/revisions"}],"wp:attachment":[{"href":"http:\/\/www.chapelle-crecy.com\/index.php?rest_route=%2Fwp%2Fv2%2Fmedia&parent=277"}],"wp:term":[{"taxonomy":"category","embeddable":true,"href":"http:\/\/www.chapelle-crecy.com\/index.php?rest_route=%2Fwp%2Fv2%2Fcategories&post=277"},{"taxonomy":"post_tag","embeddable":true,"href":"http:\/\/www.chapelle-crecy.com\/index.php?rest_route=%2Fwp%2Fv2%2Ftags&post=277"}],"curies":[{"name":"wp","href":"https:\/\/api.w.org\/{rel}","templated":true}]}}