{"id":278,"date":"2010-09-28T16:57:45","date_gmt":"2010-09-28T16:57:45","guid":{"rendered":""},"modified":"-0001-11-30T00:00:00","modified_gmt":"-0001-11-29T22:00:00","slug":"","status":"publish","type":"post","link":"http:\/\/www.chapelle-crecy.com\/?p=278","title":{"rendered":"Concert \u00c5\u2019cum\u00e9nique de P.U.S.H \u00e0\u00a0 PROVINS"},"content":{"rendered":"<p>Samedi 9 octobre de 20:30 \u00e0\u00a0 23:00, au Grand th\u00e9 tre du Centre Culturel Saint Ayoul de PROVINS (77160) &#8211; 10, rue du G\u00e9n\u00e9ral Delort<br \/>\nL&rsquo;\u00e9quipe d&rsquo;animation pastorale des jeunes (EAPJ) est heureuse de vous<br \/>\ninviter \u00e0\u00a0 un \u00e9v\u00e9nement de taille, qui convie les jeunes et les moins<br \/>\njeunes d&rsquo;entre vous : le concert oecum\u00e9nique de PUSH.<br \/>\nL&rsquo;id\u00e9e de ce concert est n\u00e9e de la rencontre entre nos fr\u00e8res protestants et l&rsquo;EAPJ il y a un peu plus d&rsquo;un an. PUSH est un groupe de rock chr\u00e9tien<br \/>\nd&rsquo;origine Suisse cr\u00e9\u00e9 il y a 10 ans. Habitu\u00e9s des concerts, ils ont<br \/>\nanim\u00e9s le FRATernel \u00e0 plusieurs reprises. Les musiciens sont tous<br \/>\nprofessionnels et sont passionn\u00e9s par la musique et les louanges. Leur<br \/>\nstyle va du rock \u00e9nergique \u00e0 la pop m\u00e9lodieuse. Ce concert aura lieu le<br \/>\nsamedi 9 octobre 2010 au grand th\u00e9\u00e2tre du centre culturel et sportif<br \/>\nSaint Ayoul de PROVINS \u00e0 20H30.<br \/>\n<br \/>\nPour financer ce projet il vous sera demander a l&rsquo;entre pour les jeunes<br \/>\n5 \u00e2\u201a\u00ac et pour les adultes 7 \u00e2\u201a\u00ac. Et pour se ressourcer une buvette sera<br \/>\nouverte.<\/p>\n<p>ATTENTION : Le nombre de places est limit\u00e9, il est conseill\u00e9 de<br \/>\nr\u00e9serv\u00e9 a l&rsquo;adresse mail : push.provins@gmail.com<br \/>\n<br \/>\nPour vos questions et toutes autre information: push.provins@gmail.com.<br \/>\n<br \/>\nEcoutez leurs albums sur deezer :<br \/>\nhttp:\/\/www.deezer.com\/fr\/music\/p-u-s-h#music\/p-u-s-h <br \/>\nSite Officiel :<br \/>\nhttp:\/\/www.push-music.net\/index.php <br \/>\nEv\u00e8nement Facebook :<br \/>\nhttp:\/\/www.facebook.com\/#!\/event.php?eid=131309326903964&#038;ref=nf<\/p>\n<div align=\"center\"><img decoding=\"async\" src=\"\/IMG\/culturel\/push1.jpg\"><\/div>\n<p>P.U.S.H : Pray Until Something Happens (Prie jusqu&rsquo;\u00e0 ce que quelque chose arrive)<\/p>\n","protected":false},"excerpt":{"rendered":"<p>Samedi 9 octobre de 20:30 \u00e0\u00a0 23:00, au Grand th\u00e9 tre du Centre Culturel Saint Ayoul de PROVINS (77160) &#8211; 10, rue du G\u00e9n\u00e9ral Delort L&rsquo;\u00e9quipe d&rsquo;animation pastorale des jeunes (EAPJ) est heureuse de&#46;&#46;&#46;<\/p>\n","protected":false},"author":2,"featured_media":0,"comment_status":"open","ping_status":"open","sticky":false,"template":"","format":"standard","meta":{"footnotes":""},"categories":[],"tags":[],"class_list":["post-278","post","type-post","status-publish","format-standard","hentry"],"_links":{"self":[{"href":"http:\/\/www.chapelle-crecy.com\/index.php?rest_route=\/wp\/v2\/posts\/278","targetHints":{"allow":["GET"]}}],"collection":[{"href":"http:\/\/www.chapelle-crecy.com\/index.php?rest_route=\/wp\/v2\/posts"}],"about":[{"href":"http:\/\/www.chapelle-crecy.com\/index.php?rest_route=\/wp\/v2\/types\/post"}],"author":[{"embeddable":true,"href":"http:\/\/www.chapelle-crecy.com\/index.php?rest_route=\/wp\/v2\/users\/2"}],"replies":[{"embeddable":true,"href":"http:\/\/www.chapelle-crecy.com\/index.php?rest_route=%2Fwp%2Fv2%2Fcomments&post=278"}],"version-history":[{"count":0,"href":"http:\/\/www.chapelle-crecy.com\/index.php?rest_route=\/wp\/v2\/posts\/278\/revisions"}],"wp:attachment":[{"href":"http:\/\/www.chapelle-crecy.com\/index.php?rest_route=%2Fwp%2Fv2%2Fmedia&parent=278"}],"wp:term":[{"taxonomy":"category","embeddable":true,"href":"http:\/\/www.chapelle-crecy.com\/index.php?rest_route=%2Fwp%2Fv2%2Fcategories&post=278"},{"taxonomy":"post_tag","embeddable":true,"href":"http:\/\/www.chapelle-crecy.com\/index.php?rest_route=%2Fwp%2Fv2%2Ftags&post=278"}],"curies":[{"name":"wp","href":"https:\/\/api.w.org\/{rel}","templated":true}]}}