{"id":279,"date":"2010-10-02T10:51:02","date_gmt":"2010-10-02T10:51:02","guid":{"rendered":""},"modified":"-0001-11-30T00:00:00","modified_gmt":"-0001-11-29T22:00:00","slug":"","status":"publish","type":"post","link":"http:\/\/www.chapelle-crecy.com\/?p=279","title":{"rendered":"www.pajado77.com un site pour les ados"},"content":{"rendered":"<div align=\"justify\">Le dioc\u00e8se de Meaux ouvre un site d\u00e9di\u00e9 aux jeunes.<br \/>\nSous forme d&rsquo;articles, vid\u00e9os, comptes rendus de concerts, photos<br \/>\ndes t\u00e9moignages, des informations destin\u00e9es aux coll\u00e9giens et lyc\u00e9ens.<br \/>\nVenez le visiter : <a href=\"http:\/\/www.pajado77.com\/\" target=\"_blank\"><b>www.pajado77.com<\/b><\/div>\n<\/div>\n<div align=\"justify\">\u00ab Jusqu&rsquo;\u00e0 pr\u00e9sent, nos seuls moyens de nous adresser aux jeunes catholiques, c&rsquo;\u00e9tait les documents en papier, les aum\u00f4neries et le scoutisme \u00bb, explique Karine Alva Bernal, responsable du service jeunes au dioc\u00e8se de Meaux. \u00ab D\u00e9sormais, ils trouvent des r\u00e9ponses \u00e0 leurs questions sur <a href=\"http:\/\/www.pajado77.com\">www.pajado77.com<\/a> , le site Internet du dioc\u00e8se de Meaux d\u00e9di\u00e9 aux ados.<br \/>\n * Articles, vid\u00e9os, comptes rendus de concerts, photos\u00e2\u20ac\u00a6<\/p>\n<p> Ce portail propose des informations adapt\u00e9es aux coll\u00e9giens et lyc\u00e9ens : suggestions de lecture, pause pri\u00e8re, annonces de concerts, l&rsquo;Evangile et le saint du jour, les prochaines rencontres entre jeunes du dioc\u00e8se, etc. Le tout dans des formats courts, \u00ab sinon les ados d\u00e9crochent \u00bb, constate la responsable.<br \/>\n La part belle sera faite aux t\u00e9moignages, \u00ab car les jeunes en raffolent; ils sont vraiment touch\u00e9s lorsque d&rsquo;autres racontent leur parcours \u00bb, confie Mgr Albert-Marie de Monl\u00e9on, l&rsquo;\u00e9v\u00eaque de Meaux. Enfin, place \u00e0 l&rsquo;interactivit\u00e9. La rubrique Exprime ton talent accueillera les contributions des jeunes : articles, vid\u00e9os, comptes rendus de concerts, photos prises lors d&rsquo;un rassemblement\u00e2\u20ac\u00a6 \u00ab De nombreux jeunes les postent sur leur blog ou leur page Facebook. Pas \u00e9vident pour l&rsquo;internaute d&rsquo;y acc\u00e9der. On propose de r\u00e9cup\u00e9rer les infos qu&rsquo;ils nous enverront et de les mettre \u00e0 jour \u00bb, annonce Karine Alva Bernal.<\/p>\n<p> Des cartes de visites et des affiches sont disponibles pour faire conna \u00eetre le site internet&#8230; N&rsquo;h\u00e9sites pas \u00e0 nous en demander !!!<br \/>\n Contactez-nous au 01.64.36.41.22 ou par mail : pajado77@gmail.com\n<\/p><\/div>\n<div align=\"center\"><img decoding=\"async\" src=\"\/IMG\/culturel\/Pajado.jpg\"><\/div>\n","protected":false},"excerpt":{"rendered":"<p>Le dioc\u00e8se de Meaux ouvre un site d\u00e9di\u00e9 aux jeunes. Sous forme d&rsquo;articles, vid\u00e9os, comptes rendus de concerts, photos des t\u00e9moignages, des informations destin\u00e9es aux coll\u00e9giens et lyc\u00e9ens. Venez le visiter : www.pajado77.com \u00ab&#46;&#46;&#46;<\/p>\n","protected":false},"author":2,"featured_media":0,"comment_status":"open","ping_status":"open","sticky":false,"template":"","format":"standard","meta":{"footnotes":""},"categories":[],"tags":[],"class_list":["post-279","post","type-post","status-publish","format-standard","hentry"],"_links":{"self":[{"href":"http:\/\/www.chapelle-crecy.com\/index.php?rest_route=\/wp\/v2\/posts\/279","targetHints":{"allow":["GET"]}}],"collection":[{"href":"http:\/\/www.chapelle-crecy.com\/index.php?rest_route=\/wp\/v2\/posts"}],"about":[{"href":"http:\/\/www.chapelle-crecy.com\/index.php?rest_route=\/wp\/v2\/types\/post"}],"author":[{"embeddable":true,"href":"http:\/\/www.chapelle-crecy.com\/index.php?rest_route=\/wp\/v2\/users\/2"}],"replies":[{"embeddable":true,"href":"http:\/\/www.chapelle-crecy.com\/index.php?rest_route=%2Fwp%2Fv2%2Fcomments&post=279"}],"version-history":[{"count":0,"href":"http:\/\/www.chapelle-crecy.com\/index.php?rest_route=\/wp\/v2\/posts\/279\/revisions"}],"wp:attachment":[{"href":"http:\/\/www.chapelle-crecy.com\/index.php?rest_route=%2Fwp%2Fv2%2Fmedia&parent=279"}],"wp:term":[{"taxonomy":"category","embeddable":true,"href":"http:\/\/www.chapelle-crecy.com\/index.php?rest_route=%2Fwp%2Fv2%2Fcategories&post=279"},{"taxonomy":"post_tag","embeddable":true,"href":"http:\/\/www.chapelle-crecy.com\/index.php?rest_route=%2Fwp%2Fv2%2Ftags&post=279"}],"curies":[{"name":"wp","href":"https:\/\/api.w.org\/{rel}","templated":true}]}}