{"id":280,"date":"2010-10-03T10:23:00","date_gmt":"2010-10-03T10:23:00","guid":{"rendered":""},"modified":"-0001-11-30T00:00:00","modified_gmt":"-0001-11-29T22:00:00","slug":"","status":"publish","type":"post","link":"http:\/\/www.chapelle-crecy.com\/?p=280","title":{"rendered":"Annonces de la semaine du 4 au 10 octobre 2010"},"content":{"rendered":"<table bgcolor =\"F0FAFF\" border=0>\n<tbody>\n<tr>\n<td>\n<div align=\"justify\">\n<div \"198\">Voici les annonces de la semaine du lundi 4 au dimanche 10 octobre pour la paroisse des 3 clochers Cr\u00e9cy-la-Chapelle, Villiers-sur-Morin, Voulangis.<br \/>\nSamedi 9 : 18 h 30 Messe \u00e0\u00a0 Voulangis.<br \/>\nDimanche 10 : 10 h 30 messe \u00e0\u00a0 Cr\u00e9cy<br \/>\nTous les d\u00e9tails dans la suite &#8230;<br \/>\n<font color=\"000000\">Mise \u00e0\u00a0 jour le 6 octobre suite au d\u00e9c\u00e8s de Maryvonne Mathonnet.<\/font><\/div>\n<\/div>\n<\/td>\n<\/tr>\n<\/tbody>\n<\/table>\n<table bgcolor =\"F0F6FF\" border=0>\n<tbody>\n<tr>\n<td width=\"25%\"><font color=\"00CC00\">Lundi 4 octobre.<\/font><\/td>\n<td width=\"40%\"><font color=\"00CC00\">14 h 30 &#8211; R\u00e9union de l&rsquo;Equipe du Rosaire chez Mme LOUIS<\/font><\/td>\n<td><font color=\"00CC00\">17 h &#8211;  Messe \u00e0 la  Maison de Retraite pour Anne-Marie HILBERT.<font><\/td>\n<\/tr>\n<tr>\n<td width=\"25%\"><font color=\"802020\">Mardi 5 octobre<\/font><\/td>\n<td><font color=\"802020\">18h &#8211; Messe \u00e0 Cr\u00e9cy pour Rina  CARPANEDO et Adrien HERVIN.<font><\/td>\n<td><font color=\"802020\"><\/p>\n<div align=\"center\"><img decoding=\"async\" src=\"\/IMG\/gif\/cross.gif\"><\/div>\n<p><\/font><\/td>\n<\/tr>\n<tr>\n<td width=\"25%\"><font color=\"0020FF\">Mercredi 6 octobre<\/font><\/td>\n<td><font color=\"0020FF\"><\/p>\n<div align=\"center\"><img decoding=\"async\" src=\"\/IMG\/gif\/bibles004.gif\"><\/div>\n<p><font><\/td>\n<td><font color=\"0020FF\">18 h-  Messe \u00e0 Cr\u00e9cy pour Odette BRENARD et M. Th\u00e9r\u00e8se DOMISE.<\/font><\/td>\n<\/tr>\n<tr>\n<td width=\"25%\"><font color=\"00CC00\">jeudi 7 octobre<\/font><\/td>\n<td><font color=\"00CC00\">9 h &#8211; Messe \u00e0 Cr\u00e9cy pour  Robert LORENTZ, Jacques GALLIATH  et les d\u00e9funts de la famille THION-MUNIER.<font><\/td>\n<td width=\"40%\"><font color=\"00CC00\"><\/p>\n<div align=\"center\"><img decoding=\"async\" src=\"\/IMG\/gif\/lumiere_65.gif\"><\/div>\n<p><\/font><\/td>\n<\/tr>\n<tr>\n<td width=\"25%\"><font color=\"802020\">Vendredi 8 octobre<\/font><\/td>\n<td><font color=\"802020\"><\/p>\n<div align=\"center\"><img decoding=\"async\" src=\"\/IMG\/gif\/coupes004.gif\"><\/div>\n<p><font><\/td>\n<td><font color=\"802020\">18 h  Messe \u00e0 Cr\u00e9cy pour Alain VASSEUR  et Guy SCHULLER.<font><\/td>\n<\/tr>\n<tr>\n<td width=\"25%\"><font color=\"0020FF\">Samedi 9 octobre<\/font><\/td>\n<td><font color=\"000000\">10 h 30  &#8211;  A  Voulangis  obs\u00e8ques de Maryvonne Mathonnet.<font><\/td>\n<td><font color=\"0020FF\">18 h 30  &#8211; Messe \u00e0  Voulangis  pour  Georges PAQUET.<font><\/td>\n<\/tr>\n<tr>\n<td><font color=\"00CC00\">Dimanche 10 octobre<\/font><\/td>\n<td><font color=\"00CC00\"><\/p>\n<div align=\"center\"><img decoding=\"async\" src=\"\/IMG\/lieux\/stgeorges01.jpg\">\n<\/div>\n<p><\/font><\/td>\n<td><font color=\"00CC00\">10 h 30 &#8211;  Messe \u00e0 Cr\u00e9cy pour Estelle HUYGHE et Philippe CAIN.<\/font><\/td>\n<\/tr>\n<\/tbody>\n<\/table>\n","protected":false},"excerpt":{"rendered":"<p>Voici les annonces de la semaine du lundi 4 au dimanche 10 octobre pour la paroisse des 3 clochers Cr\u00e9cy-la-Chapelle, Villiers-sur-Morin, Voulangis. Samedi 9 : 18 h 30 Messe \u00e0\u00a0 Voulangis. Dimanche 10 :&#46;&#46;&#46;<\/p>\n","protected":false},"author":2,"featured_media":0,"comment_status":"open","ping_status":"open","sticky":false,"template":"","format":"standard","meta":{"footnotes":""},"categories":[],"tags":[],"class_list":["post-280","post","type-post","status-publish","format-standard","hentry"],"_links":{"self":[{"href":"http:\/\/www.chapelle-crecy.com\/index.php?rest_route=\/wp\/v2\/posts\/280","targetHints":{"allow":["GET"]}}],"collection":[{"href":"http:\/\/www.chapelle-crecy.com\/index.php?rest_route=\/wp\/v2\/posts"}],"about":[{"href":"http:\/\/www.chapelle-crecy.com\/index.php?rest_route=\/wp\/v2\/types\/post"}],"author":[{"embeddable":true,"href":"http:\/\/www.chapelle-crecy.com\/index.php?rest_route=\/wp\/v2\/users\/2"}],"replies":[{"embeddable":true,"href":"http:\/\/www.chapelle-crecy.com\/index.php?rest_route=%2Fwp%2Fv2%2Fcomments&post=280"}],"version-history":[{"count":0,"href":"http:\/\/www.chapelle-crecy.com\/index.php?rest_route=\/wp\/v2\/posts\/280\/revisions"}],"wp:attachment":[{"href":"http:\/\/www.chapelle-crecy.com\/index.php?rest_route=%2Fwp%2Fv2%2Fmedia&parent=280"}],"wp:term":[{"taxonomy":"category","embeddable":true,"href":"http:\/\/www.chapelle-crecy.com\/index.php?rest_route=%2Fwp%2Fv2%2Fcategories&post=280"},{"taxonomy":"post_tag","embeddable":true,"href":"http:\/\/www.chapelle-crecy.com\/index.php?rest_route=%2Fwp%2Fv2%2Ftags&post=280"}],"curies":[{"name":"wp","href":"https:\/\/api.w.org\/{rel}","templated":true}]}}