{"id":281,"date":"2010-10-06T13:54:18","date_gmt":"2010-10-06T13:54:18","guid":{"rendered":""},"modified":"-0001-11-30T00:00:00","modified_gmt":"-0001-11-29T22:00:00","slug":"","status":"publish","type":"post","link":"http:\/\/www.chapelle-crecy.com\/?p=281","title":{"rendered":"Le grand film \u00ab\u00a0des Hommes et des Dieux\u00a0\u00bb \u00e0\u00a0 voir absolument"},"content":{"rendered":"<div align=\"justify\">Ce film dont tout le monde parle actuellement a re\u00e7u le Grand Prix du festival de Cannes 2010, le Prix de l&rsquo;\u00e9ducation Nationale et le Prix du Jury oecum\u00e9nique. Il nous ram\u00e8ne vers les lumineuses figures de ces sept moines cisterciens* qui vivaient en Alg\u00e9rie et qui furent tu\u00e9s en 1996. Si vous souhaitez d\u00e9couvrir la vie touchante et \u00e9mouvante de \u00ab ces hommes de paix et de foi \u00bb, vous pouvez vous rendre au cin\u00e9ma \u00ab Le Cinq \u00bb de Lagny &#8230;<\/div>\n<div align=\"justify\">aux dates suivantes:<br \/>\n&#8211; Vendredi 15 octobre \u00e0 21h00<br \/>\n&#8211; Dimanche 17 octobre \u00e0 16h15<br \/>\n&#8211; Lundi 18 et mardi 19 octobre \u00e0 14h00 <\/p>\n<p> au tarif unique de 5,40\u00e2\u201a\u00ac<\/p>\n<p> Le martyre des moines de Thibirine: un message universel<br \/>\n Vous \u00e9prouverez assur\u00e9ment de la compassion pour ces moines confront\u00e9s soudainement \u00e0 la violence, d\u00e9munis et horrifi\u00e9s, mais r\u00e9solus \u00e0 ne pas renoncer \u00e0 l&rsquo;appel qui avait guid\u00e9 leurs vies. Dans une Alg\u00e9rie qui s&rsquo;enfonce dans le terrorisme et la guerre civile, ces moines nous interrogent sur le choix qu&rsquo;ils firent de rester au milieu de leurs fr\u00e8res alg\u00e9riens et r\u00e9affirment humblement leur message de paix auquel ils \u00e9taient fermement attach\u00e9s.<\/p>\n<p> Les moines, des personnages tr\u00e8s attachants<br \/>\n Ce film admirablement r\u00e9alis\u00e9 par Xavier Beauvois nous transporte dans un autre monde. Les paysages montagneux de l&rsquo;Atlas sont grandioses; le spectateur est rapidement plong\u00e9 dans la beaut\u00e9 de la vie monastique de Tibhirine faite de temps de silence, de pri\u00e8res et de vie en communaut\u00e9 ; au fil des images, on d\u00e9couvre le travail quotidien et souvent difficile des moines, on comprend la relation \u00e9troite qu&rsquo;ils vivent avec la population locale, l&rsquo;attention permanente port\u00e9e \u00e0 l&rsquo;autre. L&rsquo;amour profond qu&rsquo;ils ont pour Dieu le P\u00e8re et qu&rsquo;ils t\u00e9moignent \u00e0 travers la messe quotidienne, les psaumes magnifiques qu&rsquo;ils font r\u00e9sonner dans la chapelle de leur monast\u00e8re est aussi grand que l&rsquo;amour qu&rsquo;ils prodiguent \u00e0 leurs fr\u00e8res musulmans de ce pauvre village maghr\u00e9bin. Le t\u00e9moignage de leur foi \u00e0 la lumi\u00e8re de l&rsquo;Evangile qui anime leur vie, malgr\u00e9 le doute et la peur qui les habite face \u00e0 l&rsquo;incitation au d\u00e9part est bouleversant. <\/p>\n<p> T\u00e9moignage<br \/>\n Une sc\u00e8ne me restera, parmi beaucoup de grande beaut\u00e9 : juste apr\u00e8s le vote pour savoir s&rsquo;ils restent, vient l&rsquo;heure du repas ; les fr\u00e8res sont \u00e0 table. Fr\u00e8re Luc (Michael Lonsdale) pose deux bouteilles de rouge et met de la musique : le Lac des cygnes. Et l\u00e0, gros plan sur les visages\u00e2\u20ac\u00a6 Pour ceux qui n&rsquo;ont pas encore vu le film, je ne peux pas tout vous d\u00e9voiler. Je ne peux que vous inciter \u00e0 aller voir ce chef d&rsquo;oeuvre cin\u00e9matographique. Encore merci et bravo au r\u00e9alisateur Xavier Beauvois pour ce tr\u00e8s beau message de fraternit\u00e9 laiss\u00e9 sur grand \u00e9cran. Et pour conclure, voici ce qu&rsquo;\u00e9crivait l&rsquo;\u00e9ditorialiste de \u00ab La Croix \u00bb, Bruno Chenu : \u00ab Ils (les moines) ont manifest\u00e9 ce que peut \u00eatre l&rsquo;Eglise de J\u00e9sus-Christ, quand elle n&rsquo;est br\u00fbl\u00e9e que de la flamme \u00e9vang\u00e9lique, celle des b\u00e9atitudes et de la vie offerte. \u00bb<\/p>\n<p>HYMNE chant\u00e9 par les moines dans le film <\/p>\n<p> Voici la nuit, l&rsquo;immense nuit des origines,<br \/>\n Et rien n&rsquo;existe hormis l&rsquo;Amour, hormis l&rsquo;Amour qui se dessine;<br \/>\n En s\u00e9parant le sable et l&rsquo;eau, Dieu pr\u00e9parait comme un berceau<br \/>\n La Terre o\u00f9 il viendrait au jour.<\/p>\n<p> Voici la nuit, l&rsquo;heureuse nuit de Palestine,<br \/>\n Et rien n&rsquo;existe hormis l&rsquo;Enfant, hormis l&rsquo;Enfant de vie divine:<br \/>\n En prenant chair de notre chair, Dieu transformait tous nos d\u00e9serts<br \/>\n En Terre d&rsquo;immortels printemps<\/p>\n<p> Voici la nuit, l&rsquo;\u00e9trange nuit sur la colline,<br \/>\n Et rien n&rsquo;existe hormis le Corps, hormis le Corps cribl\u00e9 d&rsquo;\u00e9pines:<br \/>\n En devenant un crucifi\u00e9, Dieu f\u00e9condait comme un verger<br \/>\n La Terre o\u00f9 le plantait la mort.<\/p>\n<p> Voici la nuit, la sainte nuit qui s&rsquo;illumine,<br \/>\n Et rien n&rsquo;existe hormis J\u00e9sus, hormis J\u00e9sus o\u00f9 tout culmine:<br \/>\n En s&rsquo;arrachant \u00e0 nos tombeaux, Dieu conduisait au jour nouveau<br \/>\n La Terre o\u00f9 il \u00e9tait vaincu. <\/p>\n<p> Voici la nuit, la longue nuit o\u00f9 l&rsquo;on chemine,<br \/>\n Et rien n&rsquo;existe hormis ce lieu, hormis ce lieu d&rsquo;espoirs en ruines:<br \/>\n En s&rsquo;arr\u00eatant dans nos maisons, Dieu pr\u00e9parait comme un Buisson<br \/>\n La Terre o\u00f9 tomberait le Feu!<\/p>\n<p> *cistercien : L&rsquo;ordre cistercien est un ordre monastique chr\u00e9tien r\u00e9form\u00e9, dont l&rsquo;origine remonte \u00e0 la fondation de l&rsquo;abbaye de C \u00eeteaux par un moine fran\u00e7ais Robert de Molesme en 1098. D\u00e8s sa cr\u00e9ation, C \u00eeteaux avait marqu\u00e9 son temps gr\u00e2ce \u00e0 une volont\u00e9 de perfection qui avait attir\u00e9 d&rsquo;\u00e9minents jeunes nobles comme Bernard de Clairvaux.<br \/>\n L&rsquo;Ordre respectait, dans l&rsquo;asc\u00e8se, les deux principes fondateurs de la R\u00e8gle de saint Beno \u00eet : prier et travailler. Les monast\u00e8res cisterciens, et leurs granges, moulins et forges satellites, d\u00e9velopp\u00e8rent alors, soutenus par une foi qui consid\u00e9rait le travail comme une pri\u00e8re, un v\u00e9ritable am\u00e9nagement du territoire rural avec un r\u00e9seau structur\u00e9 de plusieurs centaines d&rsquo;\u00e9tablissements. Pr\u00e8s de chez nous, ici, en Ile-de-France, les abbayes cisterciennes les plus connues sont l&rsquo;abbaye d&rsquo;Ourscamp (pr\u00e8s de Noyon en Picardie), l&rsquo;abbaye de Royaumont (95) et l&rsquo;abbaye de Chaalis (pr\u00e8s d&rsquo;Ermenonville).<\/p><\/div>\n<div align=\"center\"><img decoding=\"async\" src=\"\/IMG\/affiches\/desdieux3.jpg\"><\/div>\n","protected":false},"excerpt":{"rendered":"<p>Ce film dont tout le monde parle actuellement a re\u00e7u le Grand Prix du festival de Cannes 2010, le Prix de l&rsquo;\u00e9ducation Nationale et le Prix du Jury oecum\u00e9nique. Il nous ram\u00e8ne vers les&#46;&#46;&#46;<\/p>\n","protected":false},"author":2,"featured_media":0,"comment_status":"open","ping_status":"open","sticky":false,"template":"","format":"standard","meta":{"footnotes":""},"categories":[],"tags":[],"class_list":["post-281","post","type-post","status-publish","format-standard","hentry"],"_links":{"self":[{"href":"http:\/\/www.chapelle-crecy.com\/index.php?rest_route=\/wp\/v2\/posts\/281","targetHints":{"allow":["GET"]}}],"collection":[{"href":"http:\/\/www.chapelle-crecy.com\/index.php?rest_route=\/wp\/v2\/posts"}],"about":[{"href":"http:\/\/www.chapelle-crecy.com\/index.php?rest_route=\/wp\/v2\/types\/post"}],"author":[{"embeddable":true,"href":"http:\/\/www.chapelle-crecy.com\/index.php?rest_route=\/wp\/v2\/users\/2"}],"replies":[{"embeddable":true,"href":"http:\/\/www.chapelle-crecy.com\/index.php?rest_route=%2Fwp%2Fv2%2Fcomments&post=281"}],"version-history":[{"count":0,"href":"http:\/\/www.chapelle-crecy.com\/index.php?rest_route=\/wp\/v2\/posts\/281\/revisions"}],"wp:attachment":[{"href":"http:\/\/www.chapelle-crecy.com\/index.php?rest_route=%2Fwp%2Fv2%2Fmedia&parent=281"}],"wp:term":[{"taxonomy":"category","embeddable":true,"href":"http:\/\/www.chapelle-crecy.com\/index.php?rest_route=%2Fwp%2Fv2%2Fcategories&post=281"},{"taxonomy":"post_tag","embeddable":true,"href":"http:\/\/www.chapelle-crecy.com\/index.php?rest_route=%2Fwp%2Fv2%2Ftags&post=281"}],"curies":[{"name":"wp","href":"https:\/\/api.w.org\/{rel}","templated":true}]}}