{"id":282,"date":"2010-10-10T17:17:17","date_gmt":"2010-10-10T17:17:17","guid":{"rendered":""},"modified":"-0001-11-30T00:00:00","modified_gmt":"-0001-11-29T22:00:00","slug":"","status":"publish","type":"post","link":"http:\/\/www.chapelle-crecy.com\/?p=282","title":{"rendered":"A Lourdes un 25\u00e8me p\u00e9lerinage LCE tr\u00e8s fraternel"},"content":{"rendered":"<div align=\"justify\">Ce rassemblement de Lourdes Cancer Esp\u00e9rance a r\u00e9uni au pied de la Grotte Massabielle du 21 au 25 septembre 2010, 5800 p\u00e8lerins venus de France, Belgique, Luxembourg et Monaco. Une fois encore, cette rencontre entre personnes valides et malades, avec Marie comme guide, a \u00e9t\u00e9 une source de foi et de joie. Les temps de pri\u00e8re ont rempli chacun de nous d&rsquo;une grande esp\u00e9rance.<\/div>\n<div align=\"justify\">Une Organisation parfaitement rod\u00e9e <\/p>\n<p> C&rsquo;est l&rsquo;archev\u00eaque d&rsquo;Albi (Tarn),  Mgr Pierre Marie Carr\u00e9 qui avait la mission d&rsquo;accompagner notre p\u00e8lerinage. L&rsquo;animation \u00e9tait assur\u00e9e par Patrick Richard.<\/p>\n<p> Notre d\u00e9l\u00e9gation de Seine-et-Marne comprenait 39 p\u00e8lerins. Le transport (Aller et retour : Paris &#8211; Lourdes) a \u00e9t\u00e9 r\u00e9alis\u00e9 par train sp\u00e9cial Corail. Le confort des voitures a permis aux p\u00e8lerins de prendre le temps de mieux faire connaissance entre ceux qui avaient d\u00e9j\u00e0 accomplis de pr\u00e9c\u00e9dents p\u00e8lerinages, et les nouveaux p\u00e8lerins.<\/p>\n<p> Le p\u00e8re Alain Ratti du dioc\u00e8se de Meaux, tr\u00e8s connu par beaucoup pour ses talents de grand orateur et conf\u00e9rencier passionnant nous accompagnait humainement  et spirituellement avec bonheur. Il nous a fait b\u00e9n\u00e9fici\u00e9 \u00e0 Lourdes  de son enseignement sur le th\u00e8me suivant:<\/p>\n<p> \u00a0\u00bb Mieux connaitre la place de Marie, une m\u00e8re attentive et consolatrice pour ceux qui sont dans la souffrance \u00a0\u00bb <\/p>\n<div align=\"center\"><img decoding=\"async\"  src=\"\/IMG\/jpg\/LCE2010-4.jpg\" width=400\"><\/div>\n<p> Ensemble on est plus fort !<\/p>\n<p> Marie, notre M\u00e8re du Ciel est pour nous, malades ou bien portants, relais entre nous et son fils Notre Seigneur J\u00e9sus le Christ. Nous pouvons lui rendre gr\u00e2ces !<br \/>\n En ce mois du Rosaire* sachons prier Marie qui est \u00e0 notre \u00e9coute.  Lourdes est vraiment un lieu b\u00e9ni, de pri\u00e8res, de paix et de ressourcement.<\/p>\n<div align=\"center\"><img decoding=\"async\"  src=\"\/IMG\/jpg\/LCE2010-2.jpg\" width=400\"><\/div>\n<div align=\"center\"><img decoding=\"async\"  src=\"\/IMG\/jpg\/pie-X.jpg\" width=400\"><\/div>\n<p> Nos c\u00e9l\u00e9brations furent priantes, fraternelles et festives. On peut dire que le premier miracle de Lourdes, c&rsquo;est de revenir avec l&rsquo;amour au coeur, avec de nouvelles forces, pour vivre sans subir la maladie, de pouvoir mieux lutter, gr\u00e2ce \u00e0 la pri\u00e8re personnelle et commune et avec aussi l&rsquo;amiti\u00e9 fraternelle des autres.<\/p>\n<div align=\"center\"><img decoding=\"async\"  src=\"\/IMG\/jpg\/LCE2010-3.jpg\" width=400\"><\/div>\n<p> Ren\u00e9e,<br \/>\n d\u00e9l\u00e9gu\u00e9e Lourdes Cancer Esp\u00e9rance du 77<\/p>\n<p>Pri\u00e8re: Je vous salue, Marie<\/p>\n<p> Je vous salue, Marie pleine de gr\u00e2ces ;<br \/>\n le Seigneur est avec vous.<br \/>\n Vous \u00eates b\u00e9nie entre toutes les femmes et J\u00e9sus,<br \/>\n le fruit de vos entrailles, est b\u00e9ni.<br \/>\n Sainte Marie, M\u00e8re de Dieu,<br \/>\n priez pour nous pauvres p\u00e9cheurs,<br \/>\n maintenant et \u00e0 l&rsquo;heure de notre mort.<\/p>\n<p> Amen.<\/p>\n<p>                                       <doc146><\/p>\n<p> *Rosaire: pri\u00e8re consacr\u00e9e \u00e0 Marie<br \/>\n Voici comment Jean-Paul II d\u00e9finit le Rosaire dans sa lettre apostolique: ROSARIUM VIRGINIS MARIAE:<br \/>\n \u00ab\u00a0Le Rosaire se situe dans la meilleure et dans la plus pure tradition de la contemplation chr\u00e9tienne. D\u00e9velopp\u00e9 en Occident, il est une pri\u00e8re typiquement m\u00e9ditative et il correspond, en un sens, \u00e0 la \u00ab pri\u00e8re du coeur \u00bb ou \u00e0 la \u00ab pri\u00e8re de J\u00e9sus \u00bb, qui a germ\u00e9 sur l&rsquo;humus de l&rsquo;Orient chr\u00e9tien.\u00a0\u00bb<\/p>\n<p> Les bienfaits du chapelet, selon Louis-Marie Grignion de Monfort, saint breton (1673-1716), dans \u00ab\u00a0Le Secret du Tr\u00e8s saint Rosaire\u00a0\u00bb:<\/p>\n<p>\u00ab Le Rosaire r\u00e9cit\u00e9 avec la m\u00e9ditation des myst\u00e8res :<br \/>\n 1) nous \u00e9l\u00e8ve insensiblement \u00e0 la connaissance parfaite de J\u00e9sus-Christ.<br \/>\n 2) purifie nos \u00e2mes du p\u00e9ch\u00e9.<br \/>\n 3) nous rend victorieux de tous nos ennemis.<br \/>\n 4) nous rend la pratique des vertus facile.<br \/>\n 5) nous embrase de l&rsquo;amour de J\u00e9sus-Christ.<br \/>\n 6) nous enrichit de gr\u00e2ces et de m\u00e9rites.<br \/>\n 7) nous fournit de quoi payer toutes nos dettes \u00e0 Dieu et aux hommes et enfin nous fait obtenir de Dieu toutes sortes de gr\u00e2ces. \u00bb\n<\/p><\/div>\n<div align=\"center\"><img decoding=\"async\"  src=\"\/IMG\/jpg\/LCE2010-1.jpg\" width=600\"><\/div>\n","protected":false},"excerpt":{"rendered":"<p>Ce rassemblement de Lourdes Cancer Esp\u00e9rance a r\u00e9uni au pied de la Grotte Massabielle du 21 au 25 septembre 2010, 5800 p\u00e8lerins venus de France, Belgique, Luxembourg et Monaco. Une fois encore, cette rencontre&#46;&#46;&#46;<\/p>\n","protected":false},"author":2,"featured_media":0,"comment_status":"open","ping_status":"open","sticky":false,"template":"","format":"standard","meta":{"footnotes":""},"categories":[],"tags":[],"class_list":["post-282","post","type-post","status-publish","format-standard","hentry"],"_links":{"self":[{"href":"http:\/\/www.chapelle-crecy.com\/index.php?rest_route=\/wp\/v2\/posts\/282","targetHints":{"allow":["GET"]}}],"collection":[{"href":"http:\/\/www.chapelle-crecy.com\/index.php?rest_route=\/wp\/v2\/posts"}],"about":[{"href":"http:\/\/www.chapelle-crecy.com\/index.php?rest_route=\/wp\/v2\/types\/post"}],"author":[{"embeddable":true,"href":"http:\/\/www.chapelle-crecy.com\/index.php?rest_route=\/wp\/v2\/users\/2"}],"replies":[{"embeddable":true,"href":"http:\/\/www.chapelle-crecy.com\/index.php?rest_route=%2Fwp%2Fv2%2Fcomments&post=282"}],"version-history":[{"count":0,"href":"http:\/\/www.chapelle-crecy.com\/index.php?rest_route=\/wp\/v2\/posts\/282\/revisions"}],"wp:attachment":[{"href":"http:\/\/www.chapelle-crecy.com\/index.php?rest_route=%2Fwp%2Fv2%2Fmedia&parent=282"}],"wp:term":[{"taxonomy":"category","embeddable":true,"href":"http:\/\/www.chapelle-crecy.com\/index.php?rest_route=%2Fwp%2Fv2%2Fcategories&post=282"},{"taxonomy":"post_tag","embeddable":true,"href":"http:\/\/www.chapelle-crecy.com\/index.php?rest_route=%2Fwp%2Fv2%2Ftags&post=282"}],"curies":[{"name":"wp","href":"https:\/\/api.w.org\/{rel}","templated":true}]}}