{"id":284,"date":"2015-10-15T20:55:28","date_gmt":"2015-10-15T20:55:28","guid":{"rendered":""},"modified":"-0001-11-30T00:00:00","modified_gmt":"-0001-11-29T22:00:00","slug":"","status":"publish","type":"post","link":"http:\/\/www.chapelle-crecy.com\/?p=284","title":{"rendered":"L&rsquo;aum\u00f4nerie version 2011"},"content":{"rendered":"<div align=\"justify\">L&rsquo;aum nerie s&rsquo;adresse \u00e0\u00a0 tous les jeunes de la 5\u00e8me \u00e0\u00a0 la terminale qui souhaitent approfondir leur foi et trouver des r\u00e9ponses \u00e0\u00a0 leurs questions.<br \/>\nContact : Thierry GRONDIN : 01.64.63.06.31<br \/>\nLe samedi 9 Octobre 2010 \u00e0\u00a0 la Salle Paroissiale de Cr\u00e9cy, \u00e0\u00a0 15h avait lieu la rentr\u00e9e de l&rsquo;aum nerie. Le programme de l&rsquo;ann\u00e9e 2010-2011 a \u00e9t\u00e9 \u00e9tabli. De nombreux et beaux projets en perspective.<\/div>\n<p>Projet sur la r\u00e9alisation d&rsquo;une kermesse de la Coll\u00e9giale baptis\u00e9e : K.I.F : Kermesse Inter-g\u00e9n\u00e9rationnelle Fraternelle et de la Foi.<\/p>\n<div align=\"center\"><img decoding=\"async\" src=\"\/IMG\/jpg\/aumonerie-3.jpg\" width=450\"><\/div>\n<p> Projet sur la cr\u00e9ation d&rsquo;une troupe th\u00e9\u00e2trale et musicale.<\/p>\n<p> D\u00e9finir ensemble les orientations \u00e0 prendre en vue de rendre actif et dynamique notre \u00e9quipe de jeunes au sein de l&rsquo;Eglise et Planification des diff\u00e9rentes rencontres et t\u00e9moignages qui auront des points communs avec les deux projets initiaux ci-dessus.<\/p>\n<p> Programmation des diff\u00e9rentes sorties en lien ou pas avec l&rsquo;Eglise ( ex: sorties et\/ou rencontres inter-aum\u00f4neries, rencontres d\u00e9partementales et\/ou nationales, proposer des rencontres interg\u00e9n\u00e9rationnelles lors de repas que nous, les jeunes, organiserons suivant notre planning.<\/p>\n<div align=\"center\"><img decoding=\"async\" src=\"\/IMG\/jpg\/aumonerie-4.jpg\" width=450\"><\/div>\n<p> Mise en place de deux Forums sur l&rsquo;Aum\u00f4nerie d&rsquo;aujourd&rsquo;hui, de ses objectifs et de l&rsquo;importance de sa place au sein de notre soci\u00e9t\u00e9, dans la vie de tous les jours.       <\/p>\n<div align=\"center\"><img decoding=\"async\" src=\"\/IMG\/jpg\/aumonerie-2-2.jpg\" width=450\"><\/div>\n<p> Thierry Grondin,<br \/>\n Responsable d&rsquo;Aum\u00f4nerie du Secteur des Trois Clochers<br \/>\n(Cr\u00e9cy, Villiers, Voulangis )<\/p>\n<p> T\u00e9l : 01.64.63.06.31<\/p>\n<p> Port: 06 03 40 90 50<\/p>\n","protected":false},"excerpt":{"rendered":"<p>L&rsquo;aum nerie s&rsquo;adresse \u00e0\u00a0 tous les jeunes de la 5\u00e8me \u00e0\u00a0 la terminale qui souhaitent approfondir leur foi et trouver des r\u00e9ponses \u00e0\u00a0 leurs questions. Contact : Thierry GRONDIN : 01.64.63.06.31 Le samedi 9&#46;&#46;&#46;<\/p>\n","protected":false},"author":2,"featured_media":0,"comment_status":"open","ping_status":"open","sticky":false,"template":"","format":"standard","meta":{"footnotes":""},"categories":[],"tags":[],"class_list":["post-284","post","type-post","status-publish","format-standard","hentry"],"_links":{"self":[{"href":"http:\/\/www.chapelle-crecy.com\/index.php?rest_route=\/wp\/v2\/posts\/284","targetHints":{"allow":["GET"]}}],"collection":[{"href":"http:\/\/www.chapelle-crecy.com\/index.php?rest_route=\/wp\/v2\/posts"}],"about":[{"href":"http:\/\/www.chapelle-crecy.com\/index.php?rest_route=\/wp\/v2\/types\/post"}],"author":[{"embeddable":true,"href":"http:\/\/www.chapelle-crecy.com\/index.php?rest_route=\/wp\/v2\/users\/2"}],"replies":[{"embeddable":true,"href":"http:\/\/www.chapelle-crecy.com\/index.php?rest_route=%2Fwp%2Fv2%2Fcomments&post=284"}],"version-history":[{"count":0,"href":"http:\/\/www.chapelle-crecy.com\/index.php?rest_route=\/wp\/v2\/posts\/284\/revisions"}],"wp:attachment":[{"href":"http:\/\/www.chapelle-crecy.com\/index.php?rest_route=%2Fwp%2Fv2%2Fmedia&parent=284"}],"wp:term":[{"taxonomy":"category","embeddable":true,"href":"http:\/\/www.chapelle-crecy.com\/index.php?rest_route=%2Fwp%2Fv2%2Fcategories&post=284"},{"taxonomy":"post_tag","embeddable":true,"href":"http:\/\/www.chapelle-crecy.com\/index.php?rest_route=%2Fwp%2Fv2%2Ftags&post=284"}],"curies":[{"name":"wp","href":"https:\/\/api.w.org\/{rel}","templated":true}]}}