{"id":286,"date":"2010-10-17T11:00:00","date_gmt":"2010-10-17T11:00:00","guid":{"rendered":""},"modified":"-0001-11-30T00:00:00","modified_gmt":"-0001-11-29T22:00:00","slug":"","status":"publish","type":"post","link":"http:\/\/www.chapelle-crecy.com\/?p=286","title":{"rendered":"Annonces de la semaine du 18 au 24 octobre 2010"},"content":{"rendered":"<table bgcolor =\"F0FAFF\" border=0>\n<tbody>\n<tr>\n<td>\n<div align=\"justify\">\n<div \"204\">Voici les annonces de la semaine du lundi 18 au dimanche 24 octobre pour la paroisse des 3 clochers Cr\u00e9cy-la-Chapelle, Villiers-sur-Morin, Voulangis.<br \/>\nSamedi 23 : 18 h 30 Messe \u00e0\u00a0 Voulangis.<br \/>\nDimanche 24 : 10 h 30 messe \u00e0\u00a0 Cr\u00e9cy<br \/>\nTous les d\u00e9tails dans la suite &#8230;<\/div>\n<\/div>\n<\/td>\n<\/tr>\n<\/tbody>\n<\/table>\n<table bgcolor =\"F0F6FF\" border=0>\n<tbody>\n<tr>\n<td width=\"25%\"><font color=\"00CC00\">Lundi 18 octobre.<\/font><\/td>\n<td width=\"40%\"><font color=\"00CC00\"><\/p>\n<div align=\"center\"><img decoding=\"async\" src=\"\/IMG\/gif\/coupes002.gif\"><\/div>\n<p><\/font><\/td>\n<td><font color=\"00CC00\">17 h &#8211; Messe \u00e0 la  Maison de Retraite pour Yves LOPEZ et Yvonne LIEVIN.<font><\/td>\n<\/tr>\n<tr>\n<td width=\"25%\"><font color=\"802020\">Mardi 19 octobre<\/font><\/td>\n<td><font color=\"802020\">18h &#8211; Messe \u00e0 Cr\u00e9cy pour Louis JACOB et Ren\u00e9e LAURENT.<font><\/td>\n<td><font color=\"802020\"><\/p>\n<div align=\"center\"><img decoding=\"async\" src=\"\/IMG\/gif\/cross.gif\"><\/div>\n<p><\/font><\/td>\n<\/tr>\n<tr>\n<td width=\"25%\"><font color=\"0020FF\">Mercredi 20 octobre<\/font><\/td>\n<td><font color=\"0020FF\"><\/p>\n<div align=\"center\"><img decoding=\"async\" src=\"\/IMG\/gif\/bibles004.gif\"><\/div>\n<p><font><\/td>\n<td><font color=\"0020FF\">18 h &#8211; Messe \u00e0 Cr\u00e9cy pour Henriette GENTY et C\u00e9line DEJARDIN.<\/font><\/td>\n<\/tr>\n<tr>\n<td width=\"25%\"><font color=\"00CC00\">jeudi 21 octobre<\/font><\/td>\n<td><font color=\"00CC00\">9 h &#8211; Messe \u00e0 Cr\u00e9cy pour les Ames du Purgatoire.<font><\/td>\n<td width=\"40%\"><font color=\"00CC00\"><\/p>\n<div align=\"center\"><img decoding=\"async\" src=\"\/IMG\/gif\/lumiere_65.gif\"><\/div>\n<p><\/font><\/td>\n<\/tr>\n<tr>\n<td width=\"25%\"><font color=\"802020\">Vendredi 22 octobre<\/font><\/td>\n<td><font color=\"802020\"><\/p>\n<div align=\"center\"><img decoding=\"async\" src=\"\/IMG\/gif\/coupes004.gif\"><\/div>\n<p><font><\/td>\n<td><font color=\"802020\">9 h  Messe \u00e0 Cr\u00e9cy pour Andr\u00e9e REYDEL et les d\u00e9funts de la famille.<font><\/td>\n<\/tr>\n<tr>\n<td width=\"25%\"><font color=\"0020FF\">Samedi 23 octobre<\/font><\/td>\n<td><font color=\"0020FF\">de 14 h 30 \u00e0 16 h &#8211; R\u00e9union de l&rsquo;Eveil \u00e0 la Foi.<font><\/td>\n<td><font color=\"0020FF\"> 18 h 30 &#8211; Messe \u00e0  Voulangis  pour  Gilbert CAPITAINE et Gilberte DENIS.<font><\/td>\n<\/tr>\n<tr>\n<td><font color=\"00CC00\">Dimanche 24 octobre<\/font><\/td>\n<td><font color=\"00CC00\">10 h 30 &#8211; A Cr\u00e9cy messe anniversaire pour Odile BIZOUARD et pour Maurice GERMAIN.<\/font><\/td>\n<td><font color=\"00CC00\"><\/p>\n<div align=\"center\"><img decoding=\"async\" src=\"\/IMG\/lieux\/stgeorges04.jpg\" width=150>\n<\/div>\n<p><\/font><\/td>\n<\/tr>\n<\/tbody>\n<\/table>\n","protected":false},"excerpt":{"rendered":"<p>Voici les annonces de la semaine du lundi 18 au dimanche 24 octobre pour la paroisse des 3 clochers Cr\u00e9cy-la-Chapelle, Villiers-sur-Morin, Voulangis. Samedi 23 : 18 h 30 Messe \u00e0\u00a0 Voulangis. Dimanche 24 :&#46;&#46;&#46;<\/p>\n","protected":false},"author":2,"featured_media":0,"comment_status":"open","ping_status":"open","sticky":false,"template":"","format":"standard","meta":{"footnotes":""},"categories":[],"tags":[],"class_list":["post-286","post","type-post","status-publish","format-standard","hentry"],"_links":{"self":[{"href":"http:\/\/www.chapelle-crecy.com\/index.php?rest_route=\/wp\/v2\/posts\/286","targetHints":{"allow":["GET"]}}],"collection":[{"href":"http:\/\/www.chapelle-crecy.com\/index.php?rest_route=\/wp\/v2\/posts"}],"about":[{"href":"http:\/\/www.chapelle-crecy.com\/index.php?rest_route=\/wp\/v2\/types\/post"}],"author":[{"embeddable":true,"href":"http:\/\/www.chapelle-crecy.com\/index.php?rest_route=\/wp\/v2\/users\/2"}],"replies":[{"embeddable":true,"href":"http:\/\/www.chapelle-crecy.com\/index.php?rest_route=%2Fwp%2Fv2%2Fcomments&post=286"}],"version-history":[{"count":0,"href":"http:\/\/www.chapelle-crecy.com\/index.php?rest_route=\/wp\/v2\/posts\/286\/revisions"}],"wp:attachment":[{"href":"http:\/\/www.chapelle-crecy.com\/index.php?rest_route=%2Fwp%2Fv2%2Fmedia&parent=286"}],"wp:term":[{"taxonomy":"category","embeddable":true,"href":"http:\/\/www.chapelle-crecy.com\/index.php?rest_route=%2Fwp%2Fv2%2Fcategories&post=286"},{"taxonomy":"post_tag","embeddable":true,"href":"http:\/\/www.chapelle-crecy.com\/index.php?rest_route=%2Fwp%2Fv2%2Ftags&post=286"}],"curies":[{"name":"wp","href":"https:\/\/api.w.org\/{rel}","templated":true}]}}