{"id":288,"date":"2010-10-31T10:30:00","date_gmt":"2010-10-31T10:30:00","guid":{"rendered":""},"modified":"-0001-11-30T00:00:00","modified_gmt":"-0001-11-29T22:00:00","slug":"","status":"publish","type":"post","link":"http:\/\/www.chapelle-crecy.com\/?p=288","title":{"rendered":"Annonces de la semaine du 1er au 7 novembre 2010"},"content":{"rendered":"<table bgcolor =\"F0FAFF\" border=0>\n<tbody>\n<tr>\n<td>\n<div align=\"justify\">\n<div \"206\">Voici les annonces de la semaine du lundi 1er au dimanche 7 novembre pour la paroisse des 3 clochers Cr\u00e9cy-la-Chapelle, Villiers-sur-Morin, Voulangis.<br \/>\nSamedi 6 : 18 h 30 Messe \u00e0\u00a0 Villiers.<br \/>\nDimanche 7 : 10 h 30 messe \u00e0\u00a0 Cr\u00e9cy<br \/>\n<font color=\"000000\">Mise \u00e0\u00a0 jour du 3 novembre : obs\u00e8ques de Raymonde Marteaux jeudi \u00e0\u00a0 10h30 \u00e0\u00a0 Cr\u00e9cy.<\/font><br \/>\nTous les d\u00e9tails dans la suite &#8230;<\/div>\n<\/div>\n<\/td>\n<\/tr>\n<\/tbody>\n<\/table>\n<table bgcolor =\"F0F6FF\" border=0>\n<tbody>\n<tr>\n<td width=\"25%\"><font color=\"00CC00\">Lundi 1er novembre<\/font><\/td>\n<td width=\"40%\"><font color=\"00CC00\">10 h 30 &#8211; SOLENNITE DE LA TOUSSAINT.<\/font><\/td>\n<td><font color=\"00CC00\"><br \/>\n17  h  Messe de la Toussaint \u00e0 la Maison de Retraite<font><\/td>\n<\/tr>\n<tr>\n<td width=\"25%\"><font color=\"802020\">Mardi 2 novembre<font><\/td>\n<td><font color=\"802020\">18 h &#8211; Messe \u00e0 Cr\u00e9cy pour  Louis GRANDHOMME et Carmen VALLEE.<font><\/td>\n<td><font color=\"802020\"><\/p>\n<div align=\"center\"><img decoding=\"async\" src=\"\/IMG\/gif\/cross.gif\"><\/div>\n<p><\/font><\/td>\n<\/tr>\n<tr>\n<td width=\"25%\"><font color=\"0020FF\">Mercredi 3 novembre<\/font><\/td>\n<td><font color=\"0020FF\"><\/p>\n<div align=\"center\"><img decoding=\"async\" src=\"\/IMG\/gif\/bibles004.gif\"><\/div>\n<p><font><\/td>\n<td><font color=\"0020FF\">9 h-  Messe \u00e0 Cr\u00e9cy pour Robert LORENTZ, Jacques GALLIATH et les d\u00e9funts de la famille THION-MUNIER.<\/font><\/td>\n<\/tr>\n<tr>\n<td width=\"25%\"><font color=\"00CC00\">jeudi 4 novembre<\/font><\/td>\n<td><font color=\"00CC00\">9 h &#8211; Messe \u00e0 Cr\u00e9cy pour Yvonne et Joseph FERNANDEZ.<font><\/td>\n<td width=\"40%\"><font color=\"000000\">10 h 30 &#8211; A Cr\u00e9cy obs\u00e8ques de Raymonde Marteaux.<\/div>\n<p><\/font><\/td>\n<\/tr>\n<tr>\n<td width=\"25%\"><font color=\"802020\">Vendredi 5 novembre<\/font><\/td>\n<td><font color=\"802020\"><\/p>\n<div align=\"center\"><img decoding=\"async\" src=\"\/IMG\/gif\/coupes004.gif\"><\/div>\n<p><font><\/td>\n<td><font color=\"802020\">18 h  Messe \u00e0 Cr\u00e9cy pour Henriette TUFFIN et Maurice VANBUREN.<font><\/td>\n<\/tr>\n<tr>\n<td width=\"25%\"><font color=\"0020FF\">Samedi 6 novembre<\/font><\/td>\n<td><font color=\"0020FF\"> 18 h 30  &#8211;  A Villiers, Messe anniversaire pour Roland BARDOEL.<font><\/td>\n<td><font color=\"0020FF\"><\/p>\n<div align=\"center\"><img decoding=\"async\" src=\"\/IMG\/gif\/coupes002.gif\"><\/div>\n<p><font><\/td>\n<\/tr>\n<tr>\n<td><font color=\"00CC00\">Dimanche 7 novembre<\/font><\/td>\n<td><font color=\"00CC00\"><\/p>\n<div align=\"center\"><img decoding=\"async\" src=\"\/IMG\/lieux\/stgeorges04.jpg\" width=150>\n<\/div>\n<p><\/font><\/td>\n<td><font color=\"00CC00\">10 h 30 &#8211;  A Cr\u00e9cy, Messe pour Thibaud CHRETIEN et Henriette GENTY.<\/font><\/td>\n<\/tr>\n<\/tbody>\n<\/table>\n","protected":false},"excerpt":{"rendered":"<p>Voici les annonces de la semaine du lundi 1er au dimanche 7 novembre pour la paroisse des 3 clochers Cr\u00e9cy-la-Chapelle, Villiers-sur-Morin, Voulangis. Samedi 6 : 18 h 30 Messe \u00e0\u00a0 Villiers. Dimanche 7 :&#46;&#46;&#46;<\/p>\n","protected":false},"author":2,"featured_media":0,"comment_status":"open","ping_status":"open","sticky":false,"template":"","format":"standard","meta":{"footnotes":""},"categories":[],"tags":[],"class_list":["post-288","post","type-post","status-publish","format-standard","hentry"],"_links":{"self":[{"href":"http:\/\/www.chapelle-crecy.com\/index.php?rest_route=\/wp\/v2\/posts\/288","targetHints":{"allow":["GET"]}}],"collection":[{"href":"http:\/\/www.chapelle-crecy.com\/index.php?rest_route=\/wp\/v2\/posts"}],"about":[{"href":"http:\/\/www.chapelle-crecy.com\/index.php?rest_route=\/wp\/v2\/types\/post"}],"author":[{"embeddable":true,"href":"http:\/\/www.chapelle-crecy.com\/index.php?rest_route=\/wp\/v2\/users\/2"}],"replies":[{"embeddable":true,"href":"http:\/\/www.chapelle-crecy.com\/index.php?rest_route=%2Fwp%2Fv2%2Fcomments&post=288"}],"version-history":[{"count":0,"href":"http:\/\/www.chapelle-crecy.com\/index.php?rest_route=\/wp\/v2\/posts\/288\/revisions"}],"wp:attachment":[{"href":"http:\/\/www.chapelle-crecy.com\/index.php?rest_route=%2Fwp%2Fv2%2Fmedia&parent=288"}],"wp:term":[{"taxonomy":"category","embeddable":true,"href":"http:\/\/www.chapelle-crecy.com\/index.php?rest_route=%2Fwp%2Fv2%2Fcategories&post=288"},{"taxonomy":"post_tag","embeddable":true,"href":"http:\/\/www.chapelle-crecy.com\/index.php?rest_route=%2Fwp%2Fv2%2Ftags&post=288"}],"curies":[{"name":"wp","href":"https:\/\/api.w.org\/{rel}","templated":true}]}}