{"id":289,"date":"2010-11-01T23:54:28","date_gmt":"2010-11-01T23:54:28","guid":{"rendered":""},"modified":"-0001-11-30T00:00:00","modified_gmt":"-0001-11-29T22:00:00","slug":"","status":"publish","type":"post","link":"http:\/\/www.chapelle-crecy.com\/?p=289","title":{"rendered":"La Toussaint t\u00e9moigne de l&rsquo;esp\u00e9rance chr\u00e9tienne face \u00e0\u00a0 la mort"},"content":{"rendered":"<div align=\"justify\">D\u00e9but novembre, nous entrons dans ce temps particulier de la Toussaint o\u00f9 nous sommes interpel\u00e9s par les questions de la vie, de la mort Nous aurons certainement l&rsquo;occasion de nous recueillir sur les tombes des d\u00e9funts de nos familles. En traversant ces cimeti\u00e8res fleuris, en repensant aux \u00eatres chers qui nous ont pr\u00e9c\u00e9d\u00e9s, en se souvenant et en priant pour eux, on peut l\u00e9gitimement se demander le pourquoi de notre existence humaine. <\/div>\n<div align=\"justify\">Pour l&rsquo;homme, la mort est une folie. Pour le chr\u00e9tien, J\u00e9sus, est mort et ressuscit\u00e9 :<br \/>\n en mourant par le supplice de la croix, il a port\u00e9 le poids des violences, \u00e9go\u00efsmes, jalousies, etc. de chacun de nous;<br \/>\n en ressuscitant, il nous donne l&rsquo;assurance d\u00e9finitive qu&rsquo;un avenir est possible.  C\u00e2\u20ac\u02dcest ce grand passage accompli par notre Seigneur J\u00e9sus-Christ de la nuit du Vendredi Saint au matin du dimanche de P\u00e2ques, qui est notre esp\u00e9rance. Le Christ a trac\u00e9 le chemin de toute l&rsquo;humanit\u00e9. Il a vaincu la mort ! Par sa descente au s\u00e9jour des morts il a d\u00e9livr\u00e9 toutes les \u00e2mes et leur a ouvert le Ciel. Nous sommes donc  tous appel\u00e9s, \u00e0 la suite du Christ, \u00e0 vivre de la vie m\u00eame de Dieu. La f\u00eate de la Toussaint, c&rsquo;est le prolongement de la f\u00eate de P\u00e2ques, c&rsquo;est l&rsquo;esp\u00e9rance joyeuse que chacune de nos vies sera transform\u00e9e dans la lumi\u00e8re pascale.<\/p>\n<p> La Toussaint, c&rsquo;est la f\u00eate de tous les saints. Mais un saint, c&rsquo;est quoi ?<br \/>\n Un saint, ce n&rsquo;est ni un super h\u00e9ros, ni un \u00eatre parfait. Au contraire, l&rsquo;histoire de l&rsquo;Eglise fournit des exemples de saints qui avaient une grande conscience de leur mis\u00e8re et de leurs p\u00e9ch\u00e9s. Le saint, c&rsquo;est celui qui sait qu&rsquo;il re\u00e7oit tout du Seul Saint Dieu lui-m\u00eame. Et qui essaie chaque jour, avec ses limites et ses qualit\u00e9s, de r\u00e9pondre \u00e0 l&rsquo;appel de Dieu. La saintet\u00e9 consiste surtout \u00e0 se mettre en marche. C&rsquo;est cela la r\u00e9ponse que Dieu attend de nous.<\/p>\n<p> Par la f\u00eate de la Toussaint, les catholiques c\u00e9l\u00e8brent tous les saints, connus et inconnus. Chaque 1er novembre, l&rsquo;Eglise c\u00e9l\u00e8bre la messe en leur honneur. Est proclam\u00e9 saint ou sainte celui ou celle qui a pratiqu\u00e9 de fa\u00e7on \u00e9lev\u00e9e la vertu de charit\u00e9 et qui a v\u00e9cu la fid\u00e9lit\u00e9 \u00e0 l&rsquo;Evangile. En canonisant, l&rsquo;Eglise propose au monde ces saints comme mod\u00e8les et intercesseurs.<\/p>\n<p> D&rsquo;o\u00f9 vient la pri\u00e8re pour les d\u00e9funts, le 2 novembre?<br \/>\n Vers le X si\u00e8cle, les moines de Cluny, avec l&rsquo;autorisation de l&rsquo;Eglise, ont consacr\u00e9 le 2 novembre, jour qui suit la f\u00eate de la Toussaint, \u00e0 la pri\u00e8re pour les d\u00e9funts qui ne sont pas encore entr\u00e9s dans la gloire de Dieu: les \u00e2mes du purgatoire.<\/p>\n<p> Les B\u00e9atitudes (saint Matthieu 5,1-12):<br \/>\n Quand J\u00e9sus vit la foule qui le suivait, il gravit la montagne. Il s&rsquo;assit, et ses disciples s&rsquo;approch\u00e8rent. Alors, ouvrant la bouche, il se mit \u00e0 les instruire. Il disait :<br \/>\n \u00ab Heureux les pauvres de coeur : le Royaume des cieux est \u00e0 eux !<br \/>\n Heureux les doux : ils obtiendront la terre promise !<br \/>\n Heureux ceux qui pleurent : ils seront consol\u00e9s !<br \/>\n Heureux ceux qui ont faim et soif de la justice : ils seront rassasi\u00e9s !<br \/>\n Heureux les mis\u00e9ricordieux : ils obtiendront mis\u00e9ricorde !<br \/>\n Heureux les coeurs purs : ils verront Dieu !<br \/>\n Heureux les artisans de paix : ils seront appel\u00e9s fils de Dieu !<br \/>\n Heureux ceux qui sont pers\u00e9cut\u00e9s pour la justice : le Royaume des cieux est \u00e0 eux !<br \/>\n Heureux serez-vous si l&rsquo;on vous insulte, si l&rsquo;on vous pers\u00e9cute et si l&rsquo;on dit faussement toute sorte de mal contre vous, \u00e0 cause de moi.<br \/>\n R\u00e9jouissez-vous, soyez dans l&rsquo;all\u00e9gresse, car votre r\u00e9compense sera grande dans les cieux ! C&rsquo;est ainsi qu&rsquo;on a pers\u00e9cut\u00e9 les proph\u00e8tes qui vous ont pr\u00e9c\u00e9d\u00e9s. <\/p>\n<\/div>\n","protected":false},"excerpt":{"rendered":"<p>D\u00e9but novembre, nous entrons dans ce temps particulier de la Toussaint o\u00f9 nous sommes interpel\u00e9s par les questions de la vie, de la mort Nous aurons certainement l&rsquo;occasion de nous recueillir sur les tombes&#46;&#46;&#46;<\/p>\n","protected":false},"author":2,"featured_media":0,"comment_status":"open","ping_status":"open","sticky":false,"template":"","format":"standard","meta":{"footnotes":""},"categories":[],"tags":[],"class_list":["post-289","post","type-post","status-publish","format-standard","hentry"],"_links":{"self":[{"href":"http:\/\/www.chapelle-crecy.com\/index.php?rest_route=\/wp\/v2\/posts\/289","targetHints":{"allow":["GET"]}}],"collection":[{"href":"http:\/\/www.chapelle-crecy.com\/index.php?rest_route=\/wp\/v2\/posts"}],"about":[{"href":"http:\/\/www.chapelle-crecy.com\/index.php?rest_route=\/wp\/v2\/types\/post"}],"author":[{"embeddable":true,"href":"http:\/\/www.chapelle-crecy.com\/index.php?rest_route=\/wp\/v2\/users\/2"}],"replies":[{"embeddable":true,"href":"http:\/\/www.chapelle-crecy.com\/index.php?rest_route=%2Fwp%2Fv2%2Fcomments&post=289"}],"version-history":[{"count":0,"href":"http:\/\/www.chapelle-crecy.com\/index.php?rest_route=\/wp\/v2\/posts\/289\/revisions"}],"wp:attachment":[{"href":"http:\/\/www.chapelle-crecy.com\/index.php?rest_route=%2Fwp%2Fv2%2Fmedia&parent=289"}],"wp:term":[{"taxonomy":"category","embeddable":true,"href":"http:\/\/www.chapelle-crecy.com\/index.php?rest_route=%2Fwp%2Fv2%2Fcategories&post=289"},{"taxonomy":"post_tag","embeddable":true,"href":"http:\/\/www.chapelle-crecy.com\/index.php?rest_route=%2Fwp%2Fv2%2Ftags&post=289"}],"curies":[{"name":"wp","href":"https:\/\/api.w.org\/{rel}","templated":true}]}}