{"id":290,"date":"2010-11-03T13:47:49","date_gmt":"2010-11-03T13:47:49","guid":{"rendered":""},"modified":"-0001-11-30T00:00:00","modified_gmt":"-0001-11-29T22:00:00","slug":"","status":"publish","type":"post","link":"http:\/\/www.chapelle-crecy.com\/?p=290","title":{"rendered":"Le 2 novembre nous nous souvenons de nos d\u00e9funts"},"content":{"rendered":"<div align=\"justify\">Au lendemain de la f\u00eate de la Toussaint, f\u00eate des vivants et de la foule innombrable des saints connus (ceux pr\u00e9sents dans le calendrier) ou inconnus, l&rsquo;Eglise Catholique nous invite \u00e0\u00a0 nous souvenir des proches qui nous ont quitt\u00e9s. Aller \u00e0\u00a0 la messe, en ce jour des d\u00e9funts, nous permet de prier \u00e0\u00a0 l&rsquo;intention des  mes de tous ceux que nous aimons et que la mort nous a arrach\u00e9s. Parmi la longue liste des d\u00e9funts \u00e0\u00a0 Cr\u00e9cy, rappelons-nous un instant du sourire de Thibaud &#8230;<\/div>\n<div align=\"justify\">Thibaud, c&rsquo;est ce jeune homme de 23 ans qui participait \u00e0 la messe le dimanche \u00e0 Cr\u00e9cy d&rsquo;une fa\u00e7on remarquable. Il \u00e9tait vraiment habit\u00e9 d&rsquo;une foi in\u00e9branlable. C&rsquo;est ce jeune trisomique qui \u00e9prouvait une grande sympathie pour le p\u00e8re Guillaume. Il faut voir quand il \u00e9tait enfant de choeur, comment il se tenait tout pr\u00eat de lui et de l&rsquo;autel. Et souvent, en fin de messe, il lui \u00ab arrachait \u00bb le micro des mains pour crier sa foi et l&rsquo;amour qu&rsquo;il avait des hommes \u00e0 toute l&rsquo;assembl\u00e9e. Myriam, animatrice de l&rsquo;aum\u00f4nerie se souvient : \u00ab Merci, Thibaud, d&rsquo;avoir fait conna \u00eetre la diff\u00e9rence, et avec elle la tol\u00e9rance aupr\u00e8s des jeunes de l&rsquo;aum\u00f4nerie, et des jeunes et moins jeunes de la paroisse, d&rsquo;abord \u00e0 travers la cat\u00e9ch\u00e8se sp\u00e9cialis\u00e9e, puis \u00e0 l&rsquo;aum\u00f4nerie et en tant que servant d&rsquo;autel. Merci pour la bonne humeur que tu as apport\u00e9e \u00e0 la paroisse. Comment ne pas se rappeler de ta joie lors des c\u00e9l\u00e9brations? Merci d&rsquo;avoir \u00e9t\u00e9 toi, Thibaud avec un grand \u00ab D \u00bb (comme il aimait \u00e0 le rappeler), et Chr\u00e9tien comme les chr\u00e9tiens. Se sachant gravement malade, voici une pri\u00e8re qu&rsquo;il a \u00e9crite lui-m\u00eame \u00e0 l&rsquo;h\u00f4pital de Reims, le 12 juillet 2010 et qu&rsquo;il a demand\u00e9 \u00e0 son ami Armand de lire le jour de ses obs\u00e8ques, c\u00e9l\u00e9br\u00e9es le jeudi 26 ao\u00fbt 2010 en l&rsquo;\u00e9glise St Georges de Cr\u00e9cy:<\/p>\n<p> Pri\u00e8re de Thibaud :<br \/>\n Encore merci pour tout.<br \/>\n Que tout le monde soit fier de moi.<br \/>\n Encore merci aux infirmi\u00e8res, \u00e0 ma famille, aux amis qui m&rsquo;entourent.<br \/>\n Heureusement, il y a mon p\u00e8re aupr\u00e8s de moi, pr\u00e9sent au fond de mon coeur.<br \/>\n Merci pour les soins, merci pour les cadeaux.<br \/>\n L&rsquo;aum\u00f4nerie, le cat\u00e9, m&rsquo;aident \u00e0 surmonter mon angoisse. Encore merci \u00e0 la messe.<br \/>\n Que mon p\u00e8re soit fier de moi. Bravo Thibaud, hip, hip, hourra !<br \/>\n Heureusement, il y a le P\u00e8re Guillaume, il est l\u00e0 dans mon coeur pour toujours.<br \/>\n Nous te prions.<\/p>\n<p>                                       <doc172><\/p>\n<p> Offrir une messe, un beau cadeau pour ceux que l&rsquo;on aime<br \/>\n Faire c\u00e9l\u00e9brer une messe pourquoi? Au moment de passer de ce monde \u00e0 son P\u00e8re, J\u00e9sus a institu\u00e9 l&rsquo;Eucharistie de son corps et de son sang avec le pain et le vin et nous as dit: \u00ab\u00a0Faites cela en m\u00e9moire de moi\u00a0\u00bb (St Luc 22,19).<br \/>\n C&rsquo;est pourquoi, chaque fois que la messe est c\u00e9l\u00e9br\u00e9e, c&rsquo;est le Christ en sa passion, sa mort et sa r\u00e9surrection qui est rndu pr\u00e9sent et offert pour la multitude.<br \/>\n C&rsquo;est-\u00e0-dire qu&rsquo;avec le pr\u00eatre et la communaut\u00e9 catholique, nous pouvons offrir et prier \u00e0 toutes les intentions qui nous tiennent \u00e0 coeur, pour les vivants et pour les d\u00e9funts.<br \/>\n Les offrandes de messe: la messe n&rsquo;a pas de prix.<br \/>\n Mais d\u00e8s les origines de l&rsquo;Eglise, les fid\u00e8les ont voulu montrer leur participation \u00e0 l&rsquo;Eucharistie, soit par des offrandes en nature, soit par des offrandes en esp\u00e8ces. Ces offrandes \u00e9taient destin\u00e9es \u00e0 participer aux besoins de l&rsquo;Eglise et plus particuli\u00e8rement \u00e0 la subsistance des pr\u00eatres.<br \/>\n Actuellement, dans notre dioc\u00e8se, l&rsquo;offrande pour une messe est de 16 \u00e2\u201a\u00ac. Mais, chacun donne selon ses moyens. Les intentions peuvent \u00eatre inscrites \u00e0 l&rsquo;accueil de la paroisse (T\u00e9l: 01 64 63 82 77).<\/p>\n<p> La prochaine messe \u00e0 l&rsquo;intention de Thibaud Chr\u00e9tien sera c\u00e9l\u00e9br\u00e9e<br \/>\n dimanche 7 novembre \u00e0 10h30 \u00e0 Cr\u00e9cy.<\/p>\n<p> Pri\u00e8re de la Toussaint: Quand j&rsquo;atteindrai l&rsquo;autre rive<br \/>\n Quand j&rsquo;atteindrai l&rsquo;autre rive,<br \/>\n Aurai-je \u00e9t\u00e9 assez pauvre de coeur pour avoir besoin de Toi?<br \/>\n Aurai-je laiss\u00e9 mes veines richesses pour m&rsquo;ouvrir \u00e0 ta Parole?<\/p>\n<p> Quand j&rsquo;atteindrai l&rsquo;autre rive,<br \/>\n Aurai-je \u00e9t\u00e9 assez doux et mis\u00e9ricordieux pour pardonner,<br \/>\n Pour ne pas me venger de celui qui m&rsquo;a bless\u00e9,<br \/>\n Pour ne pas juger trop vite celui qui n&rsquo;est pas comme moi?<\/p>\n<p> Quand j&rsquo;atteindrai l&rsquo;autre rive,<br \/>\n Aurai-je assez pleur\u00e9 sur le sort d&rsquo;une partie de l&rsquo;humanit\u00e9?<br \/>\n Aurai-je \u00e9t\u00e9 assez pers\u00e9cut\u00e9 pour la justice?<br \/>\n Aurai-je assez tent\u00e9 d&rsquo;ajuster notre monde \u00e0 ce que Tu attends de lui?<br \/>\n Aurai-je \u00e9t\u00e9 insult\u00e9 pour Te d\u00e9fendre?<\/p>\n<p> Quand j&rsquo;atteindrai l&rsquo;autre rive,<br \/>\n Aurai-je gard\u00e9 un coeur pur, droit, sans hypocrisie,<br \/>\n Qui observe ta loi d&rsquo;amour<br \/>\n et qui ne cherche pas \u00e0 se sauver sur le dos des autres?<\/p>\n<p> Quand j&rsquo;atteindrai l&rsquo;autre rive,<br \/>\n Aurai-je \u00e9t\u00e9 un instrument de paix,<br \/>\n Pas un partisan de la paix,<br \/>\n Pas quelqu&rsquo;un qui seulement condamne la guerre,<br \/>\n Mais qui construit la paix autour de soi,<br \/>\n Dans la famille, le boulot, le quartier, le pays? <\/p>\n<p> Quand j&rsquo;atteindrai l&rsquo;autre rive,<br \/>\n Ferai-je partie du cort\u00e8ge des Saints?<br \/>\n Aurai-je part \u00e0 Ton royaume?<br \/>\n La question est ouverte.<br \/>\n D&rsquo;une part, je ne me sens pas encore saint,<br \/>\n Pas encore pr\u00eat,<br \/>\n Trop loin encore de ce programme que Tu m&rsquo;as fix\u00e9,<br \/>\n Mais d&rsquo;autre part, je connais ta bont\u00e9,<br \/>\n Je sais que Tu nous veux tous avec Toi,<br \/>\n Et je Te prie.<\/p>\n<p> La vie devant moi est encore longue,<br \/>\n Ou courte, je ne sais pas,<br \/>\n Mais tu peux me donner ton aide<br \/>\n Pour \u00eatre un peu plus pauvre, doux, pacifique, pur, mis\u00e9ricordieux,<br \/>\n Bref, j&rsquo;ai besoin de Toi,<br \/>\n Ajuste-moi \u00e0 tes vues.<br \/>\n Soutiens mes efforts.<br \/>\n Si Tu entres dans ma vie d\u00e8s aujourd&rsquo;hui,<br \/>\n Je sais que mes chances seront plus grandes<br \/>\n D&rsquo;habiter un jour avec Toi.<\/p>\n<p>               (Pri\u00e8re de Toussaint sur le texte des B\u00e9atitudes (Mat 5, 1-12)<\/p><\/div>\n","protected":false},"excerpt":{"rendered":"<p>Au lendemain de la f\u00eate de la Toussaint, f\u00eate des vivants et de la foule innombrable des saints connus (ceux pr\u00e9sents dans le calendrier) ou inconnus, l&rsquo;Eglise Catholique nous invite \u00e0\u00a0 nous souvenir des&#46;&#46;&#46;<\/p>\n","protected":false},"author":2,"featured_media":0,"comment_status":"open","ping_status":"open","sticky":false,"template":"","format":"standard","meta":{"footnotes":""},"categories":[],"tags":[],"class_list":["post-290","post","type-post","status-publish","format-standard","hentry"],"_links":{"self":[{"href":"http:\/\/www.chapelle-crecy.com\/index.php?rest_route=\/wp\/v2\/posts\/290","targetHints":{"allow":["GET"]}}],"collection":[{"href":"http:\/\/www.chapelle-crecy.com\/index.php?rest_route=\/wp\/v2\/posts"}],"about":[{"href":"http:\/\/www.chapelle-crecy.com\/index.php?rest_route=\/wp\/v2\/types\/post"}],"author":[{"embeddable":true,"href":"http:\/\/www.chapelle-crecy.com\/index.php?rest_route=\/wp\/v2\/users\/2"}],"replies":[{"embeddable":true,"href":"http:\/\/www.chapelle-crecy.com\/index.php?rest_route=%2Fwp%2Fv2%2Fcomments&post=290"}],"version-history":[{"count":0,"href":"http:\/\/www.chapelle-crecy.com\/index.php?rest_route=\/wp\/v2\/posts\/290\/revisions"}],"wp:attachment":[{"href":"http:\/\/www.chapelle-crecy.com\/index.php?rest_route=%2Fwp%2Fv2%2Fmedia&parent=290"}],"wp:term":[{"taxonomy":"category","embeddable":true,"href":"http:\/\/www.chapelle-crecy.com\/index.php?rest_route=%2Fwp%2Fv2%2Fcategories&post=290"},{"taxonomy":"post_tag","embeddable":true,"href":"http:\/\/www.chapelle-crecy.com\/index.php?rest_route=%2Fwp%2Fv2%2Ftags&post=290"}],"curies":[{"name":"wp","href":"https:\/\/api.w.org\/{rel}","templated":true}]}}