{"id":291,"date":"2010-11-05T23:32:00","date_gmt":"2010-11-05T23:32:00","guid":{"rendered":""},"modified":"-0001-11-30T00:00:00","modified_gmt":"-0001-11-29T22:00:00","slug":"","status":"publish","type":"post","link":"http:\/\/www.chapelle-crecy.com\/?p=291","title":{"rendered":"Entendre l&rsquo;appel de la dignit\u00e9"},"content":{"rendered":"<div align=\"justify\">Depuis novembre 2008, Mgr Bernard Podvin est Porte-Parole de la Conf\u00e9rence des \u00e9v\u00eaques de France et a \u00e9t\u00e9 r\u00e9cemment nomm\u00e9 au grade de chevalier de l&rsquo;ordre du M\u00e9rite. J&rsquo;ai l&rsquo;honneur d&rsquo;\u00eatre li\u00e9 d&rsquo;amiti\u00e9 de longue date avec cet ancien vice-recteur de l&rsquo;Universit\u00e9 catholique de Lille. J&rsquo;aimerais vous faire partager la gentillesse et le professionnalisme de ce grand communicant tr\u00e8s attachant. Pour l&rsquo;heure, il est en assembl\u00e9e pl\u00e9ni\u00e8re \u00e0\u00a0 Lourdes et m&rsquo;a demand\u00e9 de porter \u00e0\u00a0 votre connaissance la r\u00e9flexion de son confr\u00e8re Mgr d&rsquo;Ornellas &#8230; <\/div>\n<div align=\"justify\">\n Mgr Pierre d&rsquo;Ornellas, Archev\u00eaque de Rennes, accompagne et coordonne depuis deux ans maintenant la r\u00e9flexion de l&rsquo;Eglise catholique en France, concernant le projet de loi relatif \u00e0 la bio\u00e9thique. Il s&rsquo;est exprim\u00e9 dans Ouest-France, le 2 novembre dernier, dans la rubrique \u00ab Point de vue \u00bb. Ce papier se veut introductif \u00e0 la r\u00e9flexion de l&rsquo;Assembl\u00e9e Pl\u00e9ni\u00e8re de Lourdes. Article remarquable quant \u00e0 l&rsquo;appel au service de la dignit\u00e9. A m\u00e9diter dans nos communaut\u00e9s.<\/p>\n<p>                              <doc 176><\/p>\n<p> Bient\u00f4t sera discut\u00e9 au Parlement le projet de loi relatif \u00e0 la bio\u00e9thique. Il concerne chacun de nous. Il met en jeu une certaine id\u00e9e de l&rsquo;homme et de sa dignit\u00e9. C&rsquo;est pourquoi les \u00e9v\u00eaques, r\u00e9unis prochainement \u00e0 Lourdes, en discuteront ensemble.<\/p>\n<p> La dignit\u00e9 humaine est un appel qui ne peut \u00eatre \u00e9touff\u00e9. La prot\u00e9ger chez tous et en toutes circonstances est la vocation de nos lois. Elle est un cri quand justice et libert\u00e9 sont bafou\u00e9es. Elle demeure un appel puissant mais silencieux chez les plus vuln\u00e9rables. Leur simple pr\u00e9sence en est l&rsquo;\u00e9cho. Heureuse la soci\u00e9t\u00e9 qui l&rsquo;entend et qui, lui r\u00e9pondant, voit surgir d&rsquo;elle-m\u00eame des tr\u00e9sors de solidarit\u00e9 et de respect !<\/p>\n<p> Entendre l&rsquo;appel de la dignit\u00e9, c&rsquo;est promouvoir le consentement libre et \u00e9clair\u00e9. Pour cela, le projet de loi ouvre les voies d&rsquo;une information plus compl\u00e8te avant et apr\u00e8s les examens visant \u00e0 d\u00e9celer une anomalie g\u00e9n\u00e9tique sur l&rsquo;adulte ou l&rsquo;enfant \u00e0 na \u00eetre. L&rsquo;information sera conforme \u00e0 la dignit\u00e9 si elle conduit au regard juste sur le handicap.<\/p>\n<p> Entendre l&rsquo;appel de la dignit\u00e9, c&rsquo;est mettre au centre \u00ab l&rsquo;int\u00e9r\u00eat de l&rsquo;enfant \u00e0 na \u00eetre \u00bb(1) . C&rsquo;est pourquoi, le projet de loi maintient l&rsquo;interdiction de l&rsquo;Assistance M\u00e9dicale \u00e0 la Procr\u00e9ation (AMP) post mortem et propose la lev\u00e9e de l&rsquo;anonymat pour les enfants issus de l&rsquo;AMP avec donneurs. Mais cette technique suscite tant de probl\u00e8mes qu&rsquo;il est juste de se demander si elle respecte l&rsquo;int\u00e9r\u00eat de ces enfants : seraient-ils d&rsquo;accord pour que soit d\u00e9lib\u00e9r\u00e9ment dissoci\u00e9e leur filiation g\u00e9n\u00e9tique de leur filiation affective ? Les enfants adopt\u00e9s ne disent-ils pas merci \u00e0 leurs parents ?<\/p>\n<p> Entendre l&rsquo;appel de la dignit\u00e9, c&rsquo;est s&rsquo;engager dans la recherche scientifique pour vaincre l&rsquo;infertilit\u00e9 m\u00e9dicale, trouver des th\u00e9rapies et gu\u00e9rir le handicap. Par exemple, les th\u00e9rapies \u00e0 partir des cellules du sang de cordon ombilical sont une belle r\u00e9ponse. Le projet de loi reconna \u00eet qu&rsquo;elles sont une ressource th\u00e9rapeutique si elles sont donn\u00e9es, \u00e0 l&rsquo;instar du beau don d&rsquo;organes.<\/p>\n<p> Entendre l&rsquo;appel de la dignit\u00e9, c&rsquo;est ne pas c\u00e9der aux tentations auxquelles expose l&rsquo;\u00e9tonnant silence de l&#8217;embryon humain. C&rsquo;est d\u00e9passer le regard scientifique qui ne peut y reconna \u00eetre qu&rsquo;un \u00ab amas de cellules \u00bb, ce que nous sommes tous, mais pas seulement, loin s&rsquo;en faut ! C&rsquo;est ne pas entrer dans la \u00ab ruse de l&rsquo;esprit \u00bb(2) qui invente des distinctions \u00ab arbitraires \u00bb(3) entre in utero ou in vitro, entre \u00ab pr\u00e9embryon \u00bb et \u00ab embryon \u00bb. C&rsquo;est reconna \u00eetre le continuum interne du d\u00e9veloppement embryonnaire et le passage par des seuils vitaux de celui qui ne peut devenir humain s&rsquo;il ne l&rsquo;est pas d\u00e9j\u00e0. C&rsquo;est consid\u00e9rer l&rsquo;ensemble de notre droit qui, de fa\u00e7on coh\u00e9rente, interdit l&rsquo;utilisation de la vie d&rsquo;un \u00eatre humain pour le bien d&rsquo;autres \u00eatres humains. C&rsquo;est faire les choix politiques, sans les mesurer au seul aspect financier, de moyens suppl\u00e9mentaires pour les recherches scientifiques men\u00e9es dans le respect de la dignit\u00e9 humaine. Le projet de loi change l&rsquo;esprit de notre droit en ouvrant, dans des conditions peu restrictives, la possibilit\u00e9 permanente de d\u00e9truire de fa\u00e7on d\u00e9lib\u00e9r\u00e9e des embryons humains pour la recherche.<\/p>\n<p> Par ses choix en bio\u00e9thique, la France entendra-t-elle compl\u00e8tement l&rsquo;appel de la dignit\u00e9 ? Elle peut encore une fois \u00eatre au rendez-vous de l&rsquo;histoire pour redire l&rsquo;intangible dignit\u00e9 \u00ab de tout \u00eatre humain d\u00e8s le commencement de sa vie \u00bb(4).<\/p>\n<p> Texte paru dans Ouest-France, le 2 novembre 2010<\/p>\n<p> (1) : Proposition n\u00c2\u00b04, Rapport parlementaire, janvier 2010.<br \/>\n (2) : Catherine Labrusse-Riou, juriste.<br \/>\n (3) : Alain Clayes, Rapport parlementaire, juin 2001.<br \/>\n (4) : Code civil, art. 16. <\/p>\n<p> L&rsquo;Assembl\u00e9e pl\u00e9ni\u00e8re des \u00e9v\u00eaques de France s&rsquo;est donc ouverte hier jeudi \u00e0 Lourdes. Je joins \u00e0 cet article  le discours d&rsquo;ouverture prononc\u00e9 par le cardinal Andr\u00e9 Vingt-Trois, pr\u00e9sident de la Conf\u00e9rence des \u00e9v\u00eaques de France.<\/p><\/div>\n","protected":false},"excerpt":{"rendered":"<p>Depuis novembre 2008, Mgr Bernard Podvin est Porte-Parole de la Conf\u00e9rence des \u00e9v\u00eaques de France et a \u00e9t\u00e9 r\u00e9cemment nomm\u00e9 au grade de chevalier de l&rsquo;ordre du M\u00e9rite. J&rsquo;ai l&rsquo;honneur d&rsquo;\u00eatre li\u00e9 d&rsquo;amiti\u00e9 de&#46;&#46;&#46;<\/p>\n","protected":false},"author":2,"featured_media":0,"comment_status":"open","ping_status":"open","sticky":false,"template":"","format":"standard","meta":{"footnotes":""},"categories":[],"tags":[],"class_list":["post-291","post","type-post","status-publish","format-standard","hentry"],"_links":{"self":[{"href":"http:\/\/www.chapelle-crecy.com\/index.php?rest_route=\/wp\/v2\/posts\/291","targetHints":{"allow":["GET"]}}],"collection":[{"href":"http:\/\/www.chapelle-crecy.com\/index.php?rest_route=\/wp\/v2\/posts"}],"about":[{"href":"http:\/\/www.chapelle-crecy.com\/index.php?rest_route=\/wp\/v2\/types\/post"}],"author":[{"embeddable":true,"href":"http:\/\/www.chapelle-crecy.com\/index.php?rest_route=\/wp\/v2\/users\/2"}],"replies":[{"embeddable":true,"href":"http:\/\/www.chapelle-crecy.com\/index.php?rest_route=%2Fwp%2Fv2%2Fcomments&post=291"}],"version-history":[{"count":0,"href":"http:\/\/www.chapelle-crecy.com\/index.php?rest_route=\/wp\/v2\/posts\/291\/revisions"}],"wp:attachment":[{"href":"http:\/\/www.chapelle-crecy.com\/index.php?rest_route=%2Fwp%2Fv2%2Fmedia&parent=291"}],"wp:term":[{"taxonomy":"category","embeddable":true,"href":"http:\/\/www.chapelle-crecy.com\/index.php?rest_route=%2Fwp%2Fv2%2Fcategories&post=291"},{"taxonomy":"post_tag","embeddable":true,"href":"http:\/\/www.chapelle-crecy.com\/index.php?rest_route=%2Fwp%2Fv2%2Ftags&post=291"}],"curies":[{"name":"wp","href":"https:\/\/api.w.org\/{rel}","templated":true}]}}