{"id":293,"date":"2010-11-12T08:25:50","date_gmt":"2010-11-12T08:25:50","guid":{"rendered":""},"modified":"-0001-11-30T00:00:00","modified_gmt":"-0001-11-29T22:00:00","slug":"","status":"publish","type":"post","link":"http:\/\/www.chapelle-crecy.com\/?p=293","title":{"rendered":"Hommage du P\u00e8re Legrand \u00e0\u00a0 un ami"},"content":{"rendered":"<div align=\"justify\">Le P\u00e8re Pierre Laidez n&rsquo;est plus. Il a rejoint la maison du P\u00e8re le 30 octobre dernier. Beaucoup d&rsquo;entre vous avez certainement rencontr\u00e9 cet homme si jovial, ce pr\u00eatre priant et plein de compassion pour son prochain. Notre s\u00e9paration d&rsquo;avec lui, comme tout \u00eatre cher, est difficile \u00e0\u00a0 supporter. Et pourtant, le Christ est ressuscit\u00e9. Le \u00ab\u00a0Je suis avec vous\u00a0\u00bb n&rsquo;a jamais \u00e9t\u00e9 aussi pleinement r\u00e9alis\u00e9 qu&rsquo;apr\u00e8s sa R\u00e9surrection. Avec le don de l&rsquo;Esprit, nous croyons aujourd&rsquo;hui, que celui que nous aimons, Pierre, est vivant. Voici l&rsquo;int\u00e9gralit\u00e9 de l&rsquo;hom\u00e9lie \u00e9mouvante que le P\u00e8re Philippe Legrand a adress\u00e9 \u00e0\u00a0 son cher confr\u00e8re et ami, le 5 novembre 2010 \u00e0\u00a0 la cath\u00e9drale de Meaux&#8230;<\/div>\n<div align=\"justify\">\n En cette fin d&rsquo;ann\u00e9e liturgique o\u00f9 nos regards et notre contemplation va vers la fin des temps, le retour du Christ, les jours derniers, J\u00e9sus nous dit dans l&rsquo;Evangile \u00ab Restez en terme de service et gardez vos lampes allum\u00e9es, tenez vous pr\u00eats.\u00bb<br \/>\n La Parole de Dieu, est vivante, elle s&rsquo;accomplit pour votre fr\u00e8re le P\u00e8re Pierre Laidez qui nous a quitt\u00e9 dans la nuit de vendredi \u00e0 samedi dernier.<br \/>\n Il devait c\u00e9l\u00e9brer la messe comme chaque jour au Carmel et il est entr\u00e9 dans la P\u00e2que \u00e9ternelle du Christ.<br \/>\n Il est d\u00e9c\u00e9d\u00e9 l&rsquo;avant-veille de la f\u00eate de tous les Saints o\u00f9 nous entendions cette parole de l&rsquo;Ap\u00f4tre St Jean qui nous remet devant notre vocation d&rsquo;enfant de Dieu et ce qui nous attend au jour de la r\u00e9surrection bienheureuse \u00ab Je veux voir Dieu, le voir de mes yeux, joie sans fin des bienheureux.\u00bb<br \/>\n C&rsquo;est aussi la fin du mois du Rosaire et en ce samedi o\u00f9 l&rsquo;Eglise c\u00e9l\u00e8bre et prie particuli\u00e8rement la Vierge Marie dans sa foi sans faille le samedi Saint dans l&rsquo;esp\u00e9rance de P\u00e2ques.<\/p>\n<p> Pierre \u00e9tait nordiste<br \/>\n Pierre aimait rappeler ses origines du Nord, des chtis, le Portel pr\u00e8s de Boulogne\/sur\/Mer, r\u00e9gion expos\u00e9e qui a \u00e9t\u00e9 marqu\u00e9e par la guerre et qui a laiss\u00e9 chez le jeune Pierre, une blessure int\u00e9rieure.<br \/>\n Son itin\u00e9raire a \u00e9t\u00e9 marqu\u00e9 par de nombreuses escales o\u00f9 apr\u00e8s le s\u00e9minaire \u00e0 Meaux, il a rejoint l&rsquo;\u00e9quipe sacerdotale \u00e0 Montereau-surville, Lagny-sur-Marne, Mitry le Neuf et l&rsquo;accompagnement de communaut\u00e9s religieuses et groupes de pri\u00e8re.<br \/>\n Il avait trouv\u00e9 depuis quelques ann\u00e9es ici \u00e0 Meaux son port d&rsquo;attache dans le service r\u00e9gulier du Carmel, des confessions, la pr\u00e9sence dans des groupes de spiritualit\u00e9, la disponibilit\u00e9 pour l&rsquo;\u00e9coute, les malades, les b\u00e9n\u00e9dictions, le service des messes dans les secteurs sans pr\u00eatres r\u00e9sidents, autour de Meaux, sans oublier la fraternit\u00e9 sacerdotale et le ressourcement dans des lieux qu&rsquo;il aimait comme le Foyer de Charit\u00e9, St Gervais.<br \/>\n Beaucoup se sentent aujourd&rsquo;hui orphelins mais nous voulons aussi rendre gr\u00e2ce au Seigneur de nous avoir donn\u00e9 le P\u00e8re Pierre Laidez et de l&rsquo;avoir mis sur notre chemin  Pr\u00eatre \u00e0 la mani\u00e8re des Ap\u00f4tres.<br \/>\nLe Seigneur l&rsquo;a appel\u00e9 et il a r\u00e9pondu \u00e0 son appel dans la fragilit\u00e9 de sa vie et dans la fid\u00e9lit\u00e9 et l&rsquo;abondance \u00e0 la volont\u00e9 de Dieu. \u00ab Ce tr\u00e9sor, nous le portons dans les vases d&rsquo;argile pour que ce ne soit pas notre oeuvre mais l&rsquo;oeuvre de Dieu qui s&rsquo;accomplisse \u00bb<\/p>\n<p>                      <img181|center><\/p>\n<p> Pierre \u00e9tait un pr\u00eatre qui a donn\u00e9 sa vie \u00e9tait donn\u00e9e aux autres<br \/>\nSa vie et son minist\u00e8re de pr\u00eatre, c&rsquo;est de donner Dieu aux hommes et d&rsquo;offrir les hommes \u00e0 Dieu comme cela est rappel\u00e9 dans l&rsquo;ordination.<br \/>\n\u00ab Recevez l&rsquo;offrande du peuple saint pour la pr\u00e9senter \u00e0 Dieu. Prenez bien conscience de ce que vous ferez, vivez ce que vous accomplirez et conformez-vous au myst\u00e8re de la croix du Seigneur \u00bb<br \/>\n Ce myst\u00e8re de la croix, il l&rsquo;a port\u00e9 dans la fragilit\u00e9 de sa sant\u00e9, cette \u00e9charde dans sa chair comme disait St Paul et qui offerte dans la pri\u00e8re de l&rsquo;Eucharistie c\u00e9l\u00e9br\u00e9e et ador\u00e9e est source de f\u00e9condit\u00e9 spirituelle en le rendant attentif et accueillant \u00e0 toute d\u00e9tresse pour \u00eatre le t\u00e9moin de la tendresse, de la compassion et de la mis\u00e9ricorde de Dieu, particuli\u00e8rement dans le Sacrement de p\u00e9nitence et de r\u00e9conciliation qu&rsquo;il assurait chaque samedi fid\u00e8lement.<br \/>\n \u00ab J&rsquo;entre dans la vie \u00bb disait Ste Th\u00e9r\u00e8se de l&rsquo;enfant J\u00e9sus \u00e0 l&rsquo;\u00e9cole de la spiritualit\u00e9 du Carmel, de l&rsquo;enfant J\u00e9sus de Prague, Pierre avait quelque chose de ce coeur d&rsquo;enfant qui s&rsquo;\u00e9merveille et re\u00e7oit tout comme un don et une gr\u00e2ce de Dieu.<br \/>\n Il avait du mal \u00e0 r\u00e9aliser qu&rsquo;il avait \u00e9t\u00e9 nomm\u00e9 Chanoine, mais il le portait dans une pri\u00e8re pour le Dioc\u00e8se, sp\u00e9cialement pour l&rsquo;Evang\u00e9lisation et les vocations, il est beau de voir que le jour de la mort de Pierre, deux s\u00e9minaristes ont fait leur premier engagement devant notre Ev\u00eaque.<br \/>\n Que le Seigneur accueille dans sa maison son humble et fid\u00e8le serviteur Pierre et qu&rsquo;il nous garde vigilants dans la pri\u00e8re et en tenue de service pour le jour o\u00f9 il viendra.<\/p>\n<p> Amen<\/p>\n<p>              <img185|center><br \/>\n Salve Regina<\/p>\n<p> Salve, Regina, mater misericordiae ;<br \/>\n Vita dulcedo et spes nostra, salve.<br \/>\n Ad te suspiramus, gementes et flentes<br \/>\n In hac lacrimarum valle.<br \/>\n Eia ergo, advocata nostra,<br \/>\n Illos tuos misericordes oculos<br \/>\n Ad nos converte.<br \/>\n Et Iesum, benedictum fructum ventris tui,<br \/>\n Nobis post hoc exsilium ostende.<br \/>\n O clemens, o pia, o dulcis Virgo Maria.<\/p>\n<p> Traduction<br \/>\n Salut, Reine, M\u00e8re de mis\u00e9ricorde,<br \/>\n Vie, douceur et notre espoir, salut :<br \/>\n Vers toi nous soupirons, g\u00e9missants et pleurants<br \/>\n En cette vall\u00e9e de larmes.<br \/>\n Or donc, notre avocate,<br \/>\n Tes yeux mis\u00e9ricordieux,<br \/>\n Vers nous tourne-les.<br \/>\n Et J\u00e9sus, le fruit b\u00e9ni de ton ventre,<br \/>\n Apr\u00e8s cet exil, montre-le-nous,<br \/>\n O cl\u00e9mente, \u00f4 pieuse, \u00f4 douce Vierge Marie\n<\/p><\/div>\n","protected":false},"excerpt":{"rendered":"<p>Le P\u00e8re Pierre Laidez n&rsquo;est plus. Il a rejoint la maison du P\u00e8re le 30 octobre dernier. Beaucoup d&rsquo;entre vous avez certainement rencontr\u00e9 cet homme si jovial, ce pr\u00eatre priant et plein de compassion&#46;&#46;&#46;<\/p>\n","protected":false},"author":2,"featured_media":0,"comment_status":"open","ping_status":"open","sticky":false,"template":"","format":"standard","meta":{"footnotes":""},"categories":[],"tags":[],"class_list":["post-293","post","type-post","status-publish","format-standard","hentry"],"_links":{"self":[{"href":"http:\/\/www.chapelle-crecy.com\/index.php?rest_route=\/wp\/v2\/posts\/293","targetHints":{"allow":["GET"]}}],"collection":[{"href":"http:\/\/www.chapelle-crecy.com\/index.php?rest_route=\/wp\/v2\/posts"}],"about":[{"href":"http:\/\/www.chapelle-crecy.com\/index.php?rest_route=\/wp\/v2\/types\/post"}],"author":[{"embeddable":true,"href":"http:\/\/www.chapelle-crecy.com\/index.php?rest_route=\/wp\/v2\/users\/2"}],"replies":[{"embeddable":true,"href":"http:\/\/www.chapelle-crecy.com\/index.php?rest_route=%2Fwp%2Fv2%2Fcomments&post=293"}],"version-history":[{"count":0,"href":"http:\/\/www.chapelle-crecy.com\/index.php?rest_route=\/wp\/v2\/posts\/293\/revisions"}],"wp:attachment":[{"href":"http:\/\/www.chapelle-crecy.com\/index.php?rest_route=%2Fwp%2Fv2%2Fmedia&parent=293"}],"wp:term":[{"taxonomy":"category","embeddable":true,"href":"http:\/\/www.chapelle-crecy.com\/index.php?rest_route=%2Fwp%2Fv2%2Fcategories&post=293"},{"taxonomy":"post_tag","embeddable":true,"href":"http:\/\/www.chapelle-crecy.com\/index.php?rest_route=%2Fwp%2Fv2%2Ftags&post=293"}],"curies":[{"name":"wp","href":"https:\/\/api.w.org\/{rel}","templated":true}]}}