{"id":297,"date":"2010-11-21T10:10:00","date_gmt":"2010-11-21T10:10:00","guid":{"rendered":""},"modified":"-0001-11-30T00:00:00","modified_gmt":"-0001-11-29T22:00:00","slug":"","status":"publish","type":"post","link":"http:\/\/www.chapelle-crecy.com\/?p=297","title":{"rendered":"Annonces de la semaine du 22 au 28 novembre 2010"},"content":{"rendered":"<table bgcolor =\"F0FAFF\" border=0>\n<tbody>\n<tr>\n<td>\n<div align=\"justify\">\n<div \"215\">Voici les annonces de la semaine du lundi 22 au dimanche 28 novembre pour la paroisse des 3 clochers Cr\u00e9cy-la-Chapelle, Villiers-sur-Morin, Voulangis.<br \/>\nSamedi 27 : 18 h 30 Messe \u00e0\u00a0 Voulangis.<br \/>\nDimanche 28 : 10 h 30 messe \u00e0\u00a0 Cr\u00e9cy<br \/>\nTous les d\u00e9tails dans la suite &#8230;<\/div>\n<\/div>\n<\/td>\n<\/tr>\n<\/tbody>\n<\/table>\n<table bgcolor =\"F0F6FF\" border=0>\n<tbody>\n<tr>\n<td width=\"25%\"><font color=\"00CC00\">Lundi 22 novembre<\/font><\/td>\n<td width=\"40%\"><font color=\"00CC00\">17 h  Messe \u00e0  la Maison de Retraite.<font><\/td>\n<td ><font color=\"00CC00\">20 h 30  R\u00e9union  de l&rsquo;Equipe d&rsquo;Animation Pastorale.<\/font><\/td>\n<\/tr>\n<tr>\n<td><font color=\"802020\">Mardi 23 novembre<font><\/td>\n<td><font color=\"802020\">18 h  Messe \u00e0 Cr\u00e9cy pour Lemos  MARQUES et DA CONCEICAO Jorge.<font><\/td>\n<td><font color=\"802020\"><\/p>\n<div align=\"center\"><img decoding=\"async\" src=\"\/IMG\/gif\/coupes002.gif\"><\/div>\n<p><\/font><\/td>\n<\/tr>\n<tr>\n<td><font color=\"0020FF\">Mercredi 24 novembre<\/font><\/td>\n<td><font color=\"0020FF\">18 h-  Messe \u00e0 Cr\u00e9cy pour les AMES DU PURGATOIRE.<font><\/td>\n<td><font color=\"0020FF\">20 h 30  R\u00e9union du Comit\u00e9 J.B. Vianney.<\/font><\/td>\n<\/tr>\n<tr>\n<td><font color=\"00CC00\">jeudi 25 novembre<\/font><\/td>\n<td><font color=\"00CC00\">9 h  Messe \u00e0 Cr\u00e9cy  pour Daniel BROUILLIER et  Gilberte DENIS.<font><\/td>\n<td><font color=\"000000\"><\/p>\n<div align=\"center\"><img decoding=\"async\" src=\"\/IMG\/gif\/bibles004.gif\"><\/div>\n<p><\/font><\/td>\n<\/tr>\n<\/tr>\n<tr>\n<td><font color=\"00CC00\">vendredi 26 novembre<\/font><\/td>\n<td><font color=\"000000\"><\/p>\n<div align=\"center\"><img decoding=\"async\" src=\"\/IMG\/gif\/coupes004.gif\" ><\/div>\n<p><\/font><\/td>\n<td><font color=\"00CC00\">9 h  &#8211; Messe pour Arlette MICIAK et Marie Th\u00e9r\u00e8se DOMISE.<font><\/td>\n<\/tr>\n<tr>\n<td><font color=\"0020FF\">Samedi 27 novembre<\/font><\/td>\n<td><font color=\"0020FF\">18 h 30 &#8211;  A Voulangis  , Messe pour  Maurice MOTTET et Alain VASSEUR.<font><\/td>\n<td><font color=\"0020FF\"><\/p>\n<div align=\"center\"><img decoding=\"async\" src=\"\/IMG\/lieux\/voulangis_eglise1.jpg\" width=150><\/div>\n<p><font><\/td>\n<\/tr>\n<tr>\n<td><font color=\"00CC00\">Dimanche 28 novembre<\/font><\/td>\n<td><font color=\"00CC00\"><\/p>\n<div align=\"center\"><img decoding=\"async\" src=\"\/IMG\/lieux\/stgeorges04.jpg\" width=150>\n<\/div>\n<p><\/font><\/td>\n<td><font color=\"00CC00\">10 h 30 &#8211; A Cr\u00e9cy, Messe pour Marcelle et Jean DUPONT, ainsi que pour Colette GIZOUX<\/font><\/td>\n<\/tr>\n<\/tbody>\n<\/table>\n<p><font color=\"0000FF\">Et \u00e0 la fin  de l&rsquo;office,  samedi 27 et dimanche 28, les  AMIS DU BURKINA FASO<br \/>\nvous proposeront  comme chaque ann\u00e9e leurs chocolats. Le produit de cette<br \/>\nvente est destin\u00e9 \u00e0 participer \u00e0 leur oeuvre dans ce pays. Merci de leur faire<br \/>\nbon accueil.<br \/>\n<\/font><\/p>\n","protected":false},"excerpt":{"rendered":"<p>Voici les annonces de la semaine du lundi 22 au dimanche 28 novembre pour la paroisse des 3 clochers Cr\u00e9cy-la-Chapelle, Villiers-sur-Morin, Voulangis. Samedi 27 : 18 h 30 Messe \u00e0\u00a0 Voulangis. Dimanche 28 :&#46;&#46;&#46;<\/p>\n","protected":false},"author":2,"featured_media":0,"comment_status":"open","ping_status":"open","sticky":false,"template":"","format":"standard","meta":{"footnotes":""},"categories":[],"tags":[],"class_list":["post-297","post","type-post","status-publish","format-standard","hentry"],"_links":{"self":[{"href":"http:\/\/www.chapelle-crecy.com\/index.php?rest_route=\/wp\/v2\/posts\/297","targetHints":{"allow":["GET"]}}],"collection":[{"href":"http:\/\/www.chapelle-crecy.com\/index.php?rest_route=\/wp\/v2\/posts"}],"about":[{"href":"http:\/\/www.chapelle-crecy.com\/index.php?rest_route=\/wp\/v2\/types\/post"}],"author":[{"embeddable":true,"href":"http:\/\/www.chapelle-crecy.com\/index.php?rest_route=\/wp\/v2\/users\/2"}],"replies":[{"embeddable":true,"href":"http:\/\/www.chapelle-crecy.com\/index.php?rest_route=%2Fwp%2Fv2%2Fcomments&post=297"}],"version-history":[{"count":0,"href":"http:\/\/www.chapelle-crecy.com\/index.php?rest_route=\/wp\/v2\/posts\/297\/revisions"}],"wp:attachment":[{"href":"http:\/\/www.chapelle-crecy.com\/index.php?rest_route=%2Fwp%2Fv2%2Fmedia&parent=297"}],"wp:term":[{"taxonomy":"category","embeddable":true,"href":"http:\/\/www.chapelle-crecy.com\/index.php?rest_route=%2Fwp%2Fv2%2Fcategories&post=297"},{"taxonomy":"post_tag","embeddable":true,"href":"http:\/\/www.chapelle-crecy.com\/index.php?rest_route=%2Fwp%2Fv2%2Ftags&post=297"}],"curies":[{"name":"wp","href":"https:\/\/api.w.org\/{rel}","templated":true}]}}