{"id":298,"date":"2010-11-21T08:06:38","date_gmt":"2010-11-21T08:06:38","guid":{"rendered":""},"modified":"-0001-11-30T00:00:00","modified_gmt":"-0001-11-29T22:00:00","slug":"","status":"publish","type":"post","link":"http:\/\/www.chapelle-crecy.com\/?p=298","title":{"rendered":"Avec le Secours Catholique on croit en vous !"},"content":{"rendered":"<div align=\"justify\">La g\u00e9n\u00e9rosit\u00e9 des consommateurs cr\u00e9\u00e7ois \u00e0\u00a0 la sortie des magasins Intermarch\u00e9 et Carrefour City a \u00e9t\u00e9, ce 20 novembre, exemplaire. Comme tous les ans \u00e0\u00a0 cette \u00e9poque, l&rsquo;importante collecte de denr\u00e9es alimentaires non p\u00e9rissables faite par les b\u00e9n\u00e9voles du Secours Catholique permettra de venir en aide aux plus d\u00e9munis de notre secteur.<\/div>\n<div align=\"justify\"><img202|center><br \/>\n S&rsquo;il faut retenir une chose de la collecte 2010, c&rsquo;est assur\u00e9ment<br \/>\n l&rsquo;entente de toutes les g\u00e9n\u00e9rations des b\u00e9n\u00e9voles au service d&rsquo;une cause unique: l&rsquo;amour du plus faible.<br \/>\n En effet, toutes les 2 heures, des retrait\u00e9s mais aussi de jeunes actifs se sont relay\u00e9s tout ce samedi pour r\u00e9colter des caddies entiers d&rsquo;aliments pour b\u00e9b\u00e9s et de produits d&rsquo;hygi\u00e8ne, mais aussi des p\u00e2tes et des bo \u00eetes de conserves. Toute l&rsquo;\u00e9quipe du Secours Catholique de Cr\u00e9cy adresse un grand merci \u00e0 tous les donateurs qui ont fait preuves d&rsquo;une gentillesse remarquable. Nous avons vu de jeunes enfants d\u00e9poser dans les chariots des kellogs, leurs petits d\u00e9jeuners pr\u00e9f\u00e9r\u00e9s. D&rsquo;autres personnes ont g\u00e9n\u00e9reusement c\u00e9d\u00e9s des produits de premi\u00e8re n\u00e9cessit\u00e9 (huile, sucre, farine, etc.). Cet \u00e9lan spontan\u00e9 de fraternit\u00e9 faisait vraiment plaisir \u00e0 voir. <\/p>\n<p> <img203|center><br \/>\n Les jeunes de l&rsquo;aum\u00f4nerie sont solidaires<br \/>\n A Carrefour City, l&rsquo;ambiance \u00e9tait vraiment surr\u00e9aliste. Si vous \u00eates pass\u00e9s au magasin aux alentours de 16h30, vous avez certainement crois\u00e9s cette bande de jeunes de l&rsquo;aum\u00f4nerie, No\u00e9mie, R\u00e9mi, Xavier, Geoffrey et Lionnel, encadr\u00e9s par Thierry, qui distribuaient sans complexe et dans la bonne humeur les petits tracts jaunes du Secours Catholique et l&rsquo;Echo de la Vall\u00e9e. Encore merci \u00e0 tous ces jeunes pour leur spontan\u00e9it\u00e9 et leur d\u00e9vouement et au directeur de Carrefour City pour son accueil exceptionnel.<br \/>\n <img204|center><br \/>\n <img205|center><\/p>\n<\/div>\n","protected":false},"excerpt":{"rendered":"<p>La g\u00e9n\u00e9rosit\u00e9 des consommateurs cr\u00e9\u00e7ois \u00e0\u00a0 la sortie des magasins Intermarch\u00e9 et Carrefour City a \u00e9t\u00e9, ce 20 novembre, exemplaire. Comme tous les ans \u00e0\u00a0 cette \u00e9poque, l&rsquo;importante collecte de denr\u00e9es alimentaires non p\u00e9rissables&#46;&#46;&#46;<\/p>\n","protected":false},"author":2,"featured_media":0,"comment_status":"open","ping_status":"open","sticky":false,"template":"","format":"standard","meta":{"footnotes":""},"categories":[],"tags":[],"class_list":["post-298","post","type-post","status-publish","format-standard","hentry"],"_links":{"self":[{"href":"http:\/\/www.chapelle-crecy.com\/index.php?rest_route=\/wp\/v2\/posts\/298","targetHints":{"allow":["GET"]}}],"collection":[{"href":"http:\/\/www.chapelle-crecy.com\/index.php?rest_route=\/wp\/v2\/posts"}],"about":[{"href":"http:\/\/www.chapelle-crecy.com\/index.php?rest_route=\/wp\/v2\/types\/post"}],"author":[{"embeddable":true,"href":"http:\/\/www.chapelle-crecy.com\/index.php?rest_route=\/wp\/v2\/users\/2"}],"replies":[{"embeddable":true,"href":"http:\/\/www.chapelle-crecy.com\/index.php?rest_route=%2Fwp%2Fv2%2Fcomments&post=298"}],"version-history":[{"count":0,"href":"http:\/\/www.chapelle-crecy.com\/index.php?rest_route=\/wp\/v2\/posts\/298\/revisions"}],"wp:attachment":[{"href":"http:\/\/www.chapelle-crecy.com\/index.php?rest_route=%2Fwp%2Fv2%2Fmedia&parent=298"}],"wp:term":[{"taxonomy":"category","embeddable":true,"href":"http:\/\/www.chapelle-crecy.com\/index.php?rest_route=%2Fwp%2Fv2%2Fcategories&post=298"},{"taxonomy":"post_tag","embeddable":true,"href":"http:\/\/www.chapelle-crecy.com\/index.php?rest_route=%2Fwp%2Fv2%2Ftags&post=298"}],"curies":[{"name":"wp","href":"https:\/\/api.w.org\/{rel}","templated":true}]}}