{"id":300,"date":"2010-11-28T10:50:00","date_gmt":"2010-11-28T10:50:00","guid":{"rendered":""},"modified":"-0001-11-30T00:00:00","modified_gmt":"-0001-11-29T22:00:00","slug":"","status":"publish","type":"post","link":"http:\/\/www.chapelle-crecy.com\/?p=300","title":{"rendered":"Annonces de la semaine du 29 novembre au 5 d\u00e9cembre 2010"},"content":{"rendered":"<table bgcolor =\"F0FAFF\" border=0>\n<tbody>\n<tr>\n<td>\n<div align=\"justify\">\n<div \"218\">Voici les annonces de la semaine du lundi 29 novembre au dimanche 5 d\u00e9cembre pour la paroisse des 3 clochers Cr\u00e9cy-la-Chapelle, Villiers-sur-Morin, Voulangis.<br \/>\nSamedi 4 : 18 h 30 Messe \u00e0\u00a0 Villiers &#8211; Dimanche 5 : 10 h 30 messe \u00e0\u00a0 Cr\u00e9cy &#8211; Tous les d\u00e9tails dans la suite &#8230;<\/div>\n<\/div>\n<\/td>\n<\/tr>\n<\/tbody>\n<\/table>\n<table bgcolor =\"F0F6FF\" border=0>\n<tbody>\n<tr>\n<td width=\"25%\"><font color=\"00CC00\">Lundi 29 novembre<\/font><\/td>\n<td><font color=\"0020FF\"><img decoding=\"async\" src=\"\/IMG\/gif\/lumiere_65.gif\"><\/font><\/td>\n<td><font color=\"00CC00\">17 h &#8211; Messe  \u00e0  la Maison de Retraite pour Jean-Paul LEROY.<font><\/td>\n<td ><font color=\"00CC00\">.<\/font><\/td>\n<\/tr>\n<tr>\n<td><font color=\"802020\">Mardi 30 novembre<font><\/td>\n<td><font color=\"802020\">18 h  Messe \u00e0 Cr\u00e9cy pour Odile et Marie-Louise BIZOUARD.<font><\/td>\n<td><font color=\"802020\"><\/p>\n<div align=\"center\"><img decoding=\"async\" src=\"\/IMG\/gif\/coupes002.gif\"><\/div>\n<p><\/font><\/td>\n<\/tr>\n<tr>\n<td><font color=\"0020FF\">Mercredi 1er d\u00e9cembre<\/font><\/td>\n<td><font color=\"0020FF\"><img decoding=\"async\" src=\"\/IMG\/lieux\/stgeorges06.jpg\" width=150><\/font><\/td>\n<td><font color=\"0020FF\">18 h &#8211;  Messe \u00e0 Cr\u00e9cy pour  les d\u00e9funts de la famille GORRET-MICHAUT.<font><\/td>\n<\/tr>\n<tr>\n<td><font color=\"00CC00\">jeudi 2 d\u00e9cembre<\/font><\/td>\n<td><font color=\"00CC00\">9 h  Messe \u00e0 Cr\u00e9cy  pour Michel DUSEVEL et Evelyne PILOT.<font><\/td>\n<td><font color=\"000000\"><\/p>\n<div align=\"center\"><img decoding=\"async\" src=\"\/IMG\/gif\/bibles004.gif\"><\/div>\n<p><\/font><\/td>\n<\/tr>\n<\/tr>\n<tr>\n<td><font color=\"00CC00\">vendredi 3 d\u00e9cembre<\/font><\/td>\n<td><font color=\"000000\"><\/p>\n<div align=\"center\"><img decoding=\"async\" src=\"\/IMG\/gif\/coupes004.gif\" ><\/div>\n<p><\/font><\/td>\n<td><font color=\"00CC00\">9 h &#8211; Messe pour Robert LORENTZ,  Jacques GALLIATH et les d\u00e9funts de la famille THION-MUNIER.<font><\/td>\n<\/tr>\n<tr>\n<td><font color=\"0020FF\">Samedi 4 novembre<\/font><\/td>\n<td><font color=\"0020FF\">18 h 30 &#8211; A Villiers , Messe pour  Ren\u00e9e LAURENT et Lucie RICHOILLEY.<font><\/td>\n<td><font color=\"0020FF\"><\/p>\n<div align=\"center\"><img decoding=\"async\" src=\"\/IMG\/lieux\/villiers_eglise.jpg\" width=150><\/div>\n<p><font><\/td>\n<\/tr>\n<tr>\n<td><font color=\"00CC00\">Dimanche 5 d\u00e9cembre<\/font><\/td>\n<td><font color=\"00CC00\"><\/p>\n<div align=\"center\"><img decoding=\"async\" src=\"\/IMG\/lieux\/stgeorges04.jpg\" width=150>\n<\/div>\n<p><\/font><\/td>\n<td><font color=\"00CC00\">10 h 30 &#8211; Messe anniversaire pour Andr\u00e9 DAVY. Elle sera \u00e9galement pour Jean et Lucienne BLAVIER.<br \/>\nNous prierons aussi pour Manuel DE ABREU d\u00e9c\u00e9d\u00e9 la semaine derni\u00e8re.<\/font><\/td>\n<\/tr>\n<\/tbody>\n<\/table>\n","protected":false},"excerpt":{"rendered":"<p>Voici les annonces de la semaine du lundi 29 novembre au dimanche 5 d\u00e9cembre pour la paroisse des 3 clochers Cr\u00e9cy-la-Chapelle, Villiers-sur-Morin, Voulangis. Samedi 4 : 18 h 30 Messe \u00e0\u00a0 Villiers &#8211; Dimanche&#46;&#46;&#46;<\/p>\n","protected":false},"author":2,"featured_media":0,"comment_status":"open","ping_status":"open","sticky":false,"template":"","format":"standard","meta":{"footnotes":""},"categories":[],"tags":[],"class_list":["post-300","post","type-post","status-publish","format-standard","hentry"],"_links":{"self":[{"href":"http:\/\/www.chapelle-crecy.com\/index.php?rest_route=\/wp\/v2\/posts\/300","targetHints":{"allow":["GET"]}}],"collection":[{"href":"http:\/\/www.chapelle-crecy.com\/index.php?rest_route=\/wp\/v2\/posts"}],"about":[{"href":"http:\/\/www.chapelle-crecy.com\/index.php?rest_route=\/wp\/v2\/types\/post"}],"author":[{"embeddable":true,"href":"http:\/\/www.chapelle-crecy.com\/index.php?rest_route=\/wp\/v2\/users\/2"}],"replies":[{"embeddable":true,"href":"http:\/\/www.chapelle-crecy.com\/index.php?rest_route=%2Fwp%2Fv2%2Fcomments&post=300"}],"version-history":[{"count":0,"href":"http:\/\/www.chapelle-crecy.com\/index.php?rest_route=\/wp\/v2\/posts\/300\/revisions"}],"wp:attachment":[{"href":"http:\/\/www.chapelle-crecy.com\/index.php?rest_route=%2Fwp%2Fv2%2Fmedia&parent=300"}],"wp:term":[{"taxonomy":"category","embeddable":true,"href":"http:\/\/www.chapelle-crecy.com\/index.php?rest_route=%2Fwp%2Fv2%2Fcategories&post=300"},{"taxonomy":"post_tag","embeddable":true,"href":"http:\/\/www.chapelle-crecy.com\/index.php?rest_route=%2Fwp%2Fv2%2Ftags&post=300"}],"curies":[{"name":"wp","href":"https:\/\/api.w.org\/{rel}","templated":true}]}}