{"id":301,"date":"2010-11-29T13:49:17","date_gmt":"2010-11-29T13:49:17","guid":{"rendered":""},"modified":"-0001-11-30T00:00:00","modified_gmt":"-0001-11-29T22:00:00","slug":"","status":"publish","type":"post","link":"http:\/\/www.chapelle-crecy.com\/?p=301","title":{"rendered":"Les paroissiens de Cr\u00e9cy vous souhaitent une bonne ann\u00e9e"},"content":{"rendered":"<div align=\"justify\">Ce dimanche 28 novembre, l&rsquo;Eglise Universelle c\u00e9l\u00e9brait le d\u00e9but du temps de No\u00f6l. A Cr\u00e9cy, en l&rsquo;\u00e9glise Saint Georges, c&rsquo;est avec les enfants du cat\u00e9 que cette messe du premier dimanche de l&rsquo;Avent a \u00e9t\u00e9 c\u00e9l\u00e9br\u00e9e. Vous retrouverez dans le prochain Echo de la Vall\u00e9e n\u00b0255 le dossier complet de ces cr\u00e8ches de No\u00f6l, les cr\u00e8ches du monde r\u00e9alis\u00e9es par les enfants. Elles seront progressivement plac\u00e9es, au fil des dimanches de l&rsquo;Avent devant l&rsquo;autel. Les enfants du cat\u00e9 vous invitent ainsi \u00e0\u00a0 vous associer \u00e0\u00a0 eux pendant ce temps d&rsquo;attente de \u00ab\u00a0la naissance de Dieu qui se fait petit enfant\u00a0\u00bb. En attendant, vous pouvez t\u00e9l\u00e9charger le calendrier de l&rsquo;Avent de \u00ab\u00a0Prions en Eglise Junior\u00a0\u00bb sur <a href=\"http:\/\/www.prionseneglise.fr\/junior\" target=\"_blank\"><b>http:\/\/www.prionseneglise.fr\/junior<\/b><\/div>\n<\/div>\n<div align=\"justify\"> Bref rappel historique<\/p>\n<p> Pendant longtemps, l&rsquo;Eglise n&rsquo;a pas c\u00e9l\u00e9br\u00e9 No\u00ebl. Seule la f\u00eate de P\u00e2ques rev\u00eatait une solennit\u00e9 particuli\u00e8re. La c\u00e9l\u00e9bration de la naissance de J\u00e9sus n&rsquo;appara \u00eet en Occident que vers 330, sous le nom d'\u00a0\u00bbAdventus Domini\u00a0\u00bb (La venue du Seigneur). Elle se substitue aux f\u00eates du solstice, moment o\u00f9 les jours commencent \u00e0 triompher de la nuit, puisqu&rsquo;\u00e0 partir du 25 d\u00e9cembre, les jours cessent enfin de diminuer. No\u00ebl est cette f\u00eate qui, au milieu de la nuit de l&rsquo;hiver et de la nuit de nos vies, nous apporte l&rsquo;esp\u00e9rance et la lumi\u00e8re de la Bonne Nouvelle du salut de l&rsquo;humanit\u00e9.<br \/>\n <img227|center><\/p>\n<p>  L&rsquo;Avent est, en fait, \u00e0 l&rsquo;origine, un temps de p\u00e9nitence et de conversion. Il a \u00e9t\u00e9 instaur\u00e9 pour se pr\u00e9parer \u00e0 la venue de J\u00e9sus sur Terre. Cette p\u00e9riode de l&rsquo; Avent est apparue en Gaule \u00e0 la fin du V\u00e8me si\u00e8cle. A Rome, ce \u00ab\u00a0car\u00eame d&rsquo;hiver\u00a0\u00bb durait six semaines. Gr\u00e9goire le Grand, pape \u00e0 la charni\u00e8re de l&rsquo;Antiquit\u00e9 et du Moyen Age, grand personnage de l&rsquo; histoire du christianisme, le r\u00e9duisit \u00e0 quatre semaine vers 590. Le temps de l&rsquo;Avent reste pour nous ce temps o\u00f9 nous nous pr\u00e9parons \u00e0 la venue du Christ. En attendant la joie de nous retrouver en famille, de nous offrir des cadeaux en cette f\u00eate de No\u00ebl si proche, sachons pr\u00e9parer nos coeurs dans la pri\u00e8re, le recueillement et le d\u00e9sir de demander pardon.<br \/>\n <img225|center><\/p>\n<p> Trois ans avant sa mort, en 1223, Fran\u00e7ois d&rsquo;Assise eut l&rsquo;id\u00e9e, avec la permission du pape Honorius III, de reconstituer,  Greccio, petit village des Abruzzes, la Nativit\u00e9 avec des personnages vivants, dans une \u00e9table, comme \u00e0 B\u00e9thl\u00e9em: la tradition de la cr\u00e8che \u00e9tait n\u00e9e. Nous admirerons de nombreuses cr\u00e8ches pendant ce temps de No\u00ebl. N&rsquo;oublions pas que, dans la cr\u00e8che, J\u00e9sus est n\u00e9 dans la mis\u00e8re et qu&rsquo;il est venu pour tous ceux qui souffrent, pour nous tous. Attendons avec patience et confiance cette lumi\u00e8re et cette paix qui viendront embraser nos coeurs dans la nuit de No\u00ebl. Bon temps de l&rsquo;Avent \u00e0 tous !<br \/>\n <img232|center><\/p>\n<p> Principales dates \u00e0 retenir:<br \/>\n Messe de la nuit de No\u00ebl: 24 d\u00e9cembre \u00e0 20h30 \u00e0 Cr\u00e9cy<br \/>\n Messe de la Nativit\u00e9 du Seigneur: 25 d\u00e9cembre \u00e0 10h30 \u00e0 Villiers<br \/>\n Messe de la Sainte Famille: 26 d\u00e9cembre \u00e0 10H30 \u00e0 Cr\u00e9cy<\/p>\n<p> Pr\u00e9paration de la messe de la Nativit\u00e9 au presbyt\u00e8re de Cr\u00e9cy \u00e0 20h30 le 2 d\u00e9cembre.\n<\/p><\/div>\n","protected":false},"excerpt":{"rendered":"<p>Ce dimanche 28 novembre, l&rsquo;Eglise Universelle c\u00e9l\u00e9brait le d\u00e9but du temps de No\u00f6l. A Cr\u00e9cy, en l&rsquo;\u00e9glise Saint Georges, c&rsquo;est avec les enfants du cat\u00e9 que cette messe du premier dimanche de l&rsquo;Avent a&#46;&#46;&#46;<\/p>\n","protected":false},"author":2,"featured_media":0,"comment_status":"open","ping_status":"open","sticky":false,"template":"","format":"standard","meta":{"footnotes":""},"categories":[],"tags":[],"class_list":["post-301","post","type-post","status-publish","format-standard","hentry"],"_links":{"self":[{"href":"http:\/\/www.chapelle-crecy.com\/index.php?rest_route=\/wp\/v2\/posts\/301","targetHints":{"allow":["GET"]}}],"collection":[{"href":"http:\/\/www.chapelle-crecy.com\/index.php?rest_route=\/wp\/v2\/posts"}],"about":[{"href":"http:\/\/www.chapelle-crecy.com\/index.php?rest_route=\/wp\/v2\/types\/post"}],"author":[{"embeddable":true,"href":"http:\/\/www.chapelle-crecy.com\/index.php?rest_route=\/wp\/v2\/users\/2"}],"replies":[{"embeddable":true,"href":"http:\/\/www.chapelle-crecy.com\/index.php?rest_route=%2Fwp%2Fv2%2Fcomments&post=301"}],"version-history":[{"count":0,"href":"http:\/\/www.chapelle-crecy.com\/index.php?rest_route=\/wp\/v2\/posts\/301\/revisions"}],"wp:attachment":[{"href":"http:\/\/www.chapelle-crecy.com\/index.php?rest_route=%2Fwp%2Fv2%2Fmedia&parent=301"}],"wp:term":[{"taxonomy":"category","embeddable":true,"href":"http:\/\/www.chapelle-crecy.com\/index.php?rest_route=%2Fwp%2Fv2%2Fcategories&post=301"},{"taxonomy":"post_tag","embeddable":true,"href":"http:\/\/www.chapelle-crecy.com\/index.php?rest_route=%2Fwp%2Fv2%2Ftags&post=301"}],"curies":[{"name":"wp","href":"https:\/\/api.w.org\/{rel}","templated":true}]}}