{"id":302,"date":"2010-12-05T00:00:00","date_gmt":"2010-12-05T00:00:00","guid":{"rendered":""},"modified":"-0001-11-30T00:00:00","modified_gmt":"-0001-11-29T22:00:00","slug":"","status":"publish","type":"post","link":"http:\/\/www.chapelle-crecy.com\/?p=302","title":{"rendered":"Loupio \u00e0\u00a0 Siloe le 8 d\u00e9cembre"},"content":{"rendered":"<div align=\"justify\">Loupio se rend \u00e0\u00a0 la librairie Silo\u00f6 pr\u00e8s du Val d&rsquo;Europe.<br \/>\nVenez \u00e0\u00a0 la rencontre de Jean-Fran\u00e7ois Kieffer, le mercredi 8 d\u00e9cembre \u00e0\u00a0 la librairie Silo\u00f6, dans le cadre de la sortie de son dernier album de Loupio. Ne loupez pas par cons\u00e9quent la venue de l&rsquo;auteur, qui pourra personnaliser par un dessin ou un autographe l&rsquo;album qui deviendra une belle id\u00e9e de cadeau pour No\u00f6l  <\/div>\n<p><img233|center><\/p>\n<div align=\"justify\">Jean-Fran\u00e7ois Kieffer est un illustrateur fran\u00e7ais, compositeur et auteur de bandes dessin\u00e9es, notamment celle de Loupio. Nous l&rsquo;avions d\u00e9j\u00e0 rencontr\u00e9 en d\u00e9cembre 2008 dans cette m\u00eame librairie Silo\u00eb de Chessy. <\/p>\n<p> <img229|center><\/p>\n<div align=\"center\">JF. Kieffer avec Nicolas<\/div>\n<p> Il avait eu la gentillesse de dessiner son personnage Loupio pour le journal de l&rsquo;Echo de la Vall\u00e9e.<\/p>\n<p> <img230|center><\/p>\n<div align=\"center\">Loupio et EDV<\/div>\n<p> Suivre les aventures de Loupio, jeune orphelin musicien et po\u00e8te au cours du 13\u00c2\u00b0 si\u00e8cle en Italie, c&rsquo;est aller \u00e0 la rencontre de saint Fran\u00e7ois d&rsquo;Assise, son grand ami dans les diff\u00e9rentes histoires de cette BD.<br \/>\n Dans le nouvel album \u00ab Le d\u00e9fi \u00bb, notre h\u00e9ros, apr\u00e8s avoir cass\u00e9 la cloche de la chapelle de Fran\u00e7ois, part sur les chemins r\u00e9parer sa b\u00eatise. Un long voyage \u00e0 travers l&rsquo;Italie o\u00f9 il d\u00e9couvrira des endroits et personnages hauts en couleur.  <\/p><\/div>\n","protected":false},"excerpt":{"rendered":"<p>Loupio se rend \u00e0\u00a0 la librairie Silo\u00f6 pr\u00e8s du Val d&rsquo;Europe. Venez \u00e0\u00a0 la rencontre de Jean-Fran\u00e7ois Kieffer, le mercredi 8 d\u00e9cembre \u00e0\u00a0 la librairie Silo\u00f6, dans le cadre de la sortie de son&#46;&#46;&#46;<\/p>\n","protected":false},"author":2,"featured_media":0,"comment_status":"open","ping_status":"open","sticky":false,"template":"","format":"standard","meta":{"footnotes":""},"categories":[],"tags":[],"class_list":["post-302","post","type-post","status-publish","format-standard","hentry"],"_links":{"self":[{"href":"http:\/\/www.chapelle-crecy.com\/index.php?rest_route=\/wp\/v2\/posts\/302","targetHints":{"allow":["GET"]}}],"collection":[{"href":"http:\/\/www.chapelle-crecy.com\/index.php?rest_route=\/wp\/v2\/posts"}],"about":[{"href":"http:\/\/www.chapelle-crecy.com\/index.php?rest_route=\/wp\/v2\/types\/post"}],"author":[{"embeddable":true,"href":"http:\/\/www.chapelle-crecy.com\/index.php?rest_route=\/wp\/v2\/users\/2"}],"replies":[{"embeddable":true,"href":"http:\/\/www.chapelle-crecy.com\/index.php?rest_route=%2Fwp%2Fv2%2Fcomments&post=302"}],"version-history":[{"count":0,"href":"http:\/\/www.chapelle-crecy.com\/index.php?rest_route=\/wp\/v2\/posts\/302\/revisions"}],"wp:attachment":[{"href":"http:\/\/www.chapelle-crecy.com\/index.php?rest_route=%2Fwp%2Fv2%2Fmedia&parent=302"}],"wp:term":[{"taxonomy":"category","embeddable":true,"href":"http:\/\/www.chapelle-crecy.com\/index.php?rest_route=%2Fwp%2Fv2%2Fcategories&post=302"},{"taxonomy":"post_tag","embeddable":true,"href":"http:\/\/www.chapelle-crecy.com\/index.php?rest_route=%2Fwp%2Fv2%2Ftags&post=302"}],"curies":[{"name":"wp","href":"https:\/\/api.w.org\/{rel}","templated":true}]}}