{"id":304,"date":"2010-12-03T10:16:01","date_gmt":"2010-12-03T10:16:01","guid":{"rendered":""},"modified":"-0001-11-30T00:00:00","modified_gmt":"-0001-11-29T22:00:00","slug":"","status":"publish","type":"post","link":"http:\/\/www.chapelle-crecy.com\/?p=304","title":{"rendered":"Connaissez vous Radiodon?"},"content":{"rendered":"<div align=\"justify\">Radio Notre-Dame (100.7), ca n&rsquo;est pas une radio ! Ce sont des hommes et des femmes qui cheminent avec vous dans la foi. Mais, c&rsquo;est aussi une \u00e9quipe de journalistes de talent, dirig\u00e9e par le comp\u00e9tent Bruno Courtois, qui aborde tous les th\u00e8mes de la vie des hommes; de la foi et la psychologie \u00e0\u00a0 l&rsquo;actualit\u00e9 culturelle en passant par les d\u00e9bats et autres temps de r\u00e9flexion, tous les sujets sont trait\u00e9s avec un regard d&rsquo;amour.  <\/div>\n<div align=\"justify\">\nLa fraicheur d&rsquo;Anne Gavini quand elle anime \u00ab\u00a0La voix est libre\u00a0\u00bb ou la patience de Chantal Bally quand elle re\u00e7oit le P\u00e8re Guy Gilbert, pour ne citer qu&rsquo;elles, t\u00e9moignent de la richesse des journalistes de RND. Alors, pour soutenir cette radio qui ne vit que des dons de ses auditeurs, t\u00e9l\u00e9phonez au 0810 65 65 65 ou faites un don en ligne sur le site :<br \/>\n[http:\/\/www.radionotredame.net\/->http:\/\/www.radionotredame.net\/]<\/p>\n<p> Un grand merci \u00e0 toute l&rsquo;\u00e9quipe de Radio Notre-Dame<br \/>\n Il n&rsquo;est pas possible de dire en quelques lignes toutes les joies qu&rsquo;apporte cette radio chr\u00e9tienne \u00e0 ses auditeurs de plus en plus nombreux, chaque ann\u00e9e. Des \u00e9missions aussi vari\u00e9es et entrecoup\u00e9es de temps de pri\u00e8re, de chapelets, de l&rsquo;angelus, de chants de louanges, de m\u00e9ditations, de t\u00e9moignages de foi vibrants, de paroles d&rsquo;\u00e9v\u00eaques, etc. sont un vrai d\u00e9fi pour une radio pr\u00e9sente sur la bande FM.<\/p>\n<p> La qualit\u00e9 de ce m\u00e9dia est superbe. Quand on sait que Radio Notre-Dame donne la parole aux prisonniers le dimanche matin, diffuse le chapelet \u00e0 Lourdes tous les apr\u00e8s-midi, retransmet les c\u00e9r\u00e9monies de la Semaine Sainte depuis Rome ou s&rsquo;en va, par solidarit\u00e9, rejoindre les chr\u00e9tiens d&rsquo;Orient en Irak pour c\u00e9l\u00e9brer la Nativit\u00e9 avec eux le 25 d\u00e9cembre prochain, (et j&rsquo;en passe), il y a de quoi \u00eatre admiratif devant le travail accompli (depuis 1981) aupr\u00e8s de tous ces hommes et femmes de bonne volont\u00e9 qui forment l&rsquo;Eglise Universelle !<br \/>\n <img243|center><br \/>\n Bruno Courtois, directeur de la radio,                              Bruno.Courtois@radionotredame.com<\/p>\n<p> Ecoutez la voix exceptionnelle et chaleureuse de Jean-Marc Croquez, suivez ses conseils et t\u00e9l\u00e9phonez au 0810 65 65 65<br \/>\n Merci Radio Notre-Dame, pour tout ce que vous faites. Bon courage \u00e0 l&rsquo;\u00e9quipe des matinales compos\u00e9e de l&rsquo;incomparable Louis Daufresne, de la croustillante Marion Duch\u00eane. Julien Chavanne, dans ses annonces du matin a d\u00e9j\u00e0 cit\u00e9 des \u00e9v\u00e8nements qui se sont produits \u00e0 Cr\u00e9cy-la-Chapelle. Merci \u00e0 lui. F\u00e9licitations \u00e0 Pierre Moracchini pour sa rubrique concernant la vie des saints et \u00e0 tous les autres animateurs (La liste est longue et se trouve sur http:\/\/www.radionotredame.net\/.<\/p>\n<p> <img242|center><br \/>\n Pour faire que cette radio chr\u00e9tienne continue son oeuvre d&rsquo;\u00e9vang\u00e9lisation, soutenons-l\u00e0 ! Radiodon, c&rsquo;est jusqu&rsquo;\u00e0 samedi matin.<\/p>\n<p> Aujourd&rsquo;hui 3 d\u00e9cembre, nous f\u00eatons Saint Fran\u00e7ois-Xavier<br \/>\n J\u00e9suite missionnaire (+ 1552)<br \/>\n Sixi\u00e8me enfant de Jean de Jassi, famille de grande noblesse et de petites ressources, il na \u00eet en 1506, au ch\u00e2teau de Xavier pr\u00e8s de Pampelune.<br \/>\n Il quitte la Navarre pour faire ses \u00e9tudes \u00e0 l&rsquo;Universit\u00e9 de Paris. Il conquiert brillamment ses grades et re\u00e7oit une chaire au Coll\u00e8ge de Beauvais. A Paris, il partage sa chambre avec un \u00e9trange \u00e9tudiant, \u00e2g\u00e9 de 40 ans, Ignace de Loyola. Au d\u00e9but, Fran\u00e7ois-Xavier supporte mal celui que la pauvret\u00e9 oblige \u00e0 r\u00e9sider avec lui. Longtemps il r\u00e9siste \u00e0 l&rsquo;ardeur \u00e9vang\u00e9lique de ce nouveau converti, homme de feu, qui r\u00e9p\u00e8te: \u00abQue sert \u00e0 l&rsquo;homme de gagner l&rsquo;univers, s&rsquo;il vient \u00e0 perdre son \u00e2me?\u00bb<br \/>\n Conquis, lui aussi, ils prononcent ensemble des voeux, le 15 ao\u00fbt 1534 et fondent la Compagnie de J\u00e9sus, les \u00abJ\u00e9suites\u00bb.<br \/>\nLorsque le Pape demande des missionnaires pour l&rsquo;Inde, Fran\u00e7ois Xavier dit simplement: \u00ab\u00a0Eh bien, me voici!\u00a0\u00bb En 1541, il part pour Goa, ville portugaise, qu&rsquo;il ram\u00e8ne \u00e0 la Foi. Pendant une dizaine d&rsquo;ann\u00e9es, il travaille \u00e0 la conversion des Paravers, p\u00eacheurs de perles, pr\u00e8s de Ceylan. Son ardeur et les nombreux miracles ont un succ\u00e8s extraordinaire. Pour porter plus loin l&rsquo;Evangile, il s&rsquo;adresse plus difficilement aux Musulmans des  \u00eeles Moluques, puis fonde les premi\u00e8res communaut\u00e9s chr\u00e9tiennes au Japon. Son d\u00e9sir de faire conna \u00eetre J\u00e9sus-Christ est si grand qu&rsquo;il projette d&rsquo;aller en Chine, mais il meurt, le 2 d\u00e9cembre 1552, \u00e0 l&rsquo; \u00eele Sancian, en vue de la c\u00f4te chinoise.<br \/>\n Canonis\u00e9 en 1662, il est avec Sainte Th\u00e9r\u00e8se de Lisieux, patron des missions.\n<\/p><\/div>\n","protected":false},"excerpt":{"rendered":"<p>Radio Notre-Dame (100.7), ca n&rsquo;est pas une radio ! Ce sont des hommes et des femmes qui cheminent avec vous dans la foi. Mais, c&rsquo;est aussi une \u00e9quipe de journalistes de talent, dirig\u00e9e par&#46;&#46;&#46;<\/p>\n","protected":false},"author":2,"featured_media":0,"comment_status":"open","ping_status":"open","sticky":false,"template":"","format":"standard","meta":{"footnotes":""},"categories":[],"tags":[],"class_list":["post-304","post","type-post","status-publish","format-standard","hentry"],"_links":{"self":[{"href":"http:\/\/www.chapelle-crecy.com\/index.php?rest_route=\/wp\/v2\/posts\/304","targetHints":{"allow":["GET"]}}],"collection":[{"href":"http:\/\/www.chapelle-crecy.com\/index.php?rest_route=\/wp\/v2\/posts"}],"about":[{"href":"http:\/\/www.chapelle-crecy.com\/index.php?rest_route=\/wp\/v2\/types\/post"}],"author":[{"embeddable":true,"href":"http:\/\/www.chapelle-crecy.com\/index.php?rest_route=\/wp\/v2\/users\/2"}],"replies":[{"embeddable":true,"href":"http:\/\/www.chapelle-crecy.com\/index.php?rest_route=%2Fwp%2Fv2%2Fcomments&post=304"}],"version-history":[{"count":0,"href":"http:\/\/www.chapelle-crecy.com\/index.php?rest_route=\/wp\/v2\/posts\/304\/revisions"}],"wp:attachment":[{"href":"http:\/\/www.chapelle-crecy.com\/index.php?rest_route=%2Fwp%2Fv2%2Fmedia&parent=304"}],"wp:term":[{"taxonomy":"category","embeddable":true,"href":"http:\/\/www.chapelle-crecy.com\/index.php?rest_route=%2Fwp%2Fv2%2Fcategories&post=304"},{"taxonomy":"post_tag","embeddable":true,"href":"http:\/\/www.chapelle-crecy.com\/index.php?rest_route=%2Fwp%2Fv2%2Ftags&post=304"}],"curies":[{"name":"wp","href":"https:\/\/api.w.org\/{rel}","templated":true}]}}