{"id":306,"date":"2010-12-06T09:07:09","date_gmt":"2010-12-06T09:07:09","guid":{"rendered":""},"modified":"-0001-11-30T00:00:00","modified_gmt":"-0001-11-29T22:00:00","slug":"","status":"publish","type":"post","link":"http:\/\/www.chapelle-crecy.com\/?p=306","title":{"rendered":"La messe de la jeunesse"},"content":{"rendered":"<div align=\"justify\">En ce 2\u00e8me dimanche de l&rsquo;Avent, diff\u00e9rentes \u00e9quipes de jeunes et d&rsquo;enfants se sont retrouv\u00e9es en l&rsquo;\u00e9glise de Cr\u00e9cy-la-Chapelle. La messe \u00e9tait anim\u00e9e par les jeunes du M.E.J (Mouvement Eucharistique des Jeunes), la cr\u00e8che du jour \u00e9tait apport\u00e9e en offrande par l&rsquo;\u00e9quipe de 1\u00e8re ann\u00e9e de cat\u00e9, des louvettes de Lagny et Meaux  \u00e9taient de passage \u00e0\u00a0 Cr\u00e9cy et repr\u00e9sentaient donc le mouvement scoutisme. Un bien beau m\u00e9lange de mouvements de jeunes sur le m\u00eame chemin de foi en J\u00e9sus <\/div>\n<div align=\"justify\">\n Le MEJ accompagne les jeunes de 7 \u00e0 21 ans pour les aider \u00e0 grandir dans leur humanit\u00e9 et leur foi. C&rsquo;est un mouvement \u00e9ducatif catholique et les jeunes sont accueillis au sein d&rsquo;une \u00e9quipe d&rsquo;une m\u00eame tranche d&rsquo;\u00e2ge. Sur le secteur de Cr\u00e9cy, existe une \u00e9quipe de JT (Jeunes T\u00e9moins de 10 \u00e0 13 ans, une \u00e9quipe de TA (T\u00e9moins d&rsquo;Aujourd&rsquo;hui de 12 \u00e0 15 ans) et une \u00e9quipe d&rsquo; ES (Equipes d&rsquo;Esp\u00e9rance de 15 \u00e0 18 ans).<\/p>\n<div align=\"center\"><img decoding=\"async\" src=\"\/IMG\/messes\/mej51201A.jpg\" width=300\"><\/div>\n<p> C&rsquo;est l&rsquo;ensemble de ces \u00e9quipes qui a anim\u00e9 la messe du jour, par la lecture de la Parole, par l&rsquo;animation musicale, par la pri\u00e8re.<\/p>\n<div align=\"center\"><img decoding=\"async\" src=\"\/IMG\/messes\/mej51202.jpg\" width=450\"><\/div>\n<p> <\/p>\n<div align=\"center\"><img decoding=\"async\" src=\"\/IMG\/messes\/mej51203.jpg\" width=300\"><\/div>\n<p> De plus petits enfants \u00e9taient aussi pr\u00e9sents dans l&rsquo;assembl\u00e9e, des enfants du cat\u00e9 du secteur et des jeunes louvettes de Lagny-sur-Marne  et de Meaux qui passaient leur journ\u00e9e de rassemblement d&rsquo;\u00e9quipe \u00e0 Cr\u00e9cy, profitant de la salle paroissiale et des jardins du presbyt\u00e8re.<\/p>\n<div align=\"center\"><img decoding=\"async\" src=\"\/IMG\/messes\/mej51204.jpg\" width=450\"><\/div>\n<p> Comme tous les dimanches de l&rsquo;Avent cette ann\u00e9e, une \u00e9quipe cat\u00e9 a apport\u00e9 la cr\u00e8che qu&rsquo;elle a constitu\u00e9e en s\u00e9ance de cat\u00e9 pour l&rsquo;offrir en offrande \u00e0 l&rsquo;autel. En ce 2\u00e8me de l&rsquo;Avent, c&rsquo;est l&rsquo;\u00e9quipe de 1\u00e8re ann\u00e9e, accompagn\u00e9e par Nicole, qui \u00e9taient les \u00ab b\u00e2tisseurs \u00bb de la cr\u00e8che du jour, repr\u00e9sentant le continent africain.  Le p\u00e8re Aim\u00e9 retrouvait ainsi en ce matin des senteurs de son continent natal \u00e2\u20ac\u00a6.Le prochain num\u00e9ro du journal paroissial, l&rsquo;Echo de la Vall\u00e9e, parlera d&rsquo;ailleurs de cette belle initiative des cat\u00e9chistes \u00e0 produire pour chaque dimanche de l&rsquo;Avent une cr\u00e8che d&rsquo;un continent du monde. <\/p>\n<div align=\"center\"><img decoding=\"async\" src=\"\/IMG\/messes\/mej51205.jpg\" width=450\"><\/div>\n<p> <\/p>\n<div align=\"center\"><img decoding=\"async\" src=\"\/IMG\/messes\/mej51206.jpg\" width=450\"><\/div>\n<p> Les enfants \u00e9taient accompagn\u00e9s au moment de l&rsquo;offrande par leurs ain\u00e9s m\u00e9jistes, symbolisant ainsi le  m\u00eame chemin de foi suivi par les diff\u00e9rents mouvements d&rsquo;Eglise.<\/p>\n<div align=\"center\"><img decoding=\"async\" src=\"\/IMG\/messes\/mej51207.jpg\" width=450\"><\/div>\n<p> L&rsquo;Eucharistie suivit l&rsquo;offrande, moment privil\u00e9gi\u00e9e pour d\u00e9poser tous nos fardeaux, comme ces sacs \u00e0 dos des louvettes d\u00e9pos\u00e9s au fond de l&rsquo;\u00e9glise \u00e2\u20ac\u00a6<\/p>\n<div align=\"center\"><img decoding=\"async\" src=\"\/IMG\/messes\/mej51208.jpg\" width=450\"><\/div>\n<p> <\/p>\n<div align=\"center\"><img decoding=\"async\" src=\"\/IMG\/messes\/mej51209.jpg\" width=450\"><\/div>\n<p> Merci aux animatrices, aux jeunes musiciennes, \u00e0 tous les jeunes, petits et grands qui ont lu la Parole et la Pri\u00e8re Universelle, qui ont apport\u00e9 leur offrande \u00e0 l&rsquo;autel, qui ont fabriqu\u00e9 de leurs mains la cr\u00e8che du jour.<br \/>\n M\u00eame l&rsquo;envoi fut l&rsquo;occasion d&rsquo;une danse improvis\u00e9e, au moment du refrain, tr\u00e8s appropri\u00e9 en ce temps d&rsquo;Avent, pour se pr\u00e9parer \u00e0 accueillir la naissance de J\u00e9sus :<\/p>\n<p> Pr\u00e9parez le chemin du Seigneur<br \/>\n Pr\u00e9parez vos coeurs,<br \/>\n Pr\u00e9parez les chemins du Seigneur<br \/>\n Changez de vie !<\/p>\n<div align=\"center\"><img decoding=\"async\" src=\"\/IMG\/messes\/mej51210.jpg\" width=300\"><\/div>\n<p> <\/p>\n<div align=\"center\"><img decoding=\"async\" src=\"\/IMG\/messes\/mej51211.jpg\" width=300\"><\/div>\n<p> Les paroissiens pouvaient aussi  contenter leur app\u00e9tit \u00e0 venir pour le repas dominical en soutenant les jeunes du MEJ, qui proposaient des g\u00e2teaux \u00e0 la fin de la messe, pour subvenir aux frais des diff\u00e9rents rassemblements  d&rsquo;une journ\u00e9e ou d&rsquo;un week-end, qui leur sont propos\u00e9s tout le long de l&rsquo;ann\u00e9e, avec des d\u00e9placements  en Ile de France \u00e2\u20ac\u00a6 et m\u00eame \u00e0 Quimper pendant les vacances de fin d&rsquo;ann\u00e9e, pour le rassemblement national du mouvement MEJ. Merci \u00e0 vous de soutenir nos jeunes !<\/p>\n<div align=\"center\"><img decoding=\"async\" src=\"\/IMG\/messes\/mej51212.jpg\" width=450\"><\/div>\n<p> Aujourd&rsquo;hui, 6 d\u00e9cembre, n&rsquo;oubliez pas de f\u00eater Saint Nicolas !<\/p>\n<p> <img244|center><br \/>\n Saint-Nicolas ou Nicolas de Myre est n\u00e9 entre 250 et 270 apr\u00e8s J-C \u00e0 Patara en Lycie (Turquie actuelle) et il est mort le 6 d\u00e9cembre, entre 345 et 352.<\/p>\n<p> Il fut \u00e9v\u00eaque de Myre.<\/p>\n<p> Durant sa vie, il accomplit de nombreux miracles :<\/p>\n<p> Apprenant qu&rsquo;un p\u00e8re n&rsquo;a pas de quoi fournir une dot de mariage \u00e0 ses trois jeunes filles, Nicolas jette de l&rsquo;argent dans leurs bas qu&rsquo;elles avaient mis \u00e0 s\u00e8cher sur la chemin\u00e9e. Gr\u00e2ce \u00e0 lui, le p\u00e8re peut assurer le mariage de ses trois jeunes filles.<\/p>\n<p> Il ressuscite aussi trois enfants qui, \u00e9tant all\u00e9s glaner aux champs, avaient \u00e9t\u00e9 tu\u00e9s et d\u00e9coup\u00e9s par un boucher.<\/p>\n<p> C&rsquo;est la l\u00e9gende la plus connue des petits enfants lorrains ! Saint Nicolas est f\u00eat\u00e9 principalement dans l&rsquo;est de la France (Lorraine et Alsace), le nord, la Belgique, le Luxembourg, l&rsquo;Allemagne, la Hollande, l&rsquo;Autriche et les Pays Bas.<\/p>\n<p> A la Saint Nicolas, la tradition veut que les enfants qui furent sages durant toute l&rsquo;ann\u00e9e re\u00e7oivent du pain d&rsquo;\u00e9pice. Et que ceux qui n&rsquo;auront pas fait figure d&rsquo;enfants sages re\u00e7oivent des coups de martinet par le p\u00e8re fouettard.<\/p>\n<p> Le P\u00e8re Fouettard, qui accompagne Saint Nicolas, serait en fait le boucher de l&rsquo;histoire. Pour lui faire regretter son m\u00e9fait, ce dernier l&rsquo;aurait condamn\u00e9 \u00e0 l&rsquo;accompagner lors de sa distribution de r\u00e9compenses, en lui assignant la t\u00e2che de punir les enfants d\u00e9sob\u00e9issants.<\/p>\n<p> La ville de Saint-Nicolas de Port en Lorraine abrite une relique du Saint depuis 1090 : sa phalange \u00ab\u00a0dextre b\u00e9nissante\u00a0\u00bb.\n<\/p><\/div>\n","protected":false},"excerpt":{"rendered":"<p>En ce 2\u00e8me dimanche de l&rsquo;Avent, diff\u00e9rentes \u00e9quipes de jeunes et d&rsquo;enfants se sont retrouv\u00e9es en l&rsquo;\u00e9glise de Cr\u00e9cy-la-Chapelle. La messe \u00e9tait anim\u00e9e par les jeunes du M.E.J (Mouvement Eucharistique des Jeunes), la cr\u00e8che&#46;&#46;&#46;<\/p>\n","protected":false},"author":2,"featured_media":0,"comment_status":"open","ping_status":"open","sticky":false,"template":"","format":"standard","meta":{"footnotes":""},"categories":[],"tags":[],"class_list":["post-306","post","type-post","status-publish","format-standard","hentry"],"_links":{"self":[{"href":"http:\/\/www.chapelle-crecy.com\/index.php?rest_route=\/wp\/v2\/posts\/306","targetHints":{"allow":["GET"]}}],"collection":[{"href":"http:\/\/www.chapelle-crecy.com\/index.php?rest_route=\/wp\/v2\/posts"}],"about":[{"href":"http:\/\/www.chapelle-crecy.com\/index.php?rest_route=\/wp\/v2\/types\/post"}],"author":[{"embeddable":true,"href":"http:\/\/www.chapelle-crecy.com\/index.php?rest_route=\/wp\/v2\/users\/2"}],"replies":[{"embeddable":true,"href":"http:\/\/www.chapelle-crecy.com\/index.php?rest_route=%2Fwp%2Fv2%2Fcomments&post=306"}],"version-history":[{"count":0,"href":"http:\/\/www.chapelle-crecy.com\/index.php?rest_route=\/wp\/v2\/posts\/306\/revisions"}],"wp:attachment":[{"href":"http:\/\/www.chapelle-crecy.com\/index.php?rest_route=%2Fwp%2Fv2%2Fmedia&parent=306"}],"wp:term":[{"taxonomy":"category","embeddable":true,"href":"http:\/\/www.chapelle-crecy.com\/index.php?rest_route=%2Fwp%2Fv2%2Fcategories&post=306"},{"taxonomy":"post_tag","embeddable":true,"href":"http:\/\/www.chapelle-crecy.com\/index.php?rest_route=%2Fwp%2Fv2%2Ftags&post=306"}],"curies":[{"name":"wp","href":"https:\/\/api.w.org\/{rel}","templated":true}]}}