{"id":308,"date":"2010-12-10T22:12:34","date_gmt":"2010-12-10T22:12:34","guid":{"rendered":""},"modified":"-0001-11-30T00:00:00","modified_gmt":"-0001-11-29T22:00:00","slug":"","status":"publish","type":"post","link":"http:\/\/www.chapelle-crecy.com\/?p=308","title":{"rendered":"Programme 2011 des expositions \u00e0\u00a0 la Salle \u00ab\u00a0Le Valentin\u00a0\u00bb"},"content":{"rendered":"<\/div align=\"justify\">\u00ab\u00a0Le Valentin\u00a0\u00bb &#8211; Parc des Capucins de Coulommiers \u201c 77120<br \/>\nLes expositions se d\u00e9rouleront du samedi 11 h (vernissage), au dimanche 17h30 et tous les jours de 14 h \u00e0\u00a0 17 h 30, sauf les mardis &#8211;<br \/>\nEntr\u00e9e libre &#8211; Parking gratuit assur\u00e9.<\/p>\n<div>\n| du 5 au 20 F\u00e9vrier| Peintures | Fran\u00e7oise DE FELICE &#038; B\u00e9atrice DALIN-CE |<br \/>\n| du 5 au 20 Mars| Sculptures Peintures|Famille COLLIOT: Jacqueline, Fr\u00e9d\u00e9rique &#038; Pierre |<br \/>\n| du 9 au 24 Avril| Peintures | Magali REY &#038; Anne Lise DIEZ |<br \/>\n| du 7 au 22 Mai | Peintures | Jo\u00eblle THOUVENOT  DE  MARTINO |<br \/>\n| du 11 au 26 Juin |Peintures | Guy AMOUYAL |<br \/>\n| du 2 au 17 Juillet |Sculptures |Gudrun BOISSEAU |<br \/>\n| du 10 au 25 Septembre |Peintures|Andr\u00e9 Didier DANA |<br \/>\n| du 8 au 23 Octobre| Peintures |Zet Michel |<br \/>\n| du 5 au 20 Novembre | Poteries C\u00e9ramiques |Steen KEEP |<br \/>\n| du 3 au 18 D\u00e9cembre | Peintures |Sonia DAUBRY |<\/p>\n","protected":false},"excerpt":{"rendered":"<p>\u00ab\u00a0Le Valentin\u00a0\u00bb &#8211; Parc des Capucins de Coulommiers \u201c 77120 Les expositions se d\u00e9rouleront du samedi 11 h (vernissage), au dimanche 17h30 et tous les jours de 14 h \u00e0\u00a0 17 h 30, sauf&#46;&#46;&#46;<\/p>\n","protected":false},"author":2,"featured_media":0,"comment_status":"open","ping_status":"open","sticky":false,"template":"","format":"standard","meta":{"footnotes":""},"categories":[],"tags":[],"class_list":["post-308","post","type-post","status-publish","format-standard","hentry"],"_links":{"self":[{"href":"http:\/\/www.chapelle-crecy.com\/index.php?rest_route=\/wp\/v2\/posts\/308","targetHints":{"allow":["GET"]}}],"collection":[{"href":"http:\/\/www.chapelle-crecy.com\/index.php?rest_route=\/wp\/v2\/posts"}],"about":[{"href":"http:\/\/www.chapelle-crecy.com\/index.php?rest_route=\/wp\/v2\/types\/post"}],"author":[{"embeddable":true,"href":"http:\/\/www.chapelle-crecy.com\/index.php?rest_route=\/wp\/v2\/users\/2"}],"replies":[{"embeddable":true,"href":"http:\/\/www.chapelle-crecy.com\/index.php?rest_route=%2Fwp%2Fv2%2Fcomments&post=308"}],"version-history":[{"count":0,"href":"http:\/\/www.chapelle-crecy.com\/index.php?rest_route=\/wp\/v2\/posts\/308\/revisions"}],"wp:attachment":[{"href":"http:\/\/www.chapelle-crecy.com\/index.php?rest_route=%2Fwp%2Fv2%2Fmedia&parent=308"}],"wp:term":[{"taxonomy":"category","embeddable":true,"href":"http:\/\/www.chapelle-crecy.com\/index.php?rest_route=%2Fwp%2Fv2%2Fcategories&post=308"},{"taxonomy":"post_tag","embeddable":true,"href":"http:\/\/www.chapelle-crecy.com\/index.php?rest_route=%2Fwp%2Fv2%2Ftags&post=308"}],"curies":[{"name":"wp","href":"https:\/\/api.w.org\/{rel}","templated":true}]}}