{"id":309,"date":"2010-12-12T10:00:00","date_gmt":"2010-12-12T10:00:00","guid":{"rendered":""},"modified":"-0001-11-30T00:00:00","modified_gmt":"-0001-11-29T22:00:00","slug":"","status":"publish","type":"post","link":"http:\/\/www.chapelle-crecy.com\/?p=309","title":{"rendered":"Annonces de la semaine du 13 au 19 d\u00e9cembre 2010"},"content":{"rendered":"<table bgcolor =\"F0FAFF\" border=0>\n<tbody>\n<tr>\n<td>\n<div align=\"justify\">\n<div \"228\">Voici les annonces de la semaine du lundi 13 au dimanche 19 d\u00e9cembre pour la paroisse des 3 clochers Cr\u00e9cy-la-Chapelle, Villiers-sur-Morin, Voulangis.<br \/>\nSamedi 18 : 18 h 30 Messe \u00e0\u00a0 Villiers- Dimanche 19 : 10 h 30 messe \u00e0\u00a0 Cr\u00e9cy &#8211; Tous les d\u00e9tails dans la suite &#8230;<\/div>\n<\/div>\n<\/td>\n<\/tr>\n<\/tbody>\n<\/table>\n<table bgcolor =\"F0F6FF\" border=0>\n<tbody>\n<tr>\n<td width=\"25%\"><font color=\"00CC00\">Lundi 13 d\u00e9cembre<\/font><\/td>\n<td><font color=\"00CC00\">17 h &#8211; C\u00e9l\u00e9bration \u00e0  la Maison de Retraite.<\/font><\/td>\n<td><font color=\"00CC00\">20 h 30  R\u00e9union de l&rsquo;Equipe d&rsquo;Animation Pastorale.<font><\/td>\n<\/tr>\n<tr>\n<td><font color=\"802020\">Mardi 14 d\u00e9cembre<font><\/td>\n<td><font color=\"802020\">18 h  Messe \u00e0 Cr\u00e9cy pour Alain VASSEUR et H\u00e9l\u00e8ne DUBESSET.<font><\/td>\n<td><font color=\"802020\"><\/p>\n<div align=\"center\"><img decoding=\"async\" src=\"\/IMG\/gif\/coupes002.gif\"><\/div>\n<p><\/font><\/td>\n<\/tr>\n<tr>\n<td><font color=\"0020FF\">Mercredi 15 d\u00e9cembre<\/font><\/td>\n<td><font color=\"0020FF\"><\/p>\n<div align=\"center\"><img decoding=\"async\" src=\"\/IMG\/gif\/lumiere_65.gif\"><\/div>\n<p><\/font><\/td>\n<td><font color=\"0020FF\">18 h &#8211; Messe \u00e0 Cr\u00e9cy pour Anne-Marie HILBERT et Andr\u00e9e PHILIPPE.<font><\/td>\n<\/tr>\n<tr>\n<td><font color=\"00CC00\">jeudi 16 d\u00e9cembre<\/font><\/td>\n<td><font color=\"00CC00\">9 h  Messe \u00e0 Cr\u00e9cy pour Jean DEDIEU et Andr\u00e9 GEORGIN.<font><\/td>\n<td><font color=\"000000\"><\/p>\n<div align=\"center\"><img decoding=\"async\" src=\"\/IMG\/gif\/bibles004.gif\"><\/div>\n<p><\/font><\/td>\n<\/tr>\n<tr>\n<td><font color=\"00CC00\">vendredi 17 d\u00e9cembre<\/font><\/td>\n<td><font color=\"000000\"><\/p>\n<div align=\"center\"><img decoding=\"async\" src=\"\/IMG\/gif\/coupes004.gif\" ><\/div>\n<p><\/font><\/td>\n<td><font color=\"00CC00\">18 h &#8211; Messe pour les d\u00e9funts de la famille NOEL.<font><\/td>\n<\/tr>\n<tr>\n<td><font color=\"0020FF\">Samedi 18 novembre<\/font><\/td>\n<td><font color=\"0020FF\">de 14 h \u00e0 15 h 30  R\u00e9union de l&rsquo;Eveil \u00e0 la Foi.<br \/>\nde 15 h \u00e0 17 h  C\u00e9l\u00e9bration \u00e0 l&rsquo;\u00e9glise pour  la Cat\u00e9ch\u00e8se  Adapt\u00e9e.<font><\/td>\n<td><font color=\"0020FF\">18h 30 &#8211;  A Villiers, Messe pour Alfred BOURLOIS et Lucie RICHOILLEY.<font><\/td>\n<\/tr>\n<tr>\n<td><font color=\"00CC00\">Dimanche 19 d\u00e9cembre<\/font><\/td>\n<td><font color=\"00CC00\"><\/p>\n<div align=\"center\"><img decoding=\"async\" src=\"\/IMG\/lieux\/stgeorges03.jpg\" width=150>\n<\/div>\n<p><\/font><\/td>\n<td><font color=\"00CC00\">10 h 30  A Cr\u00e9cy, Messe d&rsquo;Action de Gr\u00e2ce pour Ren\u00e9e et Lucien GORRET  Elle sera \u00e9galement c\u00e9l\u00e9br\u00e9e    pour Alice et Raoul LECLERCQ.<br \/>\n<\/font><\/td>\n<\/tr>\n<\/tbody>\n<\/table>\n","protected":false},"excerpt":{"rendered":"<p>Voici les annonces de la semaine du lundi 13 au dimanche 19 d\u00e9cembre pour la paroisse des 3 clochers Cr\u00e9cy-la-Chapelle, Villiers-sur-Morin, Voulangis. Samedi 18 : 18 h 30 Messe \u00e0\u00a0 Villiers- Dimanche 19 :&#46;&#46;&#46;<\/p>\n","protected":false},"author":2,"featured_media":0,"comment_status":"open","ping_status":"open","sticky":false,"template":"","format":"standard","meta":{"footnotes":""},"categories":[],"tags":[],"class_list":["post-309","post","type-post","status-publish","format-standard","hentry"],"_links":{"self":[{"href":"http:\/\/www.chapelle-crecy.com\/index.php?rest_route=\/wp\/v2\/posts\/309","targetHints":{"allow":["GET"]}}],"collection":[{"href":"http:\/\/www.chapelle-crecy.com\/index.php?rest_route=\/wp\/v2\/posts"}],"about":[{"href":"http:\/\/www.chapelle-crecy.com\/index.php?rest_route=\/wp\/v2\/types\/post"}],"author":[{"embeddable":true,"href":"http:\/\/www.chapelle-crecy.com\/index.php?rest_route=\/wp\/v2\/users\/2"}],"replies":[{"embeddable":true,"href":"http:\/\/www.chapelle-crecy.com\/index.php?rest_route=%2Fwp%2Fv2%2Fcomments&post=309"}],"version-history":[{"count":0,"href":"http:\/\/www.chapelle-crecy.com\/index.php?rest_route=\/wp\/v2\/posts\/309\/revisions"}],"wp:attachment":[{"href":"http:\/\/www.chapelle-crecy.com\/index.php?rest_route=%2Fwp%2Fv2%2Fmedia&parent=309"}],"wp:term":[{"taxonomy":"category","embeddable":true,"href":"http:\/\/www.chapelle-crecy.com\/index.php?rest_route=%2Fwp%2Fv2%2Fcategories&post=309"},{"taxonomy":"post_tag","embeddable":true,"href":"http:\/\/www.chapelle-crecy.com\/index.php?rest_route=%2Fwp%2Fv2%2Ftags&post=309"}],"curies":[{"name":"wp","href":"https:\/\/api.w.org\/{rel}","templated":true}]}}