{"id":310,"date":"2010-12-19T09:04:00","date_gmt":"2010-12-19T09:04:00","guid":{"rendered":""},"modified":"-0001-11-30T00:00:00","modified_gmt":"-0001-11-29T22:00:00","slug":"","status":"publish","type":"post","link":"http:\/\/www.chapelle-crecy.com\/?p=310","title":{"rendered":"Annonces de la semaine du 20 au 26 d\u00e9cembre 2010"},"content":{"rendered":"<table bgcolor =\"F0FAFF\" border=0>\n<tbody>\n<tr>\n<td>\n<div align=\"justify\">\n<div \"230\">Voici les annonces de la semaine du lundi 20 au dimanche 26 d\u00e9cembre pour la paroisse des 3 clochers Cr\u00e9cy-la-Chapelle, Villiers-sur-Morin, Voulangis.<br \/>\nVendredi 24 \u00e0\u00a0 20 h 30 : Messe de la nuit de no\u00f6l \u00e0\u00a0 Cr\u00e9cy &#8211; Samedi 25 \u00e0\u00a0 10 h 30 : Messe de la nativit\u00e9 \u00e0\u00a0 Villiers &#8211; Dimanche 26 \u00e0\u00a0 10 h 30  messe \u00e0\u00a0 Cr\u00e9cy &#8211; Tous les d\u00e9tails dans la suite &#8230;<\/div>\n<\/div>\n<\/td>\n<\/tr>\n<\/tbody>\n<\/table>\n<table bgcolor =\"F0F6FF\" border=0>\n<tbody>\n<tr>\n<td width=\"25%\"><font color=\"00CC00\">Lundi 20 d\u00e9cembre<\/font><\/td>\n<td><font color=\"00CC00\">15 h &#8211;  A Cr\u00e9cy, obs\u00e8ques de Michel BORELLI.<br \/>\n17  h  &#8211; Messe  \u00e0  la Maison de Retraite pour Jean DESLANDES.<\/font><\/td>\n<td><font color=\"00CC00\">20 h &#8211; Veill\u00e9e p\u00e9nitentielle \u00e0 CRECY.<font><\/td>\n<\/tr>\n<tr>\n<td><font color=\"802020\">Mardi 21 d\u00e9cembre<font><\/td>\n<td><font color=\"802020\">18 h  Messe \u00e0 Cr\u00e9cy pour les Ames du Purgatoire.<font><\/td>\n<td><font color=\"802020\"><\/p>\n<div align=\"center\"><img decoding=\"async\" src=\"\/IMG\/gif\/coupes002.gif\"><\/div>\n<p><\/font><\/td>\n<\/tr>\n<tr>\n<td><font color=\"0020FF\">Mercredi 22 d\u00e9cembre<\/font><\/td>\n<td><font color=\"0020FF\"><\/p>\n<div align=\"center\"><img decoding=\"async\" src=\"\/IMG\/gif\/lumiere_65.gif\"><\/div>\n<p><\/font><\/td>\n<td><font color=\"0020FF\">18 h &#8211; Messe \u00e0 Cr\u00e9cy pour Jean et Marcelle MERILLON.<font><\/td>\n<\/tr>\n<tr>\n<td><font color=\"00CC00\">jeudi 23 d\u00e9cembre<\/font><\/td>\n<td><font color=\"00CC00\">18h  Messe \u00e0 Cr\u00e9cy pour Philippe CAIN et Julien GONZALES.<font><\/td>\n<td><font color=\"000000\"><\/p>\n<div align=\"center\"><img decoding=\"async\" src=\"\/IMG\/gif\/bibles004.gif\"><\/div>\n<p><\/font><\/td>\n<\/tr>\n<tr>\n<td><font color=\"00CC00\">vendredi 24 d\u00e9cembre<\/font><\/td>\n<td><font color=\"000000\"><\/p>\n<div align=\"center\"><img decoding=\"async\" src=\"\/IMG\/gif\/noel_nativite002.gif\" width=150 ><\/div>\n<p><\/font><\/td>\n<td><font color=\"FFCC00\">20 h 30  MESSE DE LA NUIT DE NOEL.<font><\/td>\n<\/tr>\n<tr>\n<td><font color=\"0020FF\">Samedi 25 novembre<\/font><\/td>\n<td><font color=\"FF2000\">10 h 30  A Villiers : NATIVITE DU SEIGNEUR.<font><\/td>\n<td><font color=\"0020FF\"><\/p>\n<div align=\"center\"><img decoding=\"async\" src=\"\/IMG\/gif\/noel_nativite019.gif\" width=150><\/div>\n<p><font><\/td>\n<\/tr>\n<tr>\n<td><font color=\"00CC00\">Dimanche 26 d\u00e9cembre<\/font><\/td>\n<td><font color=\"00CC00\"><\/p>\n<div align=\"center\"><img decoding=\"async\" src=\"\/IMG\/gif\/creche13.gif\" width=150>\n<\/div>\n<p><\/font><\/td>\n<td><font color=\"00CC00\">10 h 30  A Cr\u00e9cy,  Messe pour  Thibaud CHRETIEN.<\/font><\/td>\n<\/tr>\n<\/tbody>\n<\/table>\n<div align=\"center\"><img decoding=\"async\" src=\"\/IMG\/gif\/noel_nativite009.gif\"><\/div>\n","protected":false},"excerpt":{"rendered":"<p>Voici les annonces de la semaine du lundi 20 au dimanche 26 d\u00e9cembre pour la paroisse des 3 clochers Cr\u00e9cy-la-Chapelle, Villiers-sur-Morin, Voulangis. Vendredi 24 \u00e0\u00a0 20 h 30 : Messe de la nuit de&#46;&#46;&#46;<\/p>\n","protected":false},"author":2,"featured_media":0,"comment_status":"open","ping_status":"open","sticky":false,"template":"","format":"standard","meta":{"footnotes":""},"categories":[],"tags":[],"class_list":["post-310","post","type-post","status-publish","format-standard","hentry"],"_links":{"self":[{"href":"http:\/\/www.chapelle-crecy.com\/index.php?rest_route=\/wp\/v2\/posts\/310","targetHints":{"allow":["GET"]}}],"collection":[{"href":"http:\/\/www.chapelle-crecy.com\/index.php?rest_route=\/wp\/v2\/posts"}],"about":[{"href":"http:\/\/www.chapelle-crecy.com\/index.php?rest_route=\/wp\/v2\/types\/post"}],"author":[{"embeddable":true,"href":"http:\/\/www.chapelle-crecy.com\/index.php?rest_route=\/wp\/v2\/users\/2"}],"replies":[{"embeddable":true,"href":"http:\/\/www.chapelle-crecy.com\/index.php?rest_route=%2Fwp%2Fv2%2Fcomments&post=310"}],"version-history":[{"count":0,"href":"http:\/\/www.chapelle-crecy.com\/index.php?rest_route=\/wp\/v2\/posts\/310\/revisions"}],"wp:attachment":[{"href":"http:\/\/www.chapelle-crecy.com\/index.php?rest_route=%2Fwp%2Fv2%2Fmedia&parent=310"}],"wp:term":[{"taxonomy":"category","embeddable":true,"href":"http:\/\/www.chapelle-crecy.com\/index.php?rest_route=%2Fwp%2Fv2%2Fcategories&post=310"},{"taxonomy":"post_tag","embeddable":true,"href":"http:\/\/www.chapelle-crecy.com\/index.php?rest_route=%2Fwp%2Fv2%2Ftags&post=310"}],"curies":[{"name":"wp","href":"https:\/\/api.w.org\/{rel}","templated":true}]}}