{"id":311,"date":"2011-12-26T20:00:32","date_gmt":"2011-12-26T20:00:32","guid":{"rendered":""},"modified":"-0001-11-30T00:00:00","modified_gmt":"-0001-11-29T22:00:00","slug":"","status":"publish","type":"post","link":"http:\/\/www.chapelle-crecy.com\/?p=311","title":{"rendered":"Annonces de la semaine du 26 d\u00e9cembre 2011 au 1er janvier 2012"},"content":{"rendered":"<table bgcolor =\"F0FAFF\" border=0>\n<tbody>\n<tr>\n<td>\n<div align=\"justify\">\n<div \"231\">Voici les annonces de la semaine du lundi 26 d\u00e9cembre 2011 au dimanche 1 janvier 2012 pour la paroisse des 3 clochers Cr\u00e9cy-la-Chapelle, Villiers-sur-Morin, Voulangis.<br \/>\nDimanche 1er janvier 2012 \u00e0\u00a0 10 h 30 : Solennit\u00e9 de Sainte Marie, M\u00e8re de Dieu \u00e0\u00a0 Cr\u00e9cy &#8211; Bonne ann\u00e9e ! &#8211; Tous les d\u00e9tails dans la suite &#8230;<\/div>\n<\/div>\n<\/td>\n<\/tr>\n<\/tbody>\n<\/table>\n<table bgcolor =\"F0F6FF\" border=0>\n<tbody>\n<tr>\n<td width=\"25%\"><font color=\"00CC00\">Lundi 26 d\u00e9cembre<\/font><\/td>\n<td><font color=\"00CC00\"><br \/>\n10h30 &#8211; A Villiers, Obs\u00e8ques de Ginette DELAGE<br \/>\n17  h  &#8211; Messe  \u00e0  la Maison de Retraite <\/font><\/td>\n<\/tr>\n<tr>\n<td><font color=\"802020\">Mardi 27 d\u00e9cembre<font><\/td>\n<td><font color=\"802020\">9 h  Messe \u00e0 Cr\u00e9cy pour Anne et Ren\u00e9 COUVRI<font><\/td>\n<td><font color=\"802020\"><\/p>\n<div align=\"center\"><img decoding=\"async\" src=\"\/IMG\/gif\/coupes002.gif\"><\/div>\n<p><\/font><\/td>\n<\/tr>\n<tr>\n<td><font color=\"0020FF\">Mercredi 28 d\u00e9cembre<font><\/td>\n<td><font color=\"0020FF\"><\/p>\n<div align=\"center\"><img decoding=\"async\" src=\"\/IMG\/gif\/lumiere_65.gif\"><\/div>\n<p><\/font><\/td>\n<td><font color=\"0020FF\">18 h &#8211; Messe \u00e0 Cr\u00e9cy pour Janine PERICHON<font><\/td>\n<\/tr>\n<tr>\n<td><font color=\"00CC00\">Jeudi 29 d\u00e9cembre<\/font><\/td>\n<td><font color=\"00CC00\">18h  Messe \u00e0 Cr\u00e9cy pour Marie-Rose HUG et Odette CAROUGE<br \/>\n<font><\/td>\n<td><font color=\"000000\"><\/p>\n<div align=\"center\"><img decoding=\"async\" src=\"\/IMG\/gif\/bibles004.gif\"><\/div>\n<p><\/font><\/td>\n<\/tr>\n<tr>\n<td><font color=\"00CC00\">Vendredi 30 d\u00e9cembre<font><\/td>\n<td><font color=\"FFCC00\">18h  Messe \u00e0 Cr\u00e9cy pour Raymonde MAGNE et Georges PICARD<font><\/td>\n<\/tr>\n<\/tr>\n<tr>\n<tr>\n<td><font color=\"0020FF\">Samedi 31 d\u00e9cembre<\/font><\/td>\n<td><font color=\"FF2000\">18 h 30  Messe \u00e0 Voulangis pour Jacques SAMSON et Paul LECUYER<br \/>\n<\/font><\/td>\n<p><font><\/td>\n<td><font color=\"0020FF\"><\/p>\n<div align=\"center\"><img decoding=\"async\" src=\"\/IMG\/gif\/noel_nativite019.gif\" width=150><\/div>\n<p><font><\/td>\n<\/tr>\n<tr>\n<td><font color=\"00CC00\">Dimanche 1 janvier 2012<\/font><\/td>\n<td><font color=\"00CC00\"><\/p>\n<div align=\"center\"><img decoding=\"async\" src=\"\/IMG\/gif\/creche13.gif\" width=150>\n<\/div>\n<p><\/font><\/td>\n<td><font color=\"00CC00\">10 h 30  A Cr\u00e9cy,  Solennit\u00e9 de SAINTE MARIE, MERE DE DIEU &#8211; Messe pour l&rsquo;entr\u00e9e en nouvelle ann\u00e9e<br \/>\n10h30 &#8211; Messe \u00e0 Cr\u00e9cy pour Alice et Raoul LECLERC &#8211; Nous prierons \u00e9galement pour Ren\u00e9e HENQUIN et Suzanne LELARD<\/font><\/td>\n<\/tr>\n<\/tbody>\n<\/table>\n<div align=\"center\"><img decoding=\"async\" src=\"\/IMG\/gif\/noel_nativite009.gif\"><\/div>\n","protected":false},"excerpt":{"rendered":"<p>Voici les annonces de la semaine du lundi 26 d\u00e9cembre 2011 au dimanche 1 janvier 2012 pour la paroisse des 3 clochers Cr\u00e9cy-la-Chapelle, Villiers-sur-Morin, Voulangis. Dimanche 1er janvier 2012 \u00e0\u00a0 10 h 30 :&#46;&#46;&#46;<\/p>\n","protected":false},"author":2,"featured_media":0,"comment_status":"open","ping_status":"open","sticky":false,"template":"","format":"standard","meta":{"footnotes":""},"categories":[],"tags":[],"class_list":["post-311","post","type-post","status-publish","format-standard","hentry"],"_links":{"self":[{"href":"http:\/\/www.chapelle-crecy.com\/index.php?rest_route=\/wp\/v2\/posts\/311","targetHints":{"allow":["GET"]}}],"collection":[{"href":"http:\/\/www.chapelle-crecy.com\/index.php?rest_route=\/wp\/v2\/posts"}],"about":[{"href":"http:\/\/www.chapelle-crecy.com\/index.php?rest_route=\/wp\/v2\/types\/post"}],"author":[{"embeddable":true,"href":"http:\/\/www.chapelle-crecy.com\/index.php?rest_route=\/wp\/v2\/users\/2"}],"replies":[{"embeddable":true,"href":"http:\/\/www.chapelle-crecy.com\/index.php?rest_route=%2Fwp%2Fv2%2Fcomments&post=311"}],"version-history":[{"count":0,"href":"http:\/\/www.chapelle-crecy.com\/index.php?rest_route=\/wp\/v2\/posts\/311\/revisions"}],"wp:attachment":[{"href":"http:\/\/www.chapelle-crecy.com\/index.php?rest_route=%2Fwp%2Fv2%2Fmedia&parent=311"}],"wp:term":[{"taxonomy":"category","embeddable":true,"href":"http:\/\/www.chapelle-crecy.com\/index.php?rest_route=%2Fwp%2Fv2%2Fcategories&post=311"},{"taxonomy":"post_tag","embeddable":true,"href":"http:\/\/www.chapelle-crecy.com\/index.php?rest_route=%2Fwp%2Fv2%2Ftags&post=311"}],"curies":[{"name":"wp","href":"https:\/\/api.w.org\/{rel}","templated":true}]}}