{"id":312,"date":"2011-01-02T23:48:41","date_gmt":"2011-01-02T23:48:41","guid":{"rendered":""},"modified":"-0001-11-30T00:00:00","modified_gmt":"-0001-11-29T22:00:00","slug":"","status":"publish","type":"post","link":"http:\/\/www.chapelle-crecy.com\/?p=312","title":{"rendered":"Meilleurs voeux pour 2011"},"content":{"rendered":"<div align=\"justify\">\n Troisi\u00e8me mill\u00e9naire\u00e2\u20ac\u00a6premi\u00e8re d\u00e9cennie\u00e2\u20ac\u00a6fin !<br \/>\n Quel horizon va s&rsquo;ouvrir pour l&rsquo;humanit\u00e9<br \/>\n Qui, au fil des jours, a v\u00e9cu sans grand entrain,<br \/>\n Dans un monde l\u00e9zard\u00e9 et d\u00e9senchant\u00e9 ?<\/p>\n<p> Dix ann\u00e9es de rodage, compliqu\u00e9es<br \/>\n Par le rejet ou bien l&rsquo;oubli des racines,<br \/>\n Fondements pr\u00e9cieux de notre \u00e9ternit\u00e9.<br \/>\n L&rsquo;impatience des hommes, en malheurs, se dessine.<\/p>\n<p> Nos mod\u00e8les se fissurent, l&rsquo;argent filou<br \/>\n Trouble nos esprits et embrouille nos chemins.<br \/>\n Nos bases sont secou\u00e9es, le doute est en nous,<br \/>\n Nuisant \u00e0 nos actes, recr\u00e9ant l&rsquo;enfantin.<\/p>\n<p> Mais l&rsquo;homme est debout ! Malgr\u00e9 peines et \u00e9preuves<br \/>\n Il retrouvera son essentiel : l&rsquo;esp\u00e9rance<br \/>\n D&rsquo;une vie riche et utile, d&rsquo;amiti\u00e9 toute neuve.<br \/>\n Le coeur et la raison ram\u00e8neront la patience.<\/p>\n<p> Nouvelle d\u00e9cennie\u00e2\u20ac\u00a6Nouvelle \u00e9tape d&rsquo;avenir,<br \/>\n Exigeante de regards, de la main tendue,<br \/>\n Du r\u00e9examen des habitudes, sans fuir,<br \/>\n Pour reb\u00e2tir une aube clairement v\u00eatue.<\/p>\n<p> Bonne route \u00e0 travers ces nouvelles contr\u00e9es !<br \/>\n Les enfants, espoir de la Terre, lorgnant demain<br \/>\n Ont besoin d&rsquo;air pur, de valeurs bien pens\u00e9es.<br \/>\n Nos mains et nos coeurs portent leur futur destin.<\/p>\n<p> Charles-Henri Piffarelly, mon ami <\/p>\n<\/div>\n","protected":false},"excerpt":{"rendered":"<p>Troisi\u00e8me mill\u00e9naire\u00e2\u20ac\u00a6premi\u00e8re d\u00e9cennie\u00e2\u20ac\u00a6fin ! Quel horizon va s&rsquo;ouvrir pour l&rsquo;humanit\u00e9 Qui, au fil des jours, a v\u00e9cu sans grand entrain, Dans un monde l\u00e9zard\u00e9 et d\u00e9senchant\u00e9 ? Dix ann\u00e9es de rodage, compliqu\u00e9es Par le&#46;&#46;&#46;<\/p>\n","protected":false},"author":2,"featured_media":0,"comment_status":"open","ping_status":"open","sticky":false,"template":"","format":"standard","meta":{"footnotes":""},"categories":[],"tags":[],"class_list":["post-312","post","type-post","status-publish","format-standard","hentry"],"_links":{"self":[{"href":"http:\/\/www.chapelle-crecy.com\/index.php?rest_route=\/wp\/v2\/posts\/312","targetHints":{"allow":["GET"]}}],"collection":[{"href":"http:\/\/www.chapelle-crecy.com\/index.php?rest_route=\/wp\/v2\/posts"}],"about":[{"href":"http:\/\/www.chapelle-crecy.com\/index.php?rest_route=\/wp\/v2\/types\/post"}],"author":[{"embeddable":true,"href":"http:\/\/www.chapelle-crecy.com\/index.php?rest_route=\/wp\/v2\/users\/2"}],"replies":[{"embeddable":true,"href":"http:\/\/www.chapelle-crecy.com\/index.php?rest_route=%2Fwp%2Fv2%2Fcomments&post=312"}],"version-history":[{"count":0,"href":"http:\/\/www.chapelle-crecy.com\/index.php?rest_route=\/wp\/v2\/posts\/312\/revisions"}],"wp:attachment":[{"href":"http:\/\/www.chapelle-crecy.com\/index.php?rest_route=%2Fwp%2Fv2%2Fmedia&parent=312"}],"wp:term":[{"taxonomy":"category","embeddable":true,"href":"http:\/\/www.chapelle-crecy.com\/index.php?rest_route=%2Fwp%2Fv2%2Fcategories&post=312"},{"taxonomy":"post_tag","embeddable":true,"href":"http:\/\/www.chapelle-crecy.com\/index.php?rest_route=%2Fwp%2Fv2%2Ftags&post=312"}],"curies":[{"name":"wp","href":"https:\/\/api.w.org\/{rel}","templated":true}]}}