{"id":314,"date":"2011-01-05T15:54:00","date_gmt":"2011-01-05T15:54:00","guid":{"rendered":""},"modified":"-0001-11-30T00:00:00","modified_gmt":"-0001-11-29T22:00:00","slug":"","status":"publish","type":"post","link":"http:\/\/www.chapelle-crecy.com\/?p=314","title":{"rendered":"Jeu Internet 2011: tous \u00e0\u00a0 vos ordis le dimanche  6 f\u00e9vrier \u00e0\u00a0 14h00"},"content":{"rendered":"<div align=\"justify\"> Comme tous les ans, \u00e0\u00a0 l&rsquo;occasion de la journ\u00e9e de la communication, tous les enfants de Seine et Marne (ils \u00e9taient plus de 300 l&rsquo;ann\u00e9e pass\u00e9e) sont invit\u00e9s \u00e0\u00a0 jouer en m\u00eame temps sur leur ordinateur.<br \/>\nLe but de cette invitation: R\u00e9pondre \u00e0\u00a0 une cinquantaine de questions pour parcourir ensemble les richesses de notre foi, en utilisant les moyens modernes de communication. <\/div>\n<div align=\"justify\"> Ainsi les internautes de notre dioc\u00e8se rejoindront quelques 2000 camarades franciliens, qui joueront en simultan\u00e9 sur le site Internet de leur dioc\u00e8se.<br \/>\n Il s&rsquo;agit de faire d\u00e9couvrir aux enfants qu&rsquo;\u00eatre catholique peut leur permettre de vivre un temps festif \u00e0 dimension dioc\u00e9saine. Il montre \u00e9galement que les jeunes catholiques sont bien de leur temps. <\/p>\n<div align=\"center\"><img decoding=\"async\" src=\"\/IMG\/jpg\/internet-p1.jpg\" width=600><\/div>\n<p> La mise en oeuvre de ce jeu est le fruit de la collaboration entre les services de communication et de cat\u00e9ch\u00e8se des dioc\u00e8ses d&rsquo;Ile-de-France.<br \/>\nLes inscriptions des \u00e9quipes peuvent se faire \u00e0 partir du 6 janvier sur le site:<br \/>\nwww.eglisecatho-meaux.cef.fr<\/p>\n<p> Nous vous invitons \u00e0 prendre note d\u00e8s \u00e0 pr\u00e9sent des r\u00e8gles du jeu. C&rsquo;est tr\u00e8s facile et tout le monde peut jouer, les grands-parents comme les enfants.<\/p>\n<div align=\"center\"><img decoding=\"async\" src=\"\/IMG\/jpg\/internet-p2.jpg\" width=600><\/div>\n<p> Pour tous renseignements, contactez le Service Dioc\u00e9sain de la Cat\u00e9ch\u00e8se<br \/>\n Tel : 01 64 07 46 48<br \/>\n email : catechese@meaux.cef.fr<\/p>\n<p> Retrouvez le document int\u00e9gral en format PDF ci-dessous.\n<\/p><\/div>\n","protected":false},"excerpt":{"rendered":"<p>Comme tous les ans, \u00e0\u00a0 l&rsquo;occasion de la journ\u00e9e de la communication, tous les enfants de Seine et Marne (ils \u00e9taient plus de 300 l&rsquo;ann\u00e9e pass\u00e9e) sont invit\u00e9s \u00e0\u00a0 jouer en m\u00eame temps sur&#46;&#46;&#46;<\/p>\n","protected":false},"author":2,"featured_media":0,"comment_status":"open","ping_status":"open","sticky":false,"template":"","format":"standard","meta":{"footnotes":""},"categories":[],"tags":[],"class_list":["post-314","post","type-post","status-publish","format-standard","hentry"],"_links":{"self":[{"href":"http:\/\/www.chapelle-crecy.com\/index.php?rest_route=\/wp\/v2\/posts\/314","targetHints":{"allow":["GET"]}}],"collection":[{"href":"http:\/\/www.chapelle-crecy.com\/index.php?rest_route=\/wp\/v2\/posts"}],"about":[{"href":"http:\/\/www.chapelle-crecy.com\/index.php?rest_route=\/wp\/v2\/types\/post"}],"author":[{"embeddable":true,"href":"http:\/\/www.chapelle-crecy.com\/index.php?rest_route=\/wp\/v2\/users\/2"}],"replies":[{"embeddable":true,"href":"http:\/\/www.chapelle-crecy.com\/index.php?rest_route=%2Fwp%2Fv2%2Fcomments&post=314"}],"version-history":[{"count":0,"href":"http:\/\/www.chapelle-crecy.com\/index.php?rest_route=\/wp\/v2\/posts\/314\/revisions"}],"wp:attachment":[{"href":"http:\/\/www.chapelle-crecy.com\/index.php?rest_route=%2Fwp%2Fv2%2Fmedia&parent=314"}],"wp:term":[{"taxonomy":"category","embeddable":true,"href":"http:\/\/www.chapelle-crecy.com\/index.php?rest_route=%2Fwp%2Fv2%2Fcategories&post=314"},{"taxonomy":"post_tag","embeddable":true,"href":"http:\/\/www.chapelle-crecy.com\/index.php?rest_route=%2Fwp%2Fv2%2Ftags&post=314"}],"curies":[{"name":"wp","href":"https:\/\/api.w.org\/{rel}","templated":true}]}}