{"id":315,"date":"2011-01-25T00:25:56","date_gmt":"2011-01-25T00:25:56","guid":{"rendered":""},"modified":"-0001-11-30T00:00:00","modified_gmt":"-0001-11-29T22:00:00","slug":"","status":"publish","type":"post","link":"http:\/\/www.chapelle-crecy.com\/?p=315","title":{"rendered":"Il est venu le temps de la retraite fondamentale !"},"content":{"rendered":"<div align=\"justify\">L&rsquo;ann\u00e9e 2011 vient de s&rsquo;ouvrir. Le temps fort de cette ann\u00e9e 2011 sera bien \u00e9videmment la venue Pape \u00e0\u00a0 Madrid \u00e0\u00a0 l&rsquo;occasion des Journ\u00e9es Mondiales de la Jeunesse du 16 au 21 ao\u00fbt prochain. Pourquoi ne pas se pr\u00e9parer \u00e0\u00a0 cette rencontre internationale en allant vivre une retraite dans un foyer de Charit\u00e9? Nous vous proposons aujourd&rsquo;hui une pr\u00e9sentation de la mission et des activit\u00e9s propos\u00e9es au Foyer de Charit\u00e9 de Baye (51)  <\/div>\n<div align=\"justify\">Chers amis,<\/p>\n<p> Nous sommes heureux de vous adresser en pi\u00e8ce jointe (document pdf) notre d\u00e9pliant qui pr\u00e9sente le coeur de la mission des Foyers de Charit\u00e9 :<br \/>\n <img315|center><br \/>\n la retraite fondamentale.<br \/>\n \u00ab Formation int\u00e9grale, la retraite fondamentale permet vraiment<br \/>\nd&rsquo;\u00e9duquer \u00e0 un agir chr\u00e9tien \u00bb  (Texte national pour l&rsquo;orientation de la cat\u00e9ch\u00e8se en France, p.56) \u00bb.<br \/>\n \u00ab Elle est comme un cat\u00e9chum\u00e9nat en raccourci mais en intensif \u00bb<br \/>\n(d\u00e9finition par un p\u00e8re de Foyer de Charit\u00e9).<\/p>\n<p> Vous trouverez dans ce d\u00e9pliant l&rsquo;ensemble du calendrier 2011 de notre Foyer contenant les dates des retraites fondamentales et autres retraites, r\u00e9collections, diverses propositions.<\/p>\n<p> Cette ann\u00e9e 2011 est du reste importante car ax\u00e9e sur quelques grands temps forts :<\/p>\n<p>les anniversaires des Foyers de Charit\u00e9 :<\/p>\n<p>Le 6 f\u00e9vrier 2011 marque le 30\u00e8me anniversaire de la mort de Marthe Robin et le 10 f\u00e9vrier 2011 celui des 75 ans des Foyers de Charit\u00e9.<br \/>\nA ces deux dates correspondent 2 r\u00e9collections de journ\u00e9e dans notre Foyer de Champagne. Nous c\u00e9l\u00e8brerons aussi \u00e0 Paris ces anniversaires avec d&rsquo;autres Foyers de Charit\u00e9 et le groupe de pri\u00e8re Marthe Robin : temps forts en paroisses \u00e0 Paris, entre le 5 et le 11 f\u00e9vrier 2011 (programme en cours d&rsquo;\u00e9laboration, qui sera mis en ligne sur notre site internet).<br \/>\n <img306|center><br \/>\nla perspective des JMJ de Madrid, avec une ouverture pour tous les \u00e2ges au Foyer de Baye\u00e2\u20ac\u00a6<\/p>\n<p> En effet, en 2011, nous proposons \u00e0 tous, \u00e0 partir de 18 ans, la retraite de Semaine Sainte, du 18 au 24 avril, avec des saints espagnols ;ainsi que la plupart des r\u00e9collections de week-end et journ\u00e9es mensuelles du jeudi avec des saints espagnols \u00e9galement (saints n\u00e9s espagnols ou ayant v\u00e9cu en Espagne). <\/p>\n<p>les anniversaires li\u00e9s \u00e0 l&rsquo;Eglise Universelle\u00e2\u20ac\u00a6<\/p>\n<p> &#8211; avec la retraite fondamentale du 21 au 27 f\u00e9vrier 2011, en l&rsquo;honneur de l&rsquo;encyclique Laborem Exercens (14 sept 1981) : \u00ab A chaque jour suffit sa peine !? \u00bb<br \/>\n <img311|center><br \/>\n &#8211; et la retraite fondamentale du 21 au 27 novembre 2011, en l&rsquo;honneur du 30\u00e8me anniversaire de l&rsquo;Exhortation apostolique du 22 nov 1981 Familiaris Consortio : \u00abLe mariage et la famille, ringards ou proph\u00e9tiques ? \u00bb<\/p>\n<p> N.B . Pour l&rsquo;accueil de groupes d\u00e9j\u00e0 constitu\u00e9s (groupes venant avec leur propre pr\u00e9dicateur, etc\u00e2\u20ac\u00a6 qui souhaitent vivre un autre temps que celui des retraites propos\u00e9es par le Foyer ):<br \/>\nLe plus souvent, cet accueil a lieu \u00e0 quelques m\u00e8tres du Foyer dans notre Maison familiale de vacances, laquelle a une large capacit\u00e9 d&rsquo;accueil. Le tarif de la pension compl\u00e8te est tr\u00e8s nettement inf\u00e9rieur \u00e0 celui des g \u00eetes ruraux environnants (moins de   45 euros par 24h).<br \/>\n <img309|center><br \/>\n La responsable, Marie-Agn\u00e8s Lepers, est \u00e0 votre disposition pour toute demande de renseignements compl\u00e9mentaires au 03 26 52 80 80 ou fdc.baye@orange.fr.<br \/>\n <img308|center><\/p>\n<p> Nous vous invitons \u00e0 consulter notre site internet (actuellement en r\u00e9fection):<br \/>\n http:\/\/foyer.de.charite.baye.pagesperso-orange.fr\/<\/p>\n<p> Bien sinc\u00e8rement,<\/p>\n<p> Elisabeth Triau, charg\u00e9e de la Communication,<br \/>\n Au nom du P\u00e8re fran\u00e7ois-J\u00e9r\u00f4me Leroy et de la communaut\u00e9 du Foyer<br \/>\n <img314|center><\/p>\n<p> PS : 2 fr\u00e8res pr\u00eatres sont \u00e0 l&rsquo;origine du Foyer de Baye, sous l&rsquo;impulsion de Marthe Robin et du P\u00e8re Georges Finet. Le p\u00e8re Michel Blard, 2\u00e8me p\u00e8re du Foyer  1982\/1998 -, a d&rsquo;ailleurs servi quelques ann\u00e9es au Foyer de Ch\u00e2teauneuf et fut celui qui organisa la liturgie des obs\u00e8ques de Marthe Robin. Tr\u00e8s souvent, les retraitants et les groupes ext\u00e9rieurs aiment recevoir son t\u00e9moignage (\u00e0 pr\u00e9voir \u00e0 l&rsquo;avance).<br \/>\n <img313|center><br \/>\n Egalement sollicit\u00e9e : la visite de notre petite  chapelle bleue d\u00e9di\u00e9e \u00e0 st Alpin (n\u00e9 et mort \u00e0 Baye). Ses vitraux sont class\u00e9s et aussi pr\u00e9sent\u00e9s lors des Journ\u00e9es du Patrimoine.<br \/>\n <img312|center><\/p>\n<p> PSS : Pour la petite histoire, est venu il y a bien des ann\u00e9es en tant que retraitant au Foyer de Baye un artiste chr\u00e9tien en plein cheminement &#8230; et qui se verra confier plus tard le r\u00f4le de fr\u00e8re Luc dans le film Des hommes et des dieux. <\/p>\n<p> <img307|center><br \/>\n Vous trouverez ci-dessous le plan d&rsquo;acc\u00e8s \u00e0 Baye et ci-joint notre d\u00e9pliant au format PDF \u00e0 diffuser largement autour de vous.<br \/>\n <img316|center><br \/>\n <doc317>\n<\/div>\n","protected":false},"excerpt":{"rendered":"<p>L&rsquo;ann\u00e9e 2011 vient de s&rsquo;ouvrir. Le temps fort de cette ann\u00e9e 2011 sera bien \u00e9videmment la venue Pape \u00e0\u00a0 Madrid \u00e0\u00a0 l&rsquo;occasion des Journ\u00e9es Mondiales de la Jeunesse du 16 au 21 ao\u00fbt prochain.&#46;&#46;&#46;<\/p>\n","protected":false},"author":2,"featured_media":0,"comment_status":"open","ping_status":"open","sticky":false,"template":"","format":"standard","meta":{"footnotes":""},"categories":[],"tags":[],"class_list":["post-315","post","type-post","status-publish","format-standard","hentry"],"_links":{"self":[{"href":"http:\/\/www.chapelle-crecy.com\/index.php?rest_route=\/wp\/v2\/posts\/315","targetHints":{"allow":["GET"]}}],"collection":[{"href":"http:\/\/www.chapelle-crecy.com\/index.php?rest_route=\/wp\/v2\/posts"}],"about":[{"href":"http:\/\/www.chapelle-crecy.com\/index.php?rest_route=\/wp\/v2\/types\/post"}],"author":[{"embeddable":true,"href":"http:\/\/www.chapelle-crecy.com\/index.php?rest_route=\/wp\/v2\/users\/2"}],"replies":[{"embeddable":true,"href":"http:\/\/www.chapelle-crecy.com\/index.php?rest_route=%2Fwp%2Fv2%2Fcomments&post=315"}],"version-history":[{"count":0,"href":"http:\/\/www.chapelle-crecy.com\/index.php?rest_route=\/wp\/v2\/posts\/315\/revisions"}],"wp:attachment":[{"href":"http:\/\/www.chapelle-crecy.com\/index.php?rest_route=%2Fwp%2Fv2%2Fmedia&parent=315"}],"wp:term":[{"taxonomy":"category","embeddable":true,"href":"http:\/\/www.chapelle-crecy.com\/index.php?rest_route=%2Fwp%2Fv2%2Fcategories&post=315"},{"taxonomy":"post_tag","embeddable":true,"href":"http:\/\/www.chapelle-crecy.com\/index.php?rest_route=%2Fwp%2Fv2%2Ftags&post=315"}],"curies":[{"name":"wp","href":"https:\/\/api.w.org\/{rel}","templated":true}]}}