{"id":316,"date":"2011-01-14T02:30:54","date_gmt":"2011-01-14T02:30:54","guid":{"rendered":""},"modified":"-0001-11-30T00:00:00","modified_gmt":"-0001-11-29T22:00:00","slug":"","status":"publish","type":"post","link":"http:\/\/www.chapelle-crecy.com\/?p=316","title":{"rendered":"En 2011 laissons-nous guider par la Vierge Marie"},"content":{"rendered":"<div align=\"justify\"> Au milieu de la nuit de No\u00f6l, avec Marie, M\u00e8re de Dieu, nous avons accueilli la lumi\u00e8re du monde. En effet, J\u00e9sus est venu \u00e0\u00a0 la rencontre de notre humanit\u00e9, humblement, dans une cr\u00e8che, pour \u00e9clairer nos vies.<br \/>\nAu milieu de la nuit de l&rsquo;hiver, pendant ces p\u00e9riodes de grand froid, il arrive que nous n&rsquo;ayons pas toujours le moral. En plein coeur de cette interminable p\u00e9riode hivernale, je vous propose ce petit rayon de soleil, l&rsquo;album-souvenir du p\u00e8lerinage de l&rsquo;Hospitalit\u00e9 de Meaux de juillet 2010. Vous verrez comment Marie est pr\u00e9sente au milieu de la nuit de la vie de chacun de nous qui avons recours \u00e0\u00a0 Elle, de ceux qui souffrent et de ceux qui sont au service des malades.<\/div>\n<div align=\"justify\">\n Th\u00e8me pastoral 2010: Avec Bernadette, faire le signe de la croix<br \/>\n  Tous les ans, un th\u00e8me pastoral d&rsquo;ann\u00e9e est choisi par l&rsquo;\u00e9v\u00eaque du dioc\u00e8se de Tarbes et Lourdes, Mgr Perrier. Comme Marie a appris \u00e0 faire le signe de la croix \u00e0 Bernadette, nous aussi, en tant que baptis\u00e9, refaisons ce signe de croix, tous les jours, lentement et amplement.<br \/>\n Au cours de ce p\u00e8lerinage dioc\u00e9sain, pendant les liturgies, les conf\u00e9rences, les chemins de croix et les pri\u00e8res, tous les p\u00e8lerins ont pu r\u00e9fl\u00e9chir et red\u00e9couvrir tout le sens de ce geste fondamental de la pri\u00e8re du chr\u00e9tien : <\/p>\n<p> le signe de croix.<br \/>\n Il est le signe que la vie est plus forte que la mort et que l&rsquo;amour est plus fort que la haine.<br \/>\n <img279|center><\/p>\n<p> Lors de la c\u00e9r\u00e9monie de r\u00e9conciliation, tous les malades et hospitaliers, apr\u00e8s avoir re\u00e7u le sacrement du pardon, ont d\u00e9pos\u00e9 leur lumignon en forme de croix, signe du Salut, pour manifester leur d\u00e9sir de revenir vers le P\u00e8re.<br \/>\n <img267|center><\/p>\n<p> La titularisation<br \/>\n Un autre temps fort de ce p\u00e8lerinage a \u00e9t\u00e9 la titularisation de 9 hospitaliers et 10 hospitali\u00e8res. Il s&rsquo;agit d&rsquo;une c\u00e9r\u00e9monie bouleversante au cours de laquelle les hospitaliers re\u00e7oivent une petite insigne. Les hospitali\u00e8res re\u00e7oivent en plus un voile bleu. Mais c&rsquo;est bien la remise du cierge allum\u00e9 au cierge Pascal et de l&rsquo;image b\u00e9nie de la grotte qui conf\u00e8re \u00e0 cette c\u00e9r\u00e9monie un caract\u00e8re d&rsquo;engagement fort du titulaire au service des malades. Parmi ces nouveaux engag\u00e9s, on peut remarquer la joie qui a inond\u00e9 le coeur de:<\/p>\n<p> Dominique Boulland de Quincy:<br \/>\n <img271|center><br \/>\n <img259|center><\/p>\n<p> Simon Deletain de Chapaubert, Beno \u00eet Devestele de montdauphin<br \/>\net S\u00e9bastien De Wulf de Rubelles:<br \/>\n <img270|center><\/p>\n<p> Guy Leconte de Thorigny:<br \/>\n <img272|center><\/p>\n<p> Antoine Morel de Cr\u00e9cy, nomm\u00e9 avec Guy et d&rsquo;autres titulaires pour porter le dais qui abrite le Saint Sacrement de la procession eucharistique men\u00e9e par le dioc\u00e8se de Meaux<br \/>\n <img273|center><\/p>\n<p> Mot de la Pr\u00e9sidente Catherine Poisson:<br \/>\n <img293|center><br \/>\n \u00abLe dernier jour du p\u00e8lerinage, et apr\u00e8s de tr\u00e8s belles et nombreuses c\u00e9r\u00e9monies sur les sanctuaires de Lourdes, la pr\u00e9sidente Catherine Poisson et les hospitaliers ont \u00e9t\u00e9 touch\u00e9s par la visite de Monseigneur Albert Marie de Monl\u00e9on sur le lieu d&rsquo;h\u00e9bergement des personnes malades (accueil Marie Saint -Frai).<br \/>\n Ils ont particuli\u00e8rement appr\u00e9ci\u00e9 les vifs remerciements du P\u00e8re Ev\u00eaque pour leur disponibilit\u00e9 et leur d\u00e9vouement ainsi que l&rsquo;humeur joyeuse et fraternelle de toute l&rsquo;Hospitalit\u00e9. Les personnes malades ou p\u00e8lerins invalides ainsi que leurs accompagnants hospitaliers et hospitali\u00e8res remercient de tout coeur les jeunes musiciens (\u00e9quipe d&rsquo;animation) car ils savent \u00e0 la fois faire chanter, participer tous ceux qui malheuresement n&rsquo;ont pas d&rsquo;occasion pour le faire au cours de messes ett&#8230; que nous enchanter par la qualit\u00e9 de leur musique souvent leurs compositions. Le groupe d&rsquo;animation liturgique \u00e9tait compos\u00e9 de:<br \/>\n&#8211; Ma\u00ebl (piano et voix)<br \/>\n&#8211; Jos\u00e9 (guitare et voix)<br \/>\n&#8211; Beno \u00eet (batterie)<br \/>\n&#8211; Charlotte (fl\u00fbte traversi\u00e8re)<br \/>\n&#8211; Pierre (basse)<br \/>\n&#8211; Claire (guitare et voix)\u00bb<br \/>\n <img276|center><\/p>\n<p> Trois exp\u00e9riences (ou trois gr\u00e2ces re\u00e7ues entre autres) qui ont marqu\u00e9 particuli\u00e8rement Dominique Gachet de Thorigny:<br \/>\n <img269|center><br \/>\n &#8211; La soir\u00e9e Louange qui a permis d&rsquo;exprimer un voeux de conversion de soi-m\u00eame.<\/p>\n<p> &#8211; L&rsquo;opportunit\u00e9 que m&rsquo;a \u00e9t\u00e9 offerte une personne malade dont je tirais la voiture de lui faire parcourir le nouveau chemin de croix. Elle en avait fait la connaissance \u00e0 travers un reportage de l&rsquo;hebdomadaire Famille chr\u00e9tienne et avait correspondu avec le sculpteur, une femme en l&rsquo;occurrence, qui lui avait adress\u00e9 un livret d\u00e9crivant pour chaque station ce qu&rsquo;elle avait voulu exprimer. J&rsquo;avais pris l&rsquo;autorisation de cette escapade et nous n&rsquo;avions qu&rsquo;un temps limit\u00e9, mais elle m&rsquo;a fait lire le dernier paragraphe du texte d\u00e9di\u00e9 \u00e0 chaque station. Nous avons \u00e9t\u00e9 heureux de communier ensemble \u00e0 la beaut\u00e9 des sculptures, \u00e0 la magnifique expression des personnages et \u00e0 la r\u00e9alit\u00e9 de l&rsquo;\u00e9vocation. Ensuite, elle m&rsquo;a demand\u00e9 de passer par la tente de l&rsquo;adoration avant de rejoindre la procession eucharistique.<br \/>\n <img263|center><\/p>\n<p> &#8211; La participation \u00e0 la chorale lors de la messe internationale. L\u00e0 aussi j&rsquo;avais pris soin de savoir si je pouvais me lib\u00e9rer. Le chef de choeur nous a demand\u00e9 de sourire en chantant pour donner de la couleur \u00e0 notre voix. Chanter avec coeur dans un choeur et exprimer sa joie au cours de la c\u00e9l\u00e9bration eucharistique \u00e0 travers le chant est plus qu&rsquo;enthousiasmant.<\/p>\n<p> T\u00e9moignage d&rsquo;Evelyne Reydel de Cr\u00e9cy:<br \/>\n <img268|center><br \/>\n \u00abCe qui me frappe \u00e0 chaque p\u00e8lerinage, c&rsquo;est le bienfait que procure le fait de se donner aux autres, d&rsquo;\u00eatre utile, de servir; Roger et tant d&rsquo;autres qui ne sont pas consid\u00e9r\u00e9s dans la vie ordinaire et qui comptent pour rien, redeviennent \u00e0 Lourdes, une personne, un pr\u00e9nom, un visage que l&rsquo;on connait, \u00e0 qui l&rsquo;on sourit.<br \/>\n <img262|center><br \/>\n M\u00e9pris\u00e9es, ridiculis\u00e9es, ignor\u00e9es, ce sont ces personnes-l\u00e0 que le Seigneur a choisi pour nous dire la force de l&rsquo;amour, de l&rsquo;amiti\u00e9, du service. Ce sont toutes ces petites Bernadette, tous ces petits balais que l&rsquo;on met derri\u00e8re la porte d\u00e8s qu&rsquo;on n&rsquo;en a plus besoin qui changeront le monde et notre fa\u00e7on de le voir.<br \/>\n Merci Marie de nous avoir encore appel\u00e9 chez toi cette ann\u00e9e!\u00bb<\/p>\n<p> T\u00e9moignage de Marion, une jeune hospitali\u00e8re:<br \/>\n <img290|center><br \/>\n \u00abPour ma part ce que je retiens, c&rsquo;est l&rsquo;ouverture de l&rsquo;hospitalit\u00e9 \u00e0 tant de vie, amen\u00e9e notamment par la diversit\u00e9 des gens, en particulier les jeunes, les juniors, mais aussi les jeunes du camp des jeunes.<br \/>\n <img281|center><br \/>\n Je pense notamment \u00e0 un groupe d&rsquo;universitaires belges qui nous ont rejoint depuis 2 ans, un groupe pas forc\u00e9ment chr\u00e9tien, avec des \u00e9tudiants m\u00eame parfois tr\u00e8s tr\u00e8s loin de l&rsquo;Eglise. Le fait de pouvoir leur partager ce magnifique moment et de leur faire vivre ce magnifique service est franchement g\u00e9nial. Au bout de 5 jours de p\u00e8lerinage, c&rsquo;est toujours un grand plaisir de les voir repartir avec cette belle exp\u00e9rience de vie, remplie de d\u00e9couvertes, de rencontres, et cela donne une bien autre image de l&rsquo;Eglise que l&rsquo;image noircie fr\u00e9quemment v\u00e9hicul\u00e9e!\u00bb<\/p>\n<p> Quelques photos recueillies parmi des centaines de souvenirs:<\/p>\n<p> Au revoir Patrick<br \/>\n <img265|center><br \/>\n Patrick Pelletier \u00e9tait n\u00e9 \u00e0 Montereau le 19 juin 1957. Il avait \u00e9t\u00e9 scolaris\u00e9 \u00e0 Chaumes-en-Brie. A l&rsquo;\u00e2ge de 9ans, il avait poursuivi sa scolarit\u00e9 \u00e0 Guignes o\u00f9 il r\u00e9sidait. Alors qu&rsquo;il \u00e9tait manutentionnaire \u00e0 la biscuiterie de Guignes, au retour de son travail en moto, il fut accident\u00e9 le 14 octobre 1980. Apr\u00e8s 8 mois de coma, Patrick restera t\u00e9trapl\u00e9gique \u00e0 vie. Apr\u00e8s 25 p\u00e8lerinages \u00e0 Lourdes, tout le monde connaissait Patrick \u00e0 l&rsquo;Hospitalit\u00e9. Il ne pouvait s&rsquo;exprimer qu&rsquo;avec des clignements d&rsquo;yeux. Ce Patrick si attachant nous a quitt\u00e9s le 25 juillet 2010 \u00e0 Coulommiers. Nous prions pour lui.<br \/>\n <img291|center><\/p>\n<p> Le P\u00e8re Lallemant devant les piscines avec Dominique Quidet de Meaux:<br \/>\n <img275|center><\/p>\n<p> Notre ami Gonzague de Beton-Bazoche, paysagiste de son \u00e9tat a d\u00e9pos\u00e9 son brevet de \u00ab\u00a0rafraichisseur de p\u00e8lerins assoiff\u00e9s \u00e0 Lourdes\u00a0\u00bb, gr\u00e2ce \u00e0 son pulv\u00e9risateur. M\u00eame l&rsquo;hospitalit\u00e9 dioc\u00e9saine de Nice n&rsquo;y avait pas pens\u00e9 !<br \/>\n <img261|center><\/p>\n<p> Prier avec le signe de croix<\/p>\n<p> <img280|center><br \/>\n Au nom du P\u00e8re<br \/>\n Ma main sur le front,<br \/>\n je pense \u00e0 Dieu.<\/p>\n<p> Au nom de Son Amour immense,<br \/>\n je voudrais poser quelques<br \/>\n gestes d&rsquo;amour&#8230;<br \/>\n je voudrais que ma t\u00eate soit<br \/>\n pleine \u00e0 craquer<br \/>\n de milles mani\u00e8res d&rsquo;aimer.<\/p>\n<p> Au nom du Fils,<br \/>\n Ma main sur le coeur<br \/>\n je pense \u00e0 J\u00e9sus.<\/p>\n<p> Au nom de Son Amour immense,<br \/>\n je voudrais que son coeur<br \/>\n soit un jardin,<br \/>\n un jardin o\u00f9 fleuriraient<br \/>\n toutes ses paroles et tous ses actes.<\/p>\n<p> Au nom du Saint-Esprit,<br \/>\n Ma main qui va d&rsquo;une \u00e9paule \u00e0 l&rsquo;autre,<br \/>\n je pense \u00e0 l&rsquo;Esprit Saint.<\/p>\n<p> Au nom de son amour qui circule,<br \/>\n je voudrais que les autres<br \/>\n remplissent ma vie<br \/>\n et que le grand vent de l&rsquo;Amour<br \/>\n me pousse toujours \u00e0 l&rsquo;accueillir,<br \/>\n \u00e0 rencontrer, \u00e0 servir.<br \/>\n <img292|center><\/p>\n<p> Cette pri\u00e8re et certaines informations proviennent du Bulletin de l&rsquo;Hospitalit\u00e9 du Dioc\u00e8se de Meaux. Pour plus d&rsquo;information, veuillez vous adresser au secr\u00e9tariat de l&rsquo;Hospitalit\u00e9 du dioc\u00e8se de Meaux:<br \/>\n t\u00e9l. 01 64 42 98 61 ou portable de Jacqueline CHOLBI : 06 60 42 11 81 <\/p>\n<p> Le p\u00e8lerinage dioc\u00e9sain version 2011 aura lieu du 28 juin au 3 juillet. Le th\u00e8me pastoral d&rsquo;ann\u00e9e sera:<br \/>\n Avec Bernadette, prier le Notre P\u00e8re<br \/>\n Que vous soyez malades, p\u00e8lerins, hospitalier(e)s, servants d&rsquo;autel, ou junior(e)s, vous \u00eates tous convi\u00e9s \u00e0 participer \u00e0 ce p\u00e8lerinage dioc\u00e9sain.<br \/>\n <img294|center><br \/>\n Vous trouverez ci-joint un texte sous forme de t\u00e9moignage, pr\u00e9par\u00e9 par Lucien Guillaume, pr\u00e9sident d&rsquo;honneur de l&rsquo;Hospitalit\u00e9.<br \/>\n <doc289><br \/>\n <img295|center>\n   <\/div>\n","protected":false},"excerpt":{"rendered":"<p>Au milieu de la nuit de No\u00f6l, avec Marie, M\u00e8re de Dieu, nous avons accueilli la lumi\u00e8re du monde. En effet, J\u00e9sus est venu \u00e0\u00a0 la rencontre de notre humanit\u00e9, humblement, dans une cr\u00e8che,&#46;&#46;&#46;<\/p>\n","protected":false},"author":2,"featured_media":0,"comment_status":"open","ping_status":"open","sticky":false,"template":"","format":"standard","meta":{"footnotes":""},"categories":[],"tags":[],"class_list":["post-316","post","type-post","status-publish","format-standard","hentry"],"_links":{"self":[{"href":"http:\/\/www.chapelle-crecy.com\/index.php?rest_route=\/wp\/v2\/posts\/316","targetHints":{"allow":["GET"]}}],"collection":[{"href":"http:\/\/www.chapelle-crecy.com\/index.php?rest_route=\/wp\/v2\/posts"}],"about":[{"href":"http:\/\/www.chapelle-crecy.com\/index.php?rest_route=\/wp\/v2\/types\/post"}],"author":[{"embeddable":true,"href":"http:\/\/www.chapelle-crecy.com\/index.php?rest_route=\/wp\/v2\/users\/2"}],"replies":[{"embeddable":true,"href":"http:\/\/www.chapelle-crecy.com\/index.php?rest_route=%2Fwp%2Fv2%2Fcomments&post=316"}],"version-history":[{"count":0,"href":"http:\/\/www.chapelle-crecy.com\/index.php?rest_route=\/wp\/v2\/posts\/316\/revisions"}],"wp:attachment":[{"href":"http:\/\/www.chapelle-crecy.com\/index.php?rest_route=%2Fwp%2Fv2%2Fmedia&parent=316"}],"wp:term":[{"taxonomy":"category","embeddable":true,"href":"http:\/\/www.chapelle-crecy.com\/index.php?rest_route=%2Fwp%2Fv2%2Fcategories&post=316"},{"taxonomy":"post_tag","embeddable":true,"href":"http:\/\/www.chapelle-crecy.com\/index.php?rest_route=%2Fwp%2Fv2%2Ftags&post=316"}],"curies":[{"name":"wp","href":"https:\/\/api.w.org\/{rel}","templated":true}]}}