{"id":319,"date":"2011-01-21T00:55:56","date_gmt":"2011-01-21T00:55:56","guid":{"rendered":""},"modified":"-0001-11-30T00:00:00","modified_gmt":"-0001-11-29T22:00:00","slug":"","status":"publish","type":"post","link":"http:\/\/www.chapelle-crecy.com\/?p=319","title":{"rendered":"Et si on parlait annonce de la foi?"},"content":{"rendered":"<div align=\"justify\"> L&rsquo;Association Familiale Catholique (A.F.C.) est un mouvement national qui, depuis des ann\u00e9es, est au service des familles dans leur vie quotidienne. Elle a une repr\u00e9sentation des familles au niveau national, et lutte aupr\u00e8s des pouvoirs publics pour le respect de la vie (euthanasie, bio\u00e9thique, etc.).<br \/>\nMais, pourquoi cette pr\u00e9sentation rapide des AFC, me direz-vous?<br \/>\nEt bien, parce que l&rsquo;antenne locale des AFC de  Meaux organise une conf\u00e9rence \u00e0\u00a0 la salle Sainte C\u00e9line \u00e0\u00a0 Meaux, le lundi 24 janvier \u00e0\u00a0 20h30, sur le th\u00e8me du cat\u00e9chisme catholique.<br \/>\nVenez nombreux \u00e9couter Yannick Bonnet au parcours peu commun ! Sa conf\u00e9rence sur les fondamentaux de l&rsquo;\u00e9ducation, il y a quelques ann\u00e9es \u00e0\u00a0 Meaux avait eu un franc succ\u00e8s ! <\/div>\n<div align=\"justify\">\nN&rsquo;h\u00e9sitez pas \u00e0 diffuser largement le document ci-joint aupr\u00e8s de vos amis et coll\u00e8gues d&rsquo;\u00e9quipe d&rsquo;animation Pastorale ou responsables en cat\u00e9ch\u00e8se:<\/p>\n<div align=\"center\"><img decoding=\"async\" src=\"\/IMG\/jpg\/conf_bonnet.jpg\" width=600><\/div>\n<p> Il en va de notre mission de baptis\u00e9: vivre et t\u00e9moigner de l&rsquo;Amour de J\u00e9sus-Christ.<\/p>\n<p>Pri\u00e8re de Jean-Paul II (qui sera b\u00e9atifi\u00e9 le 1 mai 2011)<br \/>\n Nous te prions, Marie, pour que tu nous aides<br \/>\n \u00e0 accomplir cette mission qui a \u00e9t\u00e9 confi\u00e9e<br \/>\n par ton fils \u00e0 son Eglise<br \/>\n et qui nous revient aujourd&rsquo;hui.<br \/>\n Conscients de ton r\u00f4le comme auxiliatrice des chr\u00e9tiens,<br \/>\n nous nous confions \u00e0 toi<br \/>\n dans la mission de porter l&rsquo;Evangile<br \/>\n toujours plus profond\u00e9ment dans les coeurs<br \/>\n et dans les vies de tout le peuple.<br \/>\n Nous te confions notre mandat missionnaire<br \/>\n et nous confions totalement<br \/>\n notre cause \u00e0 tes pri\u00e8res.<\/p>\n<p> Contact des AFC de Meaux:<br \/>\n Christiane FERET &#8211; 01 60 24 36 39 \/ gilles.feret@wanadoo.fr\n<\/p><\/div>\n","protected":false},"excerpt":{"rendered":"<p>L&rsquo;Association Familiale Catholique (A.F.C.) est un mouvement national qui, depuis des ann\u00e9es, est au service des familles dans leur vie quotidienne. Elle a une repr\u00e9sentation des familles au niveau national, et lutte aupr\u00e8s des&#46;&#46;&#46;<\/p>\n","protected":false},"author":2,"featured_media":0,"comment_status":"open","ping_status":"open","sticky":false,"template":"","format":"standard","meta":{"footnotes":""},"categories":[],"tags":[],"class_list":["post-319","post","type-post","status-publish","format-standard","hentry"],"_links":{"self":[{"href":"http:\/\/www.chapelle-crecy.com\/index.php?rest_route=\/wp\/v2\/posts\/319","targetHints":{"allow":["GET"]}}],"collection":[{"href":"http:\/\/www.chapelle-crecy.com\/index.php?rest_route=\/wp\/v2\/posts"}],"about":[{"href":"http:\/\/www.chapelle-crecy.com\/index.php?rest_route=\/wp\/v2\/types\/post"}],"author":[{"embeddable":true,"href":"http:\/\/www.chapelle-crecy.com\/index.php?rest_route=\/wp\/v2\/users\/2"}],"replies":[{"embeddable":true,"href":"http:\/\/www.chapelle-crecy.com\/index.php?rest_route=%2Fwp%2Fv2%2Fcomments&post=319"}],"version-history":[{"count":0,"href":"http:\/\/www.chapelle-crecy.com\/index.php?rest_route=\/wp\/v2\/posts\/319\/revisions"}],"wp:attachment":[{"href":"http:\/\/www.chapelle-crecy.com\/index.php?rest_route=%2Fwp%2Fv2%2Fmedia&parent=319"}],"wp:term":[{"taxonomy":"category","embeddable":true,"href":"http:\/\/www.chapelle-crecy.com\/index.php?rest_route=%2Fwp%2Fv2%2Fcategories&post=319"},{"taxonomy":"post_tag","embeddable":true,"href":"http:\/\/www.chapelle-crecy.com\/index.php?rest_route=%2Fwp%2Fv2%2Ftags&post=319"}],"curies":[{"name":"wp","href":"https:\/\/api.w.org\/{rel}","templated":true}]}}