{"id":321,"date":"2011-03-01T10:10:00","date_gmt":"2011-03-01T10:10:00","guid":{"rendered":""},"modified":"-0001-11-30T00:00:00","modified_gmt":"-0001-11-29T22:00:00","slug":"","status":"publish","type":"post","link":"http:\/\/www.chapelle-crecy.com\/?p=321","title":{"rendered":"A l&rsquo;affiche \u00e0\u00a0 Lagny: Qui a envie d&rsquo;\u00eatre aim\u00e9?"},"content":{"rendered":"<div align=\"justify\"> Du 16 au 22 mars au cin\u00e9ma \u00ab\u00a0Le cinq\u00a0\u00bb de Lagny-sur-Marne, le film QUI A ENVIE D&rsquo;ETRE AIME ? passera aux s\u00e9ances suivantes :<br \/>\n&#8211; mercredi 16 mars \u00e0\u00a0 19h00<br \/>\n&#8211; vendredi 18 mars \u00e0\u00a0 21h00<br \/>\n&#8211; dimanche 20 mars \u00e0\u00a0 16h00<br \/>\n&#8211; lundi 21 mars \u00e0\u00a0 14h00<br \/>\n&#8211; mardi 22 mars \u00e0\u00a0 14h00<br \/>\n<a href=\"http:\/\/www.cinema-lecinq.com\"target=\"_blank\"><b><br \/>\nwww.cinema-lecinq.com<\/div>\n<p><\/b>\n <\/div>\n<div align=\"justify\">\n Voil\u00e0 ce qu&rsquo;en dit H\u00e9l\u00e8ne, une cat\u00e9chiste de Meaux qui vient de le voir en famille:<br \/>\n \u00ab\u00a0Vraiment, c&rsquo;est un tr\u00e8s beau t\u00e9moignage !\u00a0\u00bb<\/p>\n<p>Certains d&rsquo;entre vous ont peut \u00eatre lu le livre \u00ab\u00a0Catholique Anonyme\u00a0\u00bb de Thierry Bizot dans lequel il raconte comment il a rencontr\u00e9 Dieu.<br \/>\nSon t\u00e9moignage a \u00e9t\u00e9 adapt\u00e9 et r\u00e9alis\u00e9 au cin\u00e9ma par sa femme, Anne. Il sort sur grand \u00e9cran le 9 f\u00e9vrier 2011 dans toute la France, sous le titre \u00ab\u00a0Qui a envie d&rsquo;\u00eatre aim\u00e9?\u00a0\u00bb<br \/>\n L&rsquo;histoire :<br \/>\n Antoine a quarante ans. Heureux avec sa femme, p\u00e8re de deux beaux enfants, brillant avocat, on peut dire qu&rsquo;il a r\u00e9ussi sa vie ! Mais un jour Antoine va faire une rencontre inattendue, irrationnelle, bouleversante&#8230; Un peu honteuse aussi. Antoine va rencontrer Dieu et il ne s&rsquo;y attendait pas, mais alors pas du tout !.. Sa femme non plus. <\/p>\n<p> <img412|center><\/p>\n<p> Voir la bande annonce :<br \/>\n <a href=\"http:\/\/www.allocine.fr\/film\/fichefilm_gen_cfilm=188254.html\" target=\"_blank\"><b><br \/>\nwww.allocine.fr\/film\/film\/fichefilm_gen_cfilm=188254.html<\/a><\/b><\/p>\n<p> Ce long m\u00e9trage s&rsquo;adresse au grand public. Il montre que toute personne peut \u00eatre amen\u00e9e, \u00e0 un moment dans sa vie, \u00e0 se poser la question du sens de la vie, de la foi&#8230; Quoique traitant d&rsquo;un sujet original et d\u00e9licat, il propose une r\u00e9alisation contemporaine, \u00e0 la fois subtile et r\u00e9aliste, souriante et personnelle.<br \/>\n Pour nous tous, il repr\u00e9sente un fabuleux outil pour partager ce que nous croyons avec le plus grand nombre&#8230; Nos familles, nos amis, nos groupes de r\u00e9flexions, nos mouvements associatifs,&#8230;<\/p>\n<p> Alors soutenons-le ! En allant le voir d\u00e8s le 9 f\u00e9vrier au cin\u00e9ma, en en parlant autour de nous, en le recommandant sur Internet ou en le proposant dans le cadre de nos activit\u00e9s de groupe.<\/p>\n<p> L&rsquo;amour du P\u00e8re, Antoine va le laisser entrer dans sa vie gr\u00e2ce \u00e0 un lieu ouvert, un lieu d&rsquo;\u00e9coute et de partage. Ce lieu aurait tout \u00e0 fait pu \u00eatre\u00e2\u20ac\u00a6 un d \u00eener Alpha, Thierry Bizot le dit lui-m\u00eame ! <\/p>\n<p> Entretien avec Thierry Bizot qui a v\u00e9cu cette histoire vraie et bouleversante de cet homme du showbiz qui laisse entrer Dieu dans sa vie<br \/>\n Cet entretien est tir\u00e9 du journal gratuit L&rsquo;1visible<\/p>\n<p> \u00abJusqu&rsquo;\u00e0 l&rsquo;\u00e2ge de 44 ans, j&rsquo;ai \u00e9t\u00e9 un catholique non pratiquant. non communicant, non convaincu.\u00bb, r\u00e9sume Thierry Bizot. Il a suffi de quelques soir\u00e9es pour qu&rsquo;il change de vie. Invit\u00e9 par un professeur de son fils \u00e0 des cours de cat\u00e9ch\u00e8se, l&rsquo;ancien directeur de musique de M6 bascule dans une foi vivante. Il raconte alors cette incroyable aventure int\u00e9rieure dans Catholique anonyme, grand succ\u00e8s de librairie. L&rsquo;adaptation au cin\u00e9ma de ce best-seller vient de sortir sur les \u00e9crans. Rencontre.<\/p>\n<p> De quoi parle votre film?<br \/>\n Du parcours d&rsquo;un avocat de 40 ans, Antoine, \u00e0 qui tout r\u00e9ussit, mais qui va, gr\u00e2ce \u00e0 des cat\u00e9ch\u00e8ses o\u00f9 il a \u00e9t\u00e9 invit\u00e9 par hasard, prendre le temps de r\u00e9fl\u00e9chir \u00e0 sa vie. Il va peu \u00e0 peu ajuster ses relations avec son p\u00e8re, son fr\u00e8re, sa femme, afin de devenir un vrai p\u00e8re pour son propre fils adolescent.<\/p>\n<p> Qu&rsquo;est-ce qui vous a amen\u00e9 \u00e0 mettre \u00e0 l&rsquo;\u00e9crit, puis \u00e0 l&rsquo;\u00e9cran, votre conversion?<br \/>\n A force de raconter ma conversion, ma femme puis mon \u00e9diteur (Louis Gardel, au Seuil) m&rsquo;ont invit\u00e9 \u00e0 \u00e9crire cette histoire. Le film, c&rsquo;est ma femme qui a eu envie de l&rsquo;\u00e9crire et de le r\u00e9aliser, en constatant que ce sujet int\u00e9ressait, passionnait m\u00eame les gens \u00e0 qui on en parlait.<\/p>\n<p> Retrouvez la totalit\u00e9 de cet entretien sur<br \/>\n<a href=\"http:\/\/www.l1visible.com\" target=\"_blank\"><b><br \/>\nwww.l1visible.com<\/a><\/b><\/p>\n<p> Nous vous proposons \u00e9galement la possibilit\u00e9 d&rsquo;\u00e9couter l&rsquo;interview de Thierry Bizot que l&rsquo;\u00e9quipe du site religieux de Bayard<br \/>\n<a href=\"http:\/\/www.croire.com\/\" target=\"_blank\"><b>croire.com<\/a><\/b> a rencontr\u00e9 pour vous:<\/p>\n<p> <a href=\"http:\/\/www.croire.com\/article\/index.jsp?docId=2454653&#038;rubId=190\" target=\"_blank\"><b><br \/>\nhttp:\/\/www.croire.com\/article\/index.jsp?docId=2454653&#038;rubId=190<\/a><\/b><\/p>\n<p>Lecture spirituelle: Etre t\u00e9moin<\/p>\n<p> Dieu lui-m\u00eame pour entrer en humanit\u00e9 a voulu avoir besoin du \u00ab\u00a0oui\u00a0\u00bb de Marie, de notre \u00ab\u00a0oui\u00a0\u00bb. Car lui non plus ne saurait forcer la porte, entrer par effraction, et il lui faut un consentement d&rsquo;homme libre.<br \/>\n&#8211; \u00ab\u00a0Voici que je me tiens \u00e0 la porte et je frappe. Si quelqu&rsquo;un m&rsquo;ouvre, j&rsquo;entrerai\u00a0\u00bb (Ap 3,20). On peut ne pas entendre et ne pas ouvrir quand il frappe, tirer les verrous, se barder de d\u00e9fenses, se mettre aux abonn\u00e9s absents &#8230; Ou se disposer \u00e0 accueillir le don immense et totalement gratuit par lequel l&rsquo;h\u00f4te met tous ses biens, et tout ce qu&rsquo;il est, \u00e0 notre disposition [&#8230;]<\/p>\n<p> <img301|center><\/p>\n<p> Il est frappant de voir que la plupart des visitations de Dieu dans l&rsquo;Ecriture sont aussi des \u00a0\u00bb annonciations\u00a0\u00bb: l&rsquo;annonce, pour celui qui en est l&rsquo;objet, d&rsquo;une mission qui lui est confi\u00e9e. Dieu vient pour cela, pour associer l&rsquo;homme \u00e0 ce qu&rsquo;il a fait [&#8230;]<br \/>\n C&rsquo;est qu&rsquo;il ne s&rsquo;agit pas de discourir sur Dieu, de parler de lui, d&rsquo;\u00e9crire sur Lui, mais de pouvoir avec nos pauvres mots et toute notre faiblesse humaine, le laisser dire et faire ne nous ce qu&rsquo;il veut. Il faut pour cela l&rsquo;avoir entendu nous le dire.<br \/>\n Sera t\u00e9moin celui qui sait que Dieu \u00e9crit droit avec nos lignes courbes mais qui ne peut renier pourtant que Dieu l&rsquo;ait visit\u00e9.<\/p>\n<p> M.T ABGRALL, communaut\u00e9 Saint Fran\u00e7ois-Xavier<br \/>\n \u00ab\u00a0Vers la source de vie\u00a0\u00bb<br \/>\n (Edition Bayard\/Christus,2007, p.158-162)\n<\/p><\/div>\n","protected":false},"excerpt":{"rendered":"<p>Du 16 au 22 mars au cin\u00e9ma \u00ab\u00a0Le cinq\u00a0\u00bb de Lagny-sur-Marne, le film QUI A ENVIE D&rsquo;ETRE AIME ? passera aux s\u00e9ances suivantes : &#8211; mercredi 16 mars \u00e0\u00a0 19h00 &#8211; vendredi 18 mars&#46;&#46;&#46;<\/p>\n","protected":false},"author":2,"featured_media":0,"comment_status":"open","ping_status":"open","sticky":false,"template":"","format":"standard","meta":{"footnotes":""},"categories":[],"tags":[],"class_list":["post-321","post","type-post","status-publish","format-standard","hentry"],"_links":{"self":[{"href":"http:\/\/www.chapelle-crecy.com\/index.php?rest_route=\/wp\/v2\/posts\/321","targetHints":{"allow":["GET"]}}],"collection":[{"href":"http:\/\/www.chapelle-crecy.com\/index.php?rest_route=\/wp\/v2\/posts"}],"about":[{"href":"http:\/\/www.chapelle-crecy.com\/index.php?rest_route=\/wp\/v2\/types\/post"}],"author":[{"embeddable":true,"href":"http:\/\/www.chapelle-crecy.com\/index.php?rest_route=\/wp\/v2\/users\/2"}],"replies":[{"embeddable":true,"href":"http:\/\/www.chapelle-crecy.com\/index.php?rest_route=%2Fwp%2Fv2%2Fcomments&post=321"}],"version-history":[{"count":0,"href":"http:\/\/www.chapelle-crecy.com\/index.php?rest_route=\/wp\/v2\/posts\/321\/revisions"}],"wp:attachment":[{"href":"http:\/\/www.chapelle-crecy.com\/index.php?rest_route=%2Fwp%2Fv2%2Fmedia&parent=321"}],"wp:term":[{"taxonomy":"category","embeddable":true,"href":"http:\/\/www.chapelle-crecy.com\/index.php?rest_route=%2Fwp%2Fv2%2Fcategories&post=321"},{"taxonomy":"post_tag","embeddable":true,"href":"http:\/\/www.chapelle-crecy.com\/index.php?rest_route=%2Fwp%2Fv2%2Ftags&post=321"}],"curies":[{"name":"wp","href":"https:\/\/api.w.org\/{rel}","templated":true}]}}