{"id":322,"date":"2011-01-23T06:52:00","date_gmt":"2011-01-23T06:52:00","guid":{"rendered":""},"modified":"-0001-11-30T00:00:00","modified_gmt":"-0001-11-29T22:00:00","slug":"","status":"publish","type":"post","link":"http:\/\/www.chapelle-crecy.com\/?p=322","title":{"rendered":"A la d\u00e9couverte sans voyage: Prague et la Boh\u00eame"},"content":{"rendered":"<div align=\"justify\">Nous vous donnons rendez-vous \u00e0\u00a0 la Salle Luxembourg de Meaux pour un voyage au coeur de l&rsquo;Europe, le Vendredi 11 f\u00e9vrier 2011 \u00e0\u00a0 14h30. Vous assisterez \u00e0\u00a0 un film d&rsquo;\u00e9ric Fontaneilles, hors du commun:<br \/>\nPRAGUE ET LA BOH\u00e0\u02c6ME<br \/>\n\u00ab\u00a0A travers ce voyage en Boh\u00eame, \u00e9ric Fontaneilles vous invite \u00e0\u00a0 d\u00e9couvrir une culture diff\u00e9rente de la n tre et compl\u00e9mentaire dont nous avons \u00e9t\u00e9 priv\u00e9s pendant les quarante ann\u00e9es de communisme.<br \/>\nPrague gothique, renaissance, baroque, s\u00e9cession, toujours plus riche, nous offre le d\u00e9dale de ses ruelles et de ses fa\u00e7ades Art nouveau.<br \/>\nVivant plusieurs mois par an dans cette cit\u00e9 o\u00f9 il a \u00ab\u00a0pos\u00e9 son sac\u00a0\u00bb apr\u00e8s ann\u00e9es de voyages consacr\u00e9es \u00e0\u00a0 la prise de vue et aux conf\u00e9rences, il a trouv\u00e9 ici l&rsquo;harmonie d&rsquo;une capitale culturelle de dimension humaine.\u00a0\u00bb\n<\/div>\n<p>Ensemble vous d\u00e9couvrirez la capitale de la Boh\u00eame.<\/p>\n<p> Contact: Audrey Beauchart 01 64 36 40 02.<br \/>\n R\u00e9servations\/billets au 01 64 36 40 00 ou au 0892 683 622<br \/>\n www.theatre-meaux.fr<br \/>\n www.fnac.com<br \/>\n www.carrefourspectacles.fr<\/p>\n<div align=\"center\"><img decoding=\"async\" src=\"\/IMG\/jpg\/tour_Prague_1.jpg\" width=500\"><\/div>\n","protected":false},"excerpt":{"rendered":"<p>Nous vous donnons rendez-vous \u00e0\u00a0 la Salle Luxembourg de Meaux pour un voyage au coeur de l&rsquo;Europe, le Vendredi 11 f\u00e9vrier 2011 \u00e0\u00a0 14h30. Vous assisterez \u00e0\u00a0 un film d&rsquo;\u00e9ric Fontaneilles, hors du commun:&#46;&#46;&#46;<\/p>\n","protected":false},"author":2,"featured_media":0,"comment_status":"open","ping_status":"open","sticky":false,"template":"","format":"standard","meta":{"footnotes":""},"categories":[],"tags":[],"class_list":["post-322","post","type-post","status-publish","format-standard","hentry"],"_links":{"self":[{"href":"http:\/\/www.chapelle-crecy.com\/index.php?rest_route=\/wp\/v2\/posts\/322","targetHints":{"allow":["GET"]}}],"collection":[{"href":"http:\/\/www.chapelle-crecy.com\/index.php?rest_route=\/wp\/v2\/posts"}],"about":[{"href":"http:\/\/www.chapelle-crecy.com\/index.php?rest_route=\/wp\/v2\/types\/post"}],"author":[{"embeddable":true,"href":"http:\/\/www.chapelle-crecy.com\/index.php?rest_route=\/wp\/v2\/users\/2"}],"replies":[{"embeddable":true,"href":"http:\/\/www.chapelle-crecy.com\/index.php?rest_route=%2Fwp%2Fv2%2Fcomments&post=322"}],"version-history":[{"count":0,"href":"http:\/\/www.chapelle-crecy.com\/index.php?rest_route=\/wp\/v2\/posts\/322\/revisions"}],"wp:attachment":[{"href":"http:\/\/www.chapelle-crecy.com\/index.php?rest_route=%2Fwp%2Fv2%2Fmedia&parent=322"}],"wp:term":[{"taxonomy":"category","embeddable":true,"href":"http:\/\/www.chapelle-crecy.com\/index.php?rest_route=%2Fwp%2Fv2%2Fcategories&post=322"},{"taxonomy":"post_tag","embeddable":true,"href":"http:\/\/www.chapelle-crecy.com\/index.php?rest_route=%2Fwp%2Fv2%2Ftags&post=322"}],"curies":[{"name":"wp","href":"https:\/\/api.w.org\/{rel}","templated":true}]}}