{"id":323,"date":"2011-01-29T00:56:29","date_gmt":"2011-01-29T00:56:29","guid":{"rendered":""},"modified":"-0001-11-30T00:00:00","modified_gmt":"-0001-11-29T22:00:00","slug":"","status":"publish","type":"post","link":"http:\/\/www.chapelle-crecy.com\/?p=323","title":{"rendered":"En route pour l&rsquo;aventure avec LES S.U.F. !"},"content":{"rendered":"<div align=\"justify\">Le mouvement des Scouts Unitaires de France (S.U.F.) est une association catholique de scoutisme n\u00e9e en 1971. Les S.U.F. se sont d\u00e9velopp\u00e9s  en France en poursuivant la m\u00e9thode d&rsquo;origine de Baden-Powell. Fid\u00e8le \u00e0\u00a0 l&rsquo;Eglise, o\u00f9 le sens de Dieu vient donner sens aux autres axes de la formation scoute (sant\u00e9, d\u00e9veloppement de la personnalit\u00e9, savoir-faire, service des autres) qui sont la clef d&rsquo;une r\u00e9ussite humaine authentique.<\/div>\n<div align=\"justify\">Un mouvement de jeunes qui veut \u00eatre aux c\u00f4t\u00e9s des familles pour aider les parents dans leur mission d&rsquo;\u00e9ducation.<\/p>\n<p> Chaque unit\u00e9 aide le jeune \u00e0 grandir, o\u00f9 le plus \u00e2g\u00e9 joue le r\u00f4le du grand fr\u00e8re ou de la grande soeur et initie le plus jeune. Nos activit\u00e9s sont bas\u00e9es sur le jeu, la nature, la progression personnelle, la randonn\u00e9e, les activit\u00e9s techniques, la vie sous  la tente ou sous les \u00e9toiles, les veill\u00e9es. <\/p>\n<div align=\"center\"><img decoding=\"async\" src=\"\/IMG\/jpg\/SUF_mat-1.jpg\" width=200><\/div>\n<p> Une p\u00e9dagogie sp\u00e9cifique est propos\u00e9e aux filles, \u00e0 travers le jeu, l&rsquo;aventure : l&rsquo;accent est mis sur la vie en groupe, l&rsquo;imaginaire, les qualit\u00e9s d&rsquo;animation, de cr\u00e9ativit\u00e9, de communication, d&rsquo;accueil, la fantaisie et la d\u00e9brouillardise dans un esprit de bonne humeur o\u00f9 les choses se font tranquillement.<\/p>\n<p> Avec les jeannettes (filles de 8 \u00e0 12 ans), on dort dans les bois !<\/p>\n<div align=\"center\"><img decoding=\"async\" src=\"\/IMG\/jpg\/barbier-1.jpg\" width=400><\/div>\n<p> Avec les guides (filles de 12 \u00e0  17 ans), on apprend \u00e0 vivre dans la nature !<\/p>\n<div align=\"center\"><img decoding=\"async\" src=\"\/IMG\/jpg\/louvette-1.jpg\" width=400><\/div>\n<p>      Aux louveteaux (gar\u00e7ons de 8 \u00e0 12 ans), je me fais de nouveaux copains !<\/p>\n<div align=\"center\"><img decoding=\"async\" src=\"\/IMG\/jpg\/louveteaux-1.jpg\" width=400><\/div>\n<p> Aux \u00e9claireurs (gar\u00e7ons de 12 \u00e0 17 sans), on se d\u00e9pense, c&rsquo;est un des seuls endroits o\u00f9 on peut se d\u00e9fouler vraiment !<\/p>\n<div align=\"center\"><img decoding=\"async\" src=\"\/IMG\/jpg\/SUF_Gobard-1.jpg\" width=400><\/div>\n<p> Chez  les routiers ou guides a \u00een\u00e9es (gar\u00e7ons ou filles de 17 \u00e0 25 ans), nous vivons nos projets d&rsquo;aventure, de services et de pri\u00e8re !<\/p>\n<div align=\"center\"><img decoding=\"async\" src=\"\/IMG\/jpg\/SUF_PA-1.jpg\" width=400><\/div>\n<p> Notre groupe accueille gar\u00e7ons et filles de tous \u00e2ges (de 8 \u00e0 25 ans), habitant la r\u00e9gion. <\/p>\n<p> T\u00e9moignage de Marie-Laure sur la construction de l&rsquo;autel <\/p>\n<p> Alors que nous \u00e9tions de sortie, un dimanche d&rsquo;automne, nous avons r\u00e9fl\u00e9chi \u00e0 comment nous pourrions faire un autel pour la messe de l&rsquo;apr\u00e8s-midi.<br \/>\n Puis, j&rsquo;ai demand\u00e9 \u00e0 la cheftaine des louveteaux (Ana\u00efs) si elle avait des \u00ab\u00a0loups\u00a0\u00bb qui ne faisaient rien. Alors, elle a d\u00e9sign\u00e9 cinq jeunes de sa troupe pour m&rsquo;aider dans cette t\u00e2che ! Bien sur, il y avait des jeannettes aussi, avec moi.<br \/>\n Nous avons commenc\u00e9 par chercher du gros bois pour faire les quatre pieds. Nous avons donc \u00e9t\u00e9 dans le bois que la famille Gobard d&rsquo;Aulnoy avait mis \u00e0 notre disposition. Nous avons ramen\u00e9 un tronc d&rsquo;arbre, un bouleau que l&rsquo;on a coup\u00e9 selon la grandeur indiqu\u00e9e par la cheftaine (60 cm environ). Puis, nous avons coup\u00e9 3 autres morceaux de bois \u00e0 la m\u00eame taille, ce qui nous a donn\u00e9 les 4 pieds de notre autel.<br \/>\nNous avons ensuite enlev\u00e9 l&rsquo;\u00e9corce des troncs d&rsquo;arbre. A l&rsquo;issue de cette op\u00e9ration, nous sommes pass\u00e9 \u00e0 la phase assemblage !<br \/>\n Chacun tenait un pied de l&rsquo;autel, une jeannette coupait de longs morceaux de ficelle pour pouvoir faire les brelages pendant qu&rsquo;une autre jeannette et des louveteaux tenaient le bois que nous mettons entre les deux pieds. Pendant ce temps, des jeannettes sont all\u00e9es chercher un bouquet de fleur.<br \/>\n Puis un louveteau a eu une id\u00e9e g\u00e9niale ! Comme  il y avait du vent et que nous ne pouvions pas planter les pieds de l&rsquo;autel dans la terre, nous avons eu l&rsquo;id\u00e9e de mettre des sardines avec de la ficelle pour faire tenir l&rsquo;autel.<\/p>\n<div align=\"center\"><img decoding=\"async\" src=\"\/IMG\/jpg\/autel-ML.jpg\" width=400><\/div>\n<p> Nous avons aussi mis, avec l&rsquo;aide d&rsquo;une maman d&rsquo;une jeannette, des pierres  \u00e0 chaque pied de celui-ci. Puis nous avons mis la croix qu&rsquo;un louveteau avait fabriqu\u00e9 dans un bidon avec de la terre et des \u00e9normes pierres.<br \/>\nVoilas pour la petite histoire de la construction de l&rsquo;autel.<\/p>\n<p> Donc, si tu es int\u00e9ress\u00e9 par nos activit\u00e9s, prend contact avec nous pour tout renseignement et viens nous rejoindre ; tu seras le bienvenu !<\/p>\n<p> Contact : V\u00e9ronique et Philippe Lombr\u00e9<br \/>\n Portable : 06 80 44 18 06<br \/>\n              Mail : veronique.lombre@wanadoo.fr<\/p>\n<p> Sites \u00e0 consulter : <a href=\"http:\/\/www.scouts-unitaires.org\" target=\"_blank\"><b><br \/>\nwww.scouts-unitaires.org<\/a><\/b><\/p>\n<p> En Seine et Marne:  <a href=\"http:\/\/suf77.free.fr\/\" target=\"_blank\"><b><br \/>\nhttp:\/\/suf77.free.fr\/<\/a><\/b><\/p>\n<div align=\"center\"><img decoding=\"async\" src=\"\/IMG\/jpg\/autel-1-2.jpg\" width=400><\/div>\n<p> Pri\u00e8re SUF<\/p>\n<p> Seigneur J\u00e9sus, apprenez-nous \u00e0 \u00eatre g\u00e9n\u00e9reux,<br \/>\n A vous servir comme vous le m\u00e9ritez,<br \/>\n A donner sans compter,<br \/>\n A combattre sans souci des blessures,<br \/>\n A travailler sans chercher le repos,<br \/>\n A nous d\u00e9penser sans attendre d&rsquo;autre r\u00e9compense<br \/>\n Que celle de savoir<br \/>\n Que nous faisons votre Sainte Volont\u00e9.<br \/>\n P\u00e8re Jacques Sevin (d&rsquo;apr\u00e8s St Ignace)<\/p>\n<div align=\"center\"><img decoding=\"async\" src=\"\/IMG\/jpg\/promesse-1-2.jpg\" width=400><\/div>\n<p> La pri\u00e8re des jeannettes<\/p>\n<p> P\u00e8re, qui cr\u00e9ez le monde,<br \/>\n Et nous le donnez,<br \/>\n Depuis toujours vous nous aimez<br \/>\n Et vous nous connaissez.<br \/>\n Dans le travail, dans notre jeu,<br \/>\n A la maison et partout,<br \/>\n Vous \u00eates toujours avec nous.<br \/>\n Donnez-nous le courage<br \/>\n De faire de notre mieux,<br \/>\n D&rsquo;aimer les autres davantage,<br \/>\n De leur ouvrir un coeur joyeux.<br \/>\n Gloire \u00e0 vous, P\u00e8re tout puissant,<br \/>\n Gloire \u00e0 J\u00e9sus, votre Fils, le Seigneur,<br \/>\n Gloire \u00e0 l&rsquo;esprit qui habite en nos coeurs.<br \/>\n Amen.\n<\/p><\/div>\n","protected":false},"excerpt":{"rendered":"<p>Le mouvement des Scouts Unitaires de France (S.U.F.) est une association catholique de scoutisme n\u00e9e en 1971. Les S.U.F. se sont d\u00e9velopp\u00e9s en France en poursuivant la m\u00e9thode d&rsquo;origine de Baden-Powell. Fid\u00e8le \u00e0\u00a0 l&rsquo;Eglise,&#46;&#46;&#46;<\/p>\n","protected":false},"author":2,"featured_media":0,"comment_status":"open","ping_status":"open","sticky":false,"template":"","format":"standard","meta":{"footnotes":""},"categories":[],"tags":[],"class_list":["post-323","post","type-post","status-publish","format-standard","hentry"],"_links":{"self":[{"href":"http:\/\/www.chapelle-crecy.com\/index.php?rest_route=\/wp\/v2\/posts\/323","targetHints":{"allow":["GET"]}}],"collection":[{"href":"http:\/\/www.chapelle-crecy.com\/index.php?rest_route=\/wp\/v2\/posts"}],"about":[{"href":"http:\/\/www.chapelle-crecy.com\/index.php?rest_route=\/wp\/v2\/types\/post"}],"author":[{"embeddable":true,"href":"http:\/\/www.chapelle-crecy.com\/index.php?rest_route=\/wp\/v2\/users\/2"}],"replies":[{"embeddable":true,"href":"http:\/\/www.chapelle-crecy.com\/index.php?rest_route=%2Fwp%2Fv2%2Fcomments&post=323"}],"version-history":[{"count":0,"href":"http:\/\/www.chapelle-crecy.com\/index.php?rest_route=\/wp\/v2\/posts\/323\/revisions"}],"wp:attachment":[{"href":"http:\/\/www.chapelle-crecy.com\/index.php?rest_route=%2Fwp%2Fv2%2Fmedia&parent=323"}],"wp:term":[{"taxonomy":"category","embeddable":true,"href":"http:\/\/www.chapelle-crecy.com\/index.php?rest_route=%2Fwp%2Fv2%2Fcategories&post=323"},{"taxonomy":"post_tag","embeddable":true,"href":"http:\/\/www.chapelle-crecy.com\/index.php?rest_route=%2Fwp%2Fv2%2Ftags&post=323"}],"curies":[{"name":"wp","href":"https:\/\/api.w.org\/{rel}","templated":true}]}}