{"id":324,"date":"2011-01-30T09:21:00","date_gmt":"2011-01-30T09:21:00","guid":{"rendered":""},"modified":"-0001-11-30T00:00:00","modified_gmt":"-0001-11-29T22:00:00","slug":"","status":"publish","type":"post","link":"http:\/\/www.chapelle-crecy.com\/?p=324","title":{"rendered":"Annonces de la semaine du 31 janvier au 6 f\u00e9vrier 2011"},"content":{"rendered":"<table bgcolor =\"F0FAFF\" border=0>\n<tbody>\n<tr>\n<td>\n<div align=\"justify\">\n<div \"245\">Voici les annonces de la semaine du lundi 31 janvier au dimanche 5 f\u00e9vrier 2011 pour la paroisse des 3 clochers Cr\u00e9cy-la-Chapelle, Villiers-sur-Morin, Voulangis.<br \/>\nSamedi 5 \u00e0\u00a0 18 h 30 : Messe \u00e0\u00a0 Villiers &#8211; Dimanche 6 \u00e0\u00a0 10 h 30, messe \u00e0\u00a0 Cr\u00e9cy &#8211; Tous les d\u00e9tails dans la suite &#8230;<\/div>\n<\/div>\n<\/td>\n<\/tr>\n<\/tbody>\n<\/table>\n<table bgcolor =\"F0F6FF\" border=0>\n<tbody>\n<tr>\n<td width=\"25%\"><font color=\"00CC00\">Lundi 31 janvier<br \/><i>St Jean Bosco<\/i><\/font><\/td>\n<td><font color=\"00CC00\"><img decoding=\"async\" src=\"\/IMG\/gif\/bibles004.gif\"><br \/>\n<\/font><\/td>\n<td><font color=\"00CC00\"><br \/>\n17 h &#8211; Messe  \u00e0 la Maison de Retraite  pour Jos\u00e9phine et Henri COLLEU.<\/font><\/td>\n<\/tr>\n<tr>\n<td><font color=\"802020\">Mardi 1er f\u00e9vrier<font><\/td>\n<td><font color=\"802020\">9 h  Messe \u00e0 Cr\u00e9cy pour Jean DESLANDES et Julien GONZALES.<font><\/td>\n<td><font color=\"802020\"><\/p>\n<div align=\"center\"><img decoding=\"async\" src=\"\/IMG\/gif\/coupes002.gif\"><\/div>\n<p><\/font><\/td>\n<\/tr>\n<tr>\n<td><font color=\"0020FF\">Mercredi 2 janvier<br \/><i>Pr\u00e9sentation  du Seigneur<\/i><font><\/td>\n<td><font color=\"0020FF\">10 h 30 &#8211; A Villiers, obs\u00e8ques de  Fran\u00e7ois ORLANDO.<\/font><\/td>\n<td><font color=\"0020FF\">18 h &#8211; Messe \u00e0 Cr\u00e9cy pour la famille Josiane MARTIN et Marcelle GONDARD.<font><\/td>\n<\/tr>\n<tr>\n<td><font color=\"00CC00\">Jeudi 3 f\u00e9vrier<\/font><\/td>\n<td><font color=\"00CC00\">9 h  Messe  \u00e0 Cr\u00e9cy  pour Philippe WAVRANT et Gilbert CAPITAINE.<font><\/td>\n<td><font color=\"00CC00\"><\/p>\n<div align=\"center\"><img decoding=\"async\" src=\"\/IMG\/gif\/coupes004.gif\"><\/div>\n<p><font><\/td>\n<\/tr>\n<tr>\n<td><font color=\"802020\">Vendredi 4 f\u00e9vrier<br \/><i>Ste Agathe, Vierge et martyre<\/i><\/font><\/td>\n<td><font color=\"802020\"><\/p>\n<div align=\"center\"><img decoding=\"async\" src=\"\/IMG\/gif\/cross.gif\"><\/div>\n<p><font><\/td>\n<td><font color=\"802020\">18 h &#8211; Messe \u00e0 Cr\u00e9cy pour les Ames du Purgatoire.<font><\/td>\n<\/tr>\n<tr>\n<tr>\n<td><font color=\"0020FF\">Samedi 5 f\u00e9vrier<\/font><\/td>\n<td><font color=\"0020FF\">18 h 30 &#8211; Messe \u00e0 Villiers  pour Lucie RICHOILLEY et Germaine BASCHET.<br \/>\nNous prierons aussi pour Sarah MOURGUES.<\/font><\/td>\n<p><font><\/td>\n<td><font color=\"0020FF\"><\/p>\n<div align=\"center\"><img decoding=\"async\" src=\"\/IMG\/lieux\/villiers_eglise.jpg\" width=150><\/div>\n<p><font><\/td>\n<\/tr>\n<tr>\n<td><font color=\"00CC00\">Dimanche 6 f\u00e9vrier<\/font><\/td>\n<td><font color=\"00CC00\"><\/p>\n<div align=\"center\"><img decoding=\"async\" src=\"\/IMG\/lieux\/stgeorges04.jpg\"  width=150>\n<\/div>\n<p><\/font><\/td>\n<td><font color=\"00CC00\">10 h 30 &#8211; A Cr\u00e9cy , Messe pour  Jos\u00e9 DE ABREU et sa famille ainsi que pour Josiane BOIN.<\/font><\/td>\n<\/tr>\n<\/tbody>\n<\/table>\n<div align=\"center\">Nous pensons d\u00e9j\u00e0 \u00e0 notre traditionnelle SOIREE DE L&rsquo;AMITIE pr\u00e9vue cette ann\u00e9e pour le<br \/>\nSAMEDI 26 MARS 2011 <br \/>\nDes billets de r\u00e9servation seront mis en place en  temps voulu,<br \/>\nmais \u00e2\u20ac\u00a6.  RETENEZ DEJA CE SAMEDI ! \u00e2\u20ac\u00a6.<br \/>\n<br \/>c&rsquo;est \u00ab trop bon \u00bb de se retrouver tous  ensemble pour quelques heures !\n<\/div>\n","protected":false},"excerpt":{"rendered":"<p>Voici les annonces de la semaine du lundi 31 janvier au dimanche 5 f\u00e9vrier 2011 pour la paroisse des 3 clochers Cr\u00e9cy-la-Chapelle, Villiers-sur-Morin, Voulangis. Samedi 5 \u00e0\u00a0 18 h 30 : Messe \u00e0\u00a0 Villiers&#46;&#46;&#46;<\/p>\n","protected":false},"author":2,"featured_media":0,"comment_status":"open","ping_status":"open","sticky":false,"template":"","format":"standard","meta":{"footnotes":""},"categories":[],"tags":[],"class_list":["post-324","post","type-post","status-publish","format-standard","hentry"],"_links":{"self":[{"href":"http:\/\/www.chapelle-crecy.com\/index.php?rest_route=\/wp\/v2\/posts\/324","targetHints":{"allow":["GET"]}}],"collection":[{"href":"http:\/\/www.chapelle-crecy.com\/index.php?rest_route=\/wp\/v2\/posts"}],"about":[{"href":"http:\/\/www.chapelle-crecy.com\/index.php?rest_route=\/wp\/v2\/types\/post"}],"author":[{"embeddable":true,"href":"http:\/\/www.chapelle-crecy.com\/index.php?rest_route=\/wp\/v2\/users\/2"}],"replies":[{"embeddable":true,"href":"http:\/\/www.chapelle-crecy.com\/index.php?rest_route=%2Fwp%2Fv2%2Fcomments&post=324"}],"version-history":[{"count":0,"href":"http:\/\/www.chapelle-crecy.com\/index.php?rest_route=\/wp\/v2\/posts\/324\/revisions"}],"wp:attachment":[{"href":"http:\/\/www.chapelle-crecy.com\/index.php?rest_route=%2Fwp%2Fv2%2Fmedia&parent=324"}],"wp:term":[{"taxonomy":"category","embeddable":true,"href":"http:\/\/www.chapelle-crecy.com\/index.php?rest_route=%2Fwp%2Fv2%2Fcategories&post=324"},{"taxonomy":"post_tag","embeddable":true,"href":"http:\/\/www.chapelle-crecy.com\/index.php?rest_route=%2Fwp%2Fv2%2Ftags&post=324"}],"curies":[{"name":"wp","href":"https:\/\/api.w.org\/{rel}","templated":true}]}}