{"id":325,"date":"2011-05-20T09:39:41","date_gmt":"2011-05-20T09:39:41","guid":{"rendered":""},"modified":"-0001-11-30T00:00:00","modified_gmt":"-0001-11-29T22:00:00","slug":"","status":"publish","type":"post","link":"http:\/\/www.chapelle-crecy.com\/?p=325","title":{"rendered":"Les 40 ans des SUF (Scouts Unitaires de France)"},"content":{"rendered":"<div align=\"justify\">En 1971, quelques chefs qui voulaient poursuivre la m\u00e9thode invent\u00e9e par Baden-Powell et d\u00e9velopp\u00e9e en France par le p\u00e8re Sevin, cr\u00e9ent les Scouts Unitaires de France. Quarante ans apr\u00e8s, les quelques scouts d&rsquo;origine sont devenus 24 000. Voil\u00e0\u00a0 donc comment sont n\u00e9s les SUF, il y a 40 ans d\u00e9j\u00e0\u00a0! 40 ans, c&rsquo;est un anniversaire que V\u00e9ronique et Philippe Lombre, chefs de groupe de Coulommiers-Cr\u00e9cy, souhaitent comme une occasion \u00e0\u00a0 mieux vivre notre scoutisme dans la vall\u00e9e du Morin.<br \/>\nOuvre donc vite la suite de cet article que nous te proposons, il ne faut pas laisser passer la flamme !<\/div>\n<div align=\"justify\">\n Les temps forts de ce 40\u00e8me anniversaire<br \/>\n Un relais de flammes sur six routes va de groupe en groupe du Nord au Sud avec de nombreuses \u00e9tapes \u00e0 parcourir jusqu&rsquo;\u00e0 Madrid.<\/p>\n<div align=\"center\"><img decoding=\"async\" src=\"\/IMG\/png\/carte.png\" width=350><\/div>\n<p> A Madrid, pendant les Journ\u00e9es Mondiales de la Jeunesse, des guides ain\u00e9es et des routiers offriront \u00e0 Benoit XVI la flamme blanche ainsi qu&rsquo;un livre d&rsquo;Or rempli par chaque groupe avec les r\u00e9flexions de chacun, intentions de pri\u00e8re&#8230;<br \/>\n Voici les grands moments qui ont d\u00e9j\u00e0 \u00e9t\u00e9 v\u00e9cus:<br \/>\n &#8211; le 16 janvier 2011, nous recevions la flamme de la route blanche \u00e0 Combs-la-Ville.<\/p>\n<div align=\"center\"><img decoding=\"async\" src=\"\/IMG\/png\/suf-1.png\" width=450><\/div>\n<p> Parents, louveteaux, jeannettes, guides, \u00e9claireurs,chefs, \u00e9tions invit\u00e9s \u00e0 l&rsquo;\u00e9glise de Combs-la-Ville pour la c\u00e9l\u00e9bration dominicale qui a \u00e9t\u00e9 suivie d&rsquo;un repas partag\u00e9 et d&rsquo;un temps convivial et fraternel. A 16 heures a eu lieu le c\u00e9r\u00e9monial de la transmission de la flamme SUF \u00e0 notre groupe.<\/p>\n<div align=\"center\"><img decoding=\"async\" src=\"\/IMG\/png\/suf-2.png\" width=450><\/div>\n<p> Nous avons gard\u00e9 la flamme deux semaines. Nous l&rsquo;avons ensuite retransmise au groupe de Verrieres-le-Buissson le 22 &#8211; 23 f\u00e9vrier.<\/p>\n<p> Prochain rendez-vous: week-end de groupe du 18 et 19 juin prochains.<br \/>\n Nous f\u00eaterons les 40 ans de notre mouvement avec les anciens SUF ainsi que les parents, comme il se doit.<\/p>\n<div align=\"center\"><img decoding=\"async\" src=\"\/IMG\/png\/1971-2011.png\" width=450><\/div>\n<p> Beno \u00eet XVI b\u00e9nit les SUF \u00e0 l&rsquo;occasion du<br \/>\n40\u00e8me anniversaire des Scouts Unitaires de France<\/p>\n<p> Le dimanche 30 janvier 2011, en d\u00e9but d&rsquo;ann\u00e9e, \u00e0 l&rsquo;occasion de l&rsquo;Ang\u00e9lus, le Pape Beno \u00eet XVI avait salu\u00e9 les Scouts Unitaires de France et b\u00e9ni les marches-relais organis\u00e9es \u00e0 travers toute la France pour nos 40 ans.<\/p>\n<div align=\"center\"><img decoding=\"async\" src=\"\/IMG\/png\/pape.png\" width=350><\/div>\n<p> \u00ab Je salue les p\u00e8lerins francophones et plus particuli\u00e8rement les Scouts Unitaires de France, qui c\u00e9l\u00e8brent cette ann\u00e9e leur quaranti\u00e8me anniversaire. Que la marche-relais  que vous entreprenez \u00e0 la suite du Christ soit pour vous une source de bonheur et de joie. Vous pourrez ensuite en partager les fruits, notamment lors des prochaines Journ\u00e9es Mondiales de la Jeunesse, \u00e0 Madrid, o\u00f9 j&rsquo;invite tous les jeunes francophones \u00e0 venir tr\u00e8s nombreux m&rsquo;y rejoindre. Que Marie soit notre guide sur les sentiers qui nous conduisent \u00e0 vivre en v\u00e9rit\u00e9 les B\u00e9atitudes ! \u00bb<br \/>\n Cet envoi du Saint-P\u00e8re est un encouragement dans la vie de notre mouvement, qui  nous fortifie dans notre action au service des familles et dans notre engagement scout.<br \/>\n40 ans, c&rsquo;est aussi l&rsquo;occasion de retrouver les anciens et de t\u00e9moigner de la p\u00e9rennit\u00e9 du scoutisme. Tous ceux qui ont \u00e9t\u00e9 SUF un jour sont invit\u00e9s \u00e0 prendre contact avec leur ancien groupe pour se joindre aux diff\u00e9rentes manifestations. Ils peuvent \u00e9galement d\u00e9poser leur t\u00e9moignage sur le site internet d\u00e9di\u00e9 \u00e0 l&rsquo;\u00e9v\u00e9nement :<br \/>\n [www.40ans-suf.org->www.40ans-suf.org].<\/p>\n<div align=\"center\"><img decoding=\"async\" src=\"\/IMG\/png\/azimut.png\" width=450><\/div>\n<div align=\"center\"><img decoding=\"async\" src=\"\/IMG\/png\/invente.png\" width=450><\/div>\n<div align=\"center\"><img decoding=\"async\" src=\"\/IMG\/png\/boutons.png\" width=450><\/div>\n<div align=\"center\"><img decoding=\"async\" src=\"\/IMG\/png\/sel.png\" width=450><\/div>\n<div align=\"center\"><img decoding=\"async\" src=\"\/IMG\/png\/proposition.png\" width=450><\/div>\n<div align=\"center\"><img decoding=\"async\" src=\"\/IMG\/png\/explorateur.png\" width=450><\/div>\n<p> Autre info importante:<br \/>\n Nous avons la joie de vous annoncer qu&rsquo;\u00e0 l&rsquo;occasion de nos 40 ans, la cha \u00eene KTO a diffus\u00e9, dans le cadre de son \u00e9mission Hors les murs, hier jeudi 19 mai \u00e0 20h40, un documentaire exceptionnel de 52 minutes sur les SUF :<\/p>\n<p> \u00ab Plong\u00e9e dans l&rsquo;univers scout, \u00e0 l&rsquo;occasion des Journ\u00e9es Nationales des Scouts Unitaires de France qui f\u00eatent leurs 40 ans. Hors-les-Murs d\u00e9cortique le g\u00e9nie p\u00e9dagogique du scoutisme : partage des responsabilit\u00e9s entre jeunes dans les fameuses patrouilles, progression personnalis\u00e9e \u00e0 travers le jeu, confrontation \u00e0 la nature et d\u00e9couverte de Dieu. Pourquoi la proposition scoute, \u00e0 contre-courant des modes p\u00e9dagogiques, attire-t-elle autant ? En quoi le scoutisme aide-t-il \u00e0 grandir ? Quel est le \u00ab style SUF \u00bb aujourd&rsquo;hui ? Reportages, t\u00e9moignages et rencontres pour mieux comprendre la richesse de cet autre lieu d&rsquo;\u00e9ducation. \u00bb<\/p>\n<p> Voir la bande-annonce de l&rsquo;\u00e9mission<\/p>\n<p>Vous pouvez tous visionner ce reportage par votre abonnement ou par Internet, KTO \u00e9tant diffus\u00e9 directement en ligne sur son site : [KTOtv.com->www.ktotv.com]<\/p>\n<p>Pour revoir le reportage, cliquez sur :  Scoutisme : 40 ans de style SUF<\/p>\n<p>Rediffusions :<\/p>\n<p> Jeudi 19 mai \u00e0 00h40,<br \/>\n vendredi 20 mai \u00e0 18h40,<br \/>\n samedi 21 mai \u00e0 14h05,<\/p>\n<p> lundi 23 mai \u00e0 7h50 et 22h25,<br \/>\n mardi 24 mai \u00e0 9h30,<br \/>\n jeudi 26 mai \u00e0 16h05.<\/p>\n<p> V\u00e9ronique et Philippe Lombr\u00e9.<br \/>\n Chefs de groupe Coulommiers &#8211; Cr\u00e9cy<\/p>\n<p> Veronique.lombre@wanadoo.fr<br \/>\n [http:\/\/www.40ans-suf.org\/->www.40ans-suf.org]\n<\/p><\/div>\n","protected":false},"excerpt":{"rendered":"<p>En 1971, quelques chefs qui voulaient poursuivre la m\u00e9thode invent\u00e9e par Baden-Powell et d\u00e9velopp\u00e9e en France par le p\u00e8re Sevin, cr\u00e9ent les Scouts Unitaires de France. Quarante ans apr\u00e8s, les quelques scouts d&rsquo;origine sont&#46;&#46;&#46;<\/p>\n","protected":false},"author":2,"featured_media":0,"comment_status":"open","ping_status":"open","sticky":false,"template":"","format":"standard","meta":{"footnotes":""},"categories":[],"tags":[],"class_list":["post-325","post","type-post","status-publish","format-standard","hentry"],"_links":{"self":[{"href":"http:\/\/www.chapelle-crecy.com\/index.php?rest_route=\/wp\/v2\/posts\/325","targetHints":{"allow":["GET"]}}],"collection":[{"href":"http:\/\/www.chapelle-crecy.com\/index.php?rest_route=\/wp\/v2\/posts"}],"about":[{"href":"http:\/\/www.chapelle-crecy.com\/index.php?rest_route=\/wp\/v2\/types\/post"}],"author":[{"embeddable":true,"href":"http:\/\/www.chapelle-crecy.com\/index.php?rest_route=\/wp\/v2\/users\/2"}],"replies":[{"embeddable":true,"href":"http:\/\/www.chapelle-crecy.com\/index.php?rest_route=%2Fwp%2Fv2%2Fcomments&post=325"}],"version-history":[{"count":0,"href":"http:\/\/www.chapelle-crecy.com\/index.php?rest_route=\/wp\/v2\/posts\/325\/revisions"}],"wp:attachment":[{"href":"http:\/\/www.chapelle-crecy.com\/index.php?rest_route=%2Fwp%2Fv2%2Fmedia&parent=325"}],"wp:term":[{"taxonomy":"category","embeddable":true,"href":"http:\/\/www.chapelle-crecy.com\/index.php?rest_route=%2Fwp%2Fv2%2Fcategories&post=325"},{"taxonomy":"post_tag","embeddable":true,"href":"http:\/\/www.chapelle-crecy.com\/index.php?rest_route=%2Fwp%2Fv2%2Ftags&post=325"}],"curies":[{"name":"wp","href":"https:\/\/api.w.org\/{rel}","templated":true}]}}