{"id":326,"date":"2011-02-05T00:26:38","date_gmt":"2011-02-05T00:26:38","guid":{"rendered":""},"modified":"-0001-11-30T00:00:00","modified_gmt":"-0001-11-29T22:00:00","slug":"","status":"publish","type":"post","link":"http:\/\/www.chapelle-crecy.com\/?p=326","title":{"rendered":"Le groupe de musique Laudatio !"},"content":{"rendered":"<div align=\"justify\">L&rsquo;article que voici a \u00e9t\u00e9 r\u00e9dig\u00e9 par Laurence Briane. Il est paru dans le dernier num\u00e9ro du journal paroissial de Cr\u00e9cy-la-Chapelle, l&rsquo;Echo de la Vall\u00e9e. Pour ceux d&rsquo;entre vous qui n&rsquo;avez pas eu ce num\u00e9ro 255 entre les mains, nous vous proposons ici de faire connaissance avec un nouveau groupe de musique de jeunes: Laudatio. Ces jeunes animent la messe de 18h30 du Vieux Chapitre de la Cath\u00e9drale de Meaux, une fois par mois. La c\u00e9l\u00e9bration est suivi d&rsquo;un temps de louange et d&rsquo;adoration. La prochaine soir\u00e9e aura le 6 f\u00e9vrier prochain. Alors, \u00e0\u00a0 dimanche ! <\/div>\n<div align=\"justify\">\nApr\u00e8s avoir pos\u00e9  la question \u00ab pourquoi Laudatio \u00bb \u00e0 S\u00e9raphin et Augustin, deux jeunes qui ont eu le d\u00e9sir de former un groupe de musique au service du Seigneur, voici ce qu&rsquo;ils m&rsquo;ont r\u00e9pondu.<\/p>\n<div align=\"center\"><img decoding=\"async\" src=\"\/IMG\/jpg\/groupe_laudatio.jpg\" width=400><\/div>\n<p> L&rsquo;id\u00e9e de Laudatio! est n\u00e9e suite au concert de Glorious (le 8 mai, \u00e0 Meaux) qui nous a fait r\u00e9aliser le travail consid\u00e9rable d&rsquo;\u00e9vang\u00e9lisation par la musique qui pouvait \u00eatre effectu\u00e9. De plus, l&rsquo;adoration permet un coeur \u00e0 coeur et un dialogue important avec le Christ.<br \/>\n Nous n&rsquo;avons pas cherch\u00e9 midi \u00e0 quatorze heures pour le nom du groupe puisque le mot  \u00ab laudatio \u00bb signifie tout simplement \u00ab je loue \u00bb.<br \/>\nEn plus de la messe de 18h30 \u00e0 la cath\u00e9drale que nous animons tous les troisi\u00e8mes dimanches du mois, nous proposons, \u00e0 la suite de cette messe, une heure de louange, de petit enseignement et d&rsquo;adoration. <\/p>\n<div align=\"center\"><img decoding=\"async\" src=\"\/IMG\/jpg\/laudatio.jpg\" width=400><\/div>\n<p> Ces soir\u00e9es sont anim\u00e9es par de jeunes musiciens (batterie, fl\u00fbtes, synth\u00e9tiseur, guitare\u00e2\u20ac\u00a6) et nous sommes ouvert \u00e0 tous les jeunes qui veulent jouer avec nous.<br \/>\nBien s\u00fbr, la messe et la louange sont anim\u00e9es par des jeunes, mais sont ouvertes \u00e0 tous les \u00e2ges !<\/p>\n<p> \u00abL&rsquo;audace, oh !, vous l&rsquo;avez eue, S\u00e9raphin et Augustin, pour cr\u00e9er ce groupe de musique afin de glorifier le Seigneur. Merci aux jeunes musiciens qui ont r\u00e9pondu oui a votre appel et qui est aussi un \u00ab oui \u00bb \u00e0 l\u00e2\u20ac\u02dcappel du Seigneur.\u00bb<\/p>\n<p> Venez et voyez comme est bon le Seigneur.<\/p>\n<p> Laurence BRIANE<\/p>\n<div align=\"center\"><img decoding=\"async\" src=\"\/IMG\/jpg\/lumiere.jpg\" width=200><\/div>\n<p> Le temps de la pri\u00e8re<\/p>\n<p> Seigneur J\u00e9sus,<br \/>\n tu es le sel de la terre,<br \/>\n tu es la lumi\u00e8re du monde.<br \/>\n Tu es le Ressuscit\u00e9<br \/>\n celui qui offre la vie de Dieu.<br \/>\n Tu as confi\u00e9 \u00e0 tes disciples<br \/>\n de manifester le sel et la lumi\u00e8re<br \/>\n de la R\u00e9surrection jusqu&rsquo;\u00e0 ta venue,<br \/>\n lorsque tous les hommes reconna \u00eetront<br \/>\n la gloire de notre P\u00e8re qui est aux Cieux.<\/p><\/div>\n","protected":false},"excerpt":{"rendered":"<p>L&rsquo;article que voici a \u00e9t\u00e9 r\u00e9dig\u00e9 par Laurence Briane. Il est paru dans le dernier num\u00e9ro du journal paroissial de Cr\u00e9cy-la-Chapelle, l&rsquo;Echo de la Vall\u00e9e. Pour ceux d&rsquo;entre vous qui n&rsquo;avez pas eu ce&#46;&#46;&#46;<\/p>\n","protected":false},"author":2,"featured_media":0,"comment_status":"open","ping_status":"open","sticky":false,"template":"","format":"standard","meta":{"footnotes":""},"categories":[],"tags":[],"class_list":["post-326","post","type-post","status-publish","format-standard","hentry"],"_links":{"self":[{"href":"http:\/\/www.chapelle-crecy.com\/index.php?rest_route=\/wp\/v2\/posts\/326","targetHints":{"allow":["GET"]}}],"collection":[{"href":"http:\/\/www.chapelle-crecy.com\/index.php?rest_route=\/wp\/v2\/posts"}],"about":[{"href":"http:\/\/www.chapelle-crecy.com\/index.php?rest_route=\/wp\/v2\/types\/post"}],"author":[{"embeddable":true,"href":"http:\/\/www.chapelle-crecy.com\/index.php?rest_route=\/wp\/v2\/users\/2"}],"replies":[{"embeddable":true,"href":"http:\/\/www.chapelle-crecy.com\/index.php?rest_route=%2Fwp%2Fv2%2Fcomments&post=326"}],"version-history":[{"count":0,"href":"http:\/\/www.chapelle-crecy.com\/index.php?rest_route=\/wp\/v2\/posts\/326\/revisions"}],"wp:attachment":[{"href":"http:\/\/www.chapelle-crecy.com\/index.php?rest_route=%2Fwp%2Fv2%2Fmedia&parent=326"}],"wp:term":[{"taxonomy":"category","embeddable":true,"href":"http:\/\/www.chapelle-crecy.com\/index.php?rest_route=%2Fwp%2Fv2%2Fcategories&post=326"},{"taxonomy":"post_tag","embeddable":true,"href":"http:\/\/www.chapelle-crecy.com\/index.php?rest_route=%2Fwp%2Fv2%2Ftags&post=326"}],"curies":[{"name":"wp","href":"https:\/\/api.w.org\/{rel}","templated":true}]}}