{"id":328,"date":"2011-02-13T06:13:00","date_gmt":"2011-02-13T06:13:00","guid":{"rendered":""},"modified":"-0001-11-30T00:00:00","modified_gmt":"-0001-11-29T22:00:00","slug":"","status":"publish","type":"post","link":"http:\/\/www.chapelle-crecy.com\/?p=328","title":{"rendered":"Messe dominicale \u00e9mouvante pour les malades \u00e0\u00a0 Cr\u00e9cy"},"content":{"rendered":"<div align=\"justify\">La journ\u00e9e mondiale du malade (JMM) a \u00e9t\u00e9 institu\u00e9e en 1992 par Jean-Paul II et fix\u00e9e chaque ann\u00e9e au 11 f\u00e9vrier, f\u00eate de Notre Dame de Lourdes. Depuis quelques ann\u00e9es, la pastorale de la sant\u00e9 a propos\u00e9 de c\u00e9l\u00e9brer un dimanche de la sant\u00e9 \u00e0\u00a0 la date la plus proche du 11 f\u00e9vrier. En l&rsquo;\u00e9glise Saint Georges de cr\u00e9cy, de nombreuses personnes malades s&rsquo;\u00e9taient manifest\u00e9es pour recevoir le sacrement des malades. D&rsquo;autres personnes non valides, hospitalis\u00e9es ou en maison de retraite ont \u00e9galement re\u00e7ues ce sacrement pour les aider \u00e0\u00a0 garder courage, \u00e0\u00a0 lutter contre le mal et continuer \u00e0\u00a0 vivre leur foi.<\/div>\n<div align=\"justify\">\n Les personnes malades ou handicap\u00e9es ont besoin de soin, de visites et d&rsquo;accompagnement<\/p>\n<div align=\"center\"><img decoding=\"async\" src=\"\/IMG\/jpg\/malade.jpg\" width=400><\/div>\n<p> Quand on pense \u00e0 la maladie, on ne peut pas rester insensible. Nous avons tous crois\u00e9 le regard d&rsquo;une personne alit\u00e9e, souffrante, tiraill\u00e9e par la douleur, dans une chambre d&rsquo;h\u00f4pital, une maison de retraite, etc.<br \/>\nNous connaissons aussi des personnes qui passent beaucoup de temps b\u00e9n\u00e9volement pour aider ces personnes malades ou handicap\u00e9es.<br \/>\n Lourdes Cancer Esp\u00e9rance (LCE) emm\u00e8ne tous les ans en septembre de nombreux p\u00e8lerins \u00e0 Lourdes pour prier et aider \u00e0 vivre les malades sans qu&rsquo;ils subissent la maladie. La pri\u00e8re personnelle et communautaire est essentielle pour les malades et les accompagnants.<\/p>\n<div align=\"center\"><img decoding=\"async\" src=\"\/IMG\/jpg\/Lucien.jpg\" width=400><\/div>\n<p> L&rsquo;Hospitalit\u00e9 dioc\u00e9saine de Meaux effectue \u00e9galement un travail remarquable au niveau de l&rsquo;accompagnement des malades:<\/p>\n<div align=\"center\">\n<img decoding=\"async\" src=\"\/IMG\/jpg\/sacrement_malades_Lourdes.jpg\"width=400><\/div>\n<p> Le sacrement des malades est un sacrement qui rel\u00e8ve spirituellement le malade<br \/>\n Aujourd&rsquo;hui, c&rsquo;est pour toutes les personnes de nos familles proches de la mort, malades ou handicap\u00e9es, souffrant de maladies mentales de d\u00e9pressions nerveuses ou autres souffrances psychiques que nous avons pri\u00e9 avec ferveur. Cette messe \u00e9tait \u00e9galement c\u00e9l\u00e9br\u00e9e pour le personnel m\u00e9dical qui oeuvre tous les jours pour le bien-\u00eatre et la sant\u00e9 des personnes malades, \u00e2g\u00e9es et incapables de vivre seules.<br \/>\n Dans un premier temps, les personnes malades ont re\u00e7u l&rsquo;imposition des mains:<\/p>\n<div align=\"center\"><img decoding=\"async\" src=\"\/IMG\/jpg\/imposition.jpg\"width=400><\/div>\n<p> Ensuite, chaque personne a \u00e9t\u00e9 ointe par l&rsquo;huile sainte:<\/p>\n<div align=\"center\"><img decoding=\"async\" src=\"\/IMG\/jpg\/onction-aime.jpg\"width=400><\/div>\n<p> Au moment de la procession des offrandes, au pied de l&rsquo;autel qui repr\u00e9sente le Christ, nous avons d\u00e9pos\u00e9 un journal de l&rsquo;Echo de la Vall\u00e9e symbole de notre communaut\u00e9, une tenue d&rsquo;infirmi\u00e8re symbole du monde m\u00e9dical et un panneau \u00e9voquant les diff\u00e9rentes associations comme la Croix Rouge, les Blouses Roses, les visiteurs dans les maisons de retraite et les hopitaux, etc&#8230;<\/p>\n<div align=\"center\"><img decoding=\"async\" src=\"\/IMG\/jpg\/offrandes.jpg\"width=400><\/div>\n<p>  Voici le texte de m\u00e9ditation que nous a lu Evelyne au cours de la c\u00e9l\u00e9bration:<\/p>\n<div align=\"center\"><img decoding=\"async\" src=\"\/IMG\/jpg\/vierge_a_Saint_Frai.jpg\" width=400><\/div>\n<p> L&rsquo;ic\u00f4ne endommag\u00e9e<\/p>\n<p> A moins de regarder une personne et de voir la beaut\u00e9 en elle, nous ne pouvons l&rsquo;aider en rien.<\/p>\n<p> On n&rsquo;aide pas une personne en isolant ce qui ne va pas en elle, ce qui est laid, ce qui est d\u00e9form\u00e9.<\/p>\n<p> Le Christ regardait toutes les personnes qu&rsquo;il rencontrait, la prostitu\u00e9e, le voleur, et voyait la beaut\u00e9 cach\u00e9e en eux.<\/p>\n<p> C&rsquo;\u00e9tait peut-\u00eatre une beaut\u00e9 d\u00e9form\u00e9e, ab \u00eem\u00e9e, mais elle \u00e9tait n\u00e9anmoins beaut\u00e9, et il faisait en sorte que cette beaut\u00e9 rejaillisse.<\/p>\n<p> C&rsquo;est ce que nous devons apprendre \u00e0 faire envers les autres.<\/p>\n<p> Mais, pour y parvenir, il nous faut avant tout avoir le coeur pur, des intentions pures, l&rsquo;esprit ouvert, ce qui n&rsquo;est pas toujours le cas&#8230; afin de pouvoir \u00e9couter, regarder et voir la beaut\u00e9 cach\u00e9e.<\/p>\n<p> Chacun de nous est \u00e0 l&rsquo;image de Dieu, et chacun de nous est semblable \u00e0 une ic\u00f4ne endommag\u00e9e. <\/p>\n<p> Mais si l&rsquo;on nous donnait une ic\u00f4ne endommag\u00e9e par le temps, par les \u00e9v\u00e8nements, ou profan\u00e9e par la haine des hommes, nous la traiterions avec tendresse, avec r\u00e9v\u00e9rence, le coeur bris\u00e9.<\/p>\n<p> C&rsquo;est \u00e0 ce qui reste de sa beaut\u00e9, et non \u00e0 ce qui est perdu, que nous attacherions de l&rsquo;importance.<\/p>\n<p> Ainsi, nous devons apprendre \u00e0 r\u00e9agir envers chacun.<\/p>\n<p> Anthony Bloom, Moine orthodoxe<\/p>\n<\/div>\n","protected":false},"excerpt":{"rendered":"<p>La journ\u00e9e mondiale du malade (JMM) a \u00e9t\u00e9 institu\u00e9e en 1992 par Jean-Paul II et fix\u00e9e chaque ann\u00e9e au 11 f\u00e9vrier, f\u00eate de Notre Dame de Lourdes. Depuis quelques ann\u00e9es, la pastorale de la&#46;&#46;&#46;<\/p>\n","protected":false},"author":2,"featured_media":0,"comment_status":"open","ping_status":"open","sticky":false,"template":"","format":"standard","meta":{"footnotes":""},"categories":[],"tags":[],"class_list":["post-328","post","type-post","status-publish","format-standard","hentry"],"_links":{"self":[{"href":"http:\/\/www.chapelle-crecy.com\/index.php?rest_route=\/wp\/v2\/posts\/328","targetHints":{"allow":["GET"]}}],"collection":[{"href":"http:\/\/www.chapelle-crecy.com\/index.php?rest_route=\/wp\/v2\/posts"}],"about":[{"href":"http:\/\/www.chapelle-crecy.com\/index.php?rest_route=\/wp\/v2\/types\/post"}],"author":[{"embeddable":true,"href":"http:\/\/www.chapelle-crecy.com\/index.php?rest_route=\/wp\/v2\/users\/2"}],"replies":[{"embeddable":true,"href":"http:\/\/www.chapelle-crecy.com\/index.php?rest_route=%2Fwp%2Fv2%2Fcomments&post=328"}],"version-history":[{"count":0,"href":"http:\/\/www.chapelle-crecy.com\/index.php?rest_route=\/wp\/v2\/posts\/328\/revisions"}],"wp:attachment":[{"href":"http:\/\/www.chapelle-crecy.com\/index.php?rest_route=%2Fwp%2Fv2%2Fmedia&parent=328"}],"wp:term":[{"taxonomy":"category","embeddable":true,"href":"http:\/\/www.chapelle-crecy.com\/index.php?rest_route=%2Fwp%2Fv2%2Fcategories&post=328"},{"taxonomy":"post_tag","embeddable":true,"href":"http:\/\/www.chapelle-crecy.com\/index.php?rest_route=%2Fwp%2Fv2%2Ftags&post=328"}],"curies":[{"name":"wp","href":"https:\/\/api.w.org\/{rel}","templated":true}]}}