{"id":329,"date":"2011-02-14T13:53:23","date_gmt":"2011-02-14T13:53:23","guid":{"rendered":""},"modified":"-0001-11-30T00:00:00","modified_gmt":"-0001-11-29T22:00:00","slug":"","status":"publish","type":"post","link":"http:\/\/www.chapelle-crecy.com\/?p=329","title":{"rendered":"T\u00e9moignage t\u00e9l\u00e9vis\u00e9 des Equipes Notre-Dame"},"content":{"rendered":"<div align=\"justify\">En ce jour de la f\u00eate de St Valentin, f\u00eate des amoureux s&rsquo;il en est, nous vous offrons le magnifique t\u00e9moignage que l&rsquo;\u00e9quipe de l&rsquo;\u00e9mission \u00ab\u00a0Jour du Seigneur\u00a0\u00bb a diffus\u00e9 hier \u00e0\u00a0 la t\u00e9l\u00e9vision vers 10h30. Pour vous permettre d&rsquo;\u00e9couter ou (de r\u00e9\u00e9couter) Laurence et Pascal Ozouf de Champs-sur-Marne, responsables de secteur des Equipes Notre-Dame dans le Nord Seine-et-Marne vous pr\u00e9senter les END, il vous suffit de cliquer sur la vid\u00e9o qui suit&#8230;<\/div>\n<div align=\"justify\">La messe t\u00e9l\u00e9vis\u00e9e tous les dimanches sur France 2, \u00e9tait retransmise, hier, en direct, depuis la chapelle de la Maison des Equipes Notre-Dame \u00e0 Massabielle (95). En cette veille du 14 f\u00e9vrier, l&rsquo;\u00e9quipe du \u00ab\u00a0Jour du Seigneur\u00a0\u00bb avait souhait\u00e9 profiter du calendrier pour pr\u00e9senter le mouvement des Equipes Notre-Dame, mouvement chr\u00e9tien de spiritualit\u00e9 conjugale.<br \/>\n La question qui \u00e9tait pos\u00e9e \u00e0 nos amis \u00e9quipiers \u00e9tait la suivante:<br \/>\n Quel Service Apr\u00e8s-Vente l&rsquo;Eglise propose-t-elle aux couples?<\/p>\n<p> Voici leur r\u00e9ponse en image:<\/p>\n<div align=\"center\"><object width=\"500\" height=\"400\"><param name=\"movie\" value=\"http:\/\/www.dailymotion.com\/swf\/video\/k3rBAy2ZJx3h1j1VXrO\"><\/param><param name=\"allowFullScreen\" value=\"true\"><\/param><param name=\"allowScriptAccess\" value=\"always\"><\/param><embed type=\"application\/x-shockwave-flash\" src=\"http:\/\/www.dailymotion.com\/swf\/video\/k3rBAy2ZJx3h1j1VXrO\" width=\"500\" height=\"400\" allowfullscreen=\"true\" allowscriptaccess=\"always\"><\/embed><\/object><\/div>\n<p> Retrouvez sur<br \/>\n <a href=\"http:\/\/www.lejourduseigneur.com\/\" target=\"_blank\"><b><br \/>\nhttp:\/\/www.lejourduseigneur.com\/<\/a><\/b><br \/>\nla vid\u00e9o de la messe t\u00e9l\u00e9vis\u00e9e, le texte de l&rsquo;hom\u00e9lie et toute l&rsquo;actualit\u00e9 de la vie de l&rsquo;Eglise en France.<\/p>\n<p> Pour en savoir plus sur le mouvement des Equipes Notre-Dame, je vous invite \u00e0 consulter le site:<br \/>\n <a href=\"http:\/\/www.equipes-notre-dame.fr\/\" target=\"_blank\"><b><br \/>\nhttp:\/\/www.equipes-notre-dame.fr\/<\/a><\/b><\/p>\n<div align=\"center\"><img decoding=\"async\" src=\"\/IMG\/jpg\/ViergeMarie-2.jpg\" width=300><\/div>\n<p>  Pri\u00e8re des intercesseurs<\/p>\n<p> Dieu, notre P\u00e8re,<br \/>\n Tu as envoy\u00e9 ton Fils bien-aim\u00e9 pour sauver le monde:<br \/>\n assis d\u00e9sormais \u00e0 ta droite,<br \/>\n il ne cesse d&rsquo;interc\u00e9der pour ses fr\u00e8res humains.<\/p>\n<p> Port\u00e9s par l&rsquo;Esprit,<br \/>\n nous voulons nous unir \u00e0 sa pri\u00e8re pour le salut de tous.<\/p>\n<p> Que pr\u00eatres et couples soient fid\u00e8les \u00e0 leurs engagements<br \/>\n au service de la communion dans l&rsquo;Eglise<br \/>\n en rayonnant l&rsquo;amour que tu as mis en leur coeur.<\/p>\n<p> Que tous les enfants de par le monde,<br \/>\n d\u00e9couvrent le bonheur que tu donnes<br \/>\n et vivent dans le respect, la dignit\u00e9, la joie et la paix.<\/p>\n<p> Dieu, notre P\u00e8re,<br \/>\n par l&rsquo;intercession de Notre Dame et de tous les saints,<br \/>\n donne-nous, intercesseurs aupr\u00e8s de toi,<br \/>\n d&rsquo;accomplir notre service<br \/>\n par amour pour toi et par amour pour les hommes.<\/p>\n<\/div>\n","protected":false},"excerpt":{"rendered":"<p>En ce jour de la f\u00eate de St Valentin, f\u00eate des amoureux s&rsquo;il en est, nous vous offrons le magnifique t\u00e9moignage que l&rsquo;\u00e9quipe de l&rsquo;\u00e9mission \u00ab\u00a0Jour du Seigneur\u00a0\u00bb a diffus\u00e9 hier \u00e0\u00a0 la t\u00e9l\u00e9vision&#46;&#46;&#46;<\/p>\n","protected":false},"author":2,"featured_media":0,"comment_status":"open","ping_status":"open","sticky":false,"template":"","format":"standard","meta":{"footnotes":""},"categories":[],"tags":[],"class_list":["post-329","post","type-post","status-publish","format-standard","hentry"],"_links":{"self":[{"href":"http:\/\/www.chapelle-crecy.com\/index.php?rest_route=\/wp\/v2\/posts\/329","targetHints":{"allow":["GET"]}}],"collection":[{"href":"http:\/\/www.chapelle-crecy.com\/index.php?rest_route=\/wp\/v2\/posts"}],"about":[{"href":"http:\/\/www.chapelle-crecy.com\/index.php?rest_route=\/wp\/v2\/types\/post"}],"author":[{"embeddable":true,"href":"http:\/\/www.chapelle-crecy.com\/index.php?rest_route=\/wp\/v2\/users\/2"}],"replies":[{"embeddable":true,"href":"http:\/\/www.chapelle-crecy.com\/index.php?rest_route=%2Fwp%2Fv2%2Fcomments&post=329"}],"version-history":[{"count":0,"href":"http:\/\/www.chapelle-crecy.com\/index.php?rest_route=\/wp\/v2\/posts\/329\/revisions"}],"wp:attachment":[{"href":"http:\/\/www.chapelle-crecy.com\/index.php?rest_route=%2Fwp%2Fv2%2Fmedia&parent=329"}],"wp:term":[{"taxonomy":"category","embeddable":true,"href":"http:\/\/www.chapelle-crecy.com\/index.php?rest_route=%2Fwp%2Fv2%2Fcategories&post=329"},{"taxonomy":"post_tag","embeddable":true,"href":"http:\/\/www.chapelle-crecy.com\/index.php?rest_route=%2Fwp%2Fv2%2Ftags&post=329"}],"curies":[{"name":"wp","href":"https:\/\/api.w.org\/{rel}","templated":true}]}}