{"id":331,"date":"2011-02-28T14:58:04","date_gmt":"2011-02-28T14:58:04","guid":{"rendered":""},"modified":"-0001-11-30T00:00:00","modified_gmt":"-0001-11-29T22:00:00","slug":"","status":"publish","type":"post","link":"http:\/\/www.chapelle-crecy.com\/?p=331","title":{"rendered":"Allez chers jeunes du 77 mobilisez-vous pour les JMJ de Madrid !"},"content":{"rendered":"<p>Bonjour \u00e0\u00a0 tous,<br \/>\nEt bien voil\u00e0\u00a0 2011 \u00e9tant arriv\u00e9, c&rsquo;est la derni\u00e8re ligne droite pour les Journ\u00e9es Mondiales de la Jeunesse (JMJ) et j&rsquo;ai maintenant plein de choses \u00e0\u00a0 vous raconter.<br \/>\nVoici le programme &#8230; <\/p>\n<div align=\"justify\">\n Tout d&rsquo;abord au niveau de la pr\u00e9paration, nous \u00e9tions environ 70 (un peu plus) au premier rassemblement dioc\u00e8sain. Beaucoup de nouvelles t\u00eates tr\u00e8s motiv\u00e9es et des anciens que nous avons crois\u00e9 \u00e0 Cologne. Du coup, beaucoup de diversit\u00e9 parmi les personnes int\u00e9ress\u00e9es notamment au niveau de l&rsquo;\u00e2ge.<br \/>\n Le deuxi\u00e8me rassemblement dioc\u00e9sain aura lieu le vendredi 1er avril \u00e0 20h30 \u00e0 Meaux : c&rsquo;est pas magnifique !!!!!<\/p>\n<p>Pour ce qui est de l&rsquo;organisation du s\u00e9jour, nous partirions le 9 ao\u00fbt en bus. Nous ferions une \u00e9tape \u00e0 mi-chemin (normalement Rocamadour) pour une veill\u00e9e tous ensemble et la nuit, puis de nouveau sur la route le lendemain pour une arriv\u00e9e sur le dioc\u00e8se de Tol\u00e8de dans la journ\u00e9e du 10. Nous sommes accueillis en famille dans un village tout proche de Tol\u00e8de.<\/p>\n<p> Nous sommes attendus sur Madrid \u00e0 partir du 16 ao\u00fbt et l\u00e0 pas de grand changement, on retrouve la m\u00eame organisation que d&rsquo;habitude pour cette semaine de JMJ \u00e0 proprement parler : rencontres, c\u00e9r\u00e9monies, cat\u00e9ch\u00e8ses&#8230;&#8230; puis le week-end avec le Pape.<br \/>\nLes inscriptions sont donc maintenant ouvertes : pour le moment le prix est de 570\u00e2\u201a\u00ac (tout compris bien entendu).<br \/>\n Attention, toute inscription apr\u00e8s le mois de mai verra le prix passer \u00e0 640\u00e2\u201a\u00ac. C&rsquo;est le national qui nous l&rsquo;impose ; ils augmentent les prix pour les dioc\u00e8ses, pass\u00e9 cette date.<br \/>\n On a r\u00e9ussi \u00e0 faire en sorte que l&rsquo;argent r\u00e9colt\u00e9 par chacun des groupes reste au groupe. A nous donc de nous organiser pour la suite.<br \/>\n Pour ce qui est de l&rsquo;organisation sur le p\u00f4le de Meaux, je vais voir avec le P\u00e8re Philippe Legrand et le P\u00e8re Beno \u00eet Lemoine pour organiser une \u00ab\u00a0veill\u00e9e\/rencontre\u00a0\u00bb prochainement pour tous ceux qui souhaitent participer. En plus du groupe de Beauval, il y a un bon groupe qui se constitue sur Esbly autour de Geoffrey et un groupe \u00e0 Sainte-Marie. J&rsquo;ai ensuite des contacts avec des \u00e9lectrons libres du p\u00f4le qui seraient avec nous \u00e0 qui je souhaite la bienvenue (je reprends tr\u00e8s vite contact avec vous de mani\u00e8re individuelle mais voici les premi\u00e8res infos).<br \/>\nJ&rsquo;ai \u00e9galement \u00e0 la maison une petite collection de bougies que nous pouvons vendre (m\u00eame principe que les autres ann\u00e9es 2\u00e2\u201a\u00ac la bougie). Enfin, le journal La Croix nous propose de vendre sur un week-end ses journaux. C&rsquo;est tout b\u00e9n\u00e9f car il ne nous demande rien en retour !!<br \/>\n Je vous transmets tr\u00e8s vite les bulletins d&rsquo;inscription par mail d\u00e8s que je les re\u00e7ois sous format \u00e9lectronique. C&rsquo;est \u00e0 moi qu&rsquo;il faut les retourner si cela vous int\u00e9resse.<br \/>\n J&rsquo;ai s\u00fbrement d\u00fb oublier des choses ou vous avez peut \u00eatre des questions alors n&rsquo;h\u00e9sitez pas. Il y a dans les destinataires de ce mail des contacts sur diff\u00e9rentes paroisses du p\u00f4le, merci de faire circuler l&rsquo;info \u00e0 tous vos jeunes.<br \/>\n Je vous embrasse, \u00e0 tr\u00e8s bient\u00f4t.<\/p>\n<p> Anne<\/p>\n<p> Contact par e-mail: annevaly_6@hotmail.com<\/p>\n<p>[http:\/\/www.jmj2011madrid.catholique.fr\/->http:\/\/www.jmj2011madrid.catholique.fr\/]\n<\/p><\/div>\n<p><img388|center><br \/>\n Souvenir des derniers JMJ \u00e0 Sydney en 2008 avec le P\u00e8re Beno \u00eet accompagnant les jeunes de Seine-et-Marne, ambiance assur\u00e9e !<\/p>\n<p> Petit message de derni\u00e8re minute:<\/p>\n<p> Bonjour \u00e0 tous,<br \/>\n Ce petit message pour vous rappeler que notre prochain rendez-vous dioc\u00e9sain est le vendredi 1er avril.<br \/>\nIl aura lieu \u00e0 Meaux, nous vous enverrons les invitations prochainement.<\/p>\n<p>N&rsquo;oubliez pas de transmettre le tract ci-joint pour les dons dans vos paroisses.<br \/>\nC&rsquo;est une fa\u00e7on assez simple de r\u00e9colter des sommes parfois tr\u00e8s<br \/>\nimportantes.<br \/>\nA ce jour, nous n&rsquo;en avons toujours pas re\u00e7us, il est donc grand temps<br \/>\nde se motiver!<\/p>\n<p>Bonne journ\u00e9e \u00e0 tous et bonne pr\u00e9paration!<\/p>\n<p>L&rsquo;\u00e9quipe dioc\u00e9saine<\/p>\n","protected":false},"excerpt":{"rendered":"<p>Bonjour \u00e0\u00a0 tous, Et bien voil\u00e0\u00a0 2011 \u00e9tant arriv\u00e9, c&rsquo;est la derni\u00e8re ligne droite pour les Journ\u00e9es Mondiales de la Jeunesse (JMJ) et j&rsquo;ai maintenant plein de choses \u00e0\u00a0 vous raconter. Voici le programme&#46;&#46;&#46;<\/p>\n","protected":false},"author":2,"featured_media":0,"comment_status":"open","ping_status":"open","sticky":false,"template":"","format":"standard","meta":{"footnotes":""},"categories":[],"tags":[],"class_list":["post-331","post","type-post","status-publish","format-standard","hentry"],"_links":{"self":[{"href":"http:\/\/www.chapelle-crecy.com\/index.php?rest_route=\/wp\/v2\/posts\/331","targetHints":{"allow":["GET"]}}],"collection":[{"href":"http:\/\/www.chapelle-crecy.com\/index.php?rest_route=\/wp\/v2\/posts"}],"about":[{"href":"http:\/\/www.chapelle-crecy.com\/index.php?rest_route=\/wp\/v2\/types\/post"}],"author":[{"embeddable":true,"href":"http:\/\/www.chapelle-crecy.com\/index.php?rest_route=\/wp\/v2\/users\/2"}],"replies":[{"embeddable":true,"href":"http:\/\/www.chapelle-crecy.com\/index.php?rest_route=%2Fwp%2Fv2%2Fcomments&post=331"}],"version-history":[{"count":0,"href":"http:\/\/www.chapelle-crecy.com\/index.php?rest_route=\/wp\/v2\/posts\/331\/revisions"}],"wp:attachment":[{"href":"http:\/\/www.chapelle-crecy.com\/index.php?rest_route=%2Fwp%2Fv2%2Fmedia&parent=331"}],"wp:term":[{"taxonomy":"category","embeddable":true,"href":"http:\/\/www.chapelle-crecy.com\/index.php?rest_route=%2Fwp%2Fv2%2Fcategories&post=331"},{"taxonomy":"post_tag","embeddable":true,"href":"http:\/\/www.chapelle-crecy.com\/index.php?rest_route=%2Fwp%2Fv2%2Ftags&post=331"}],"curies":[{"name":"wp","href":"https:\/\/api.w.org\/{rel}","templated":true}]}}