{"id":332,"date":"2011-02-15T23:09:00","date_gmt":"2011-02-15T23:09:00","guid":{"rendered":""},"modified":"-0001-11-30T00:00:00","modified_gmt":"-0001-11-29T22:00:00","slug":"","status":"publish","type":"post","link":"http:\/\/www.chapelle-crecy.com\/?p=332","title":{"rendered":"Souvenir de Prague"},"content":{"rendered":"<div align=\"justify\">Notre ami Jacques, habitant \u00e0\u00a0 Cr\u00e9cy depuis son plus jeune  ge, s&rsquo;est \u00e9pris depuis peu de cette \u00ab capitale magique de l&rsquo;Europe \u00bb  comme disait Andr\u00e9 Breton, je veux parler de la somptueuse et romantique capitale tch\u00e8que: Prague. Laissez-vous donc transporter dans son r\u00eave, vous ne serez pas d\u00e9\u00e7u du voyage&#8230;<\/div>\n<div align=\"justify\">\nVoici Prague, la ville aux toits d&rsquo;Or, d\u00e9j\u00e0 c\u00e9l\u00e9br\u00e9e sur les \u00e9crans d&rsquo;avant-guerre.<br \/>\nLa ville se repose au pied de son \u00ab\u00a0Ch\u00e2teau\u00a0\u00bb. <\/p>\n<div align=\"center\"><img decoding=\"async\" src=\"\/IMG\/jpg\/Alfons-Detail_de_Vitrail.jpg\" width=450><\/div>\n<p>Tout alentour n&rsquo;est que collines et vallons ombrag\u00e9s, domaines de villas et pavillons. Voici Praha, la cit\u00e9 mill\u00e9naire.<\/p>\n<div align=\"center\"><img decoding=\"async\" src=\"\/IMG\/jpg\/09_11_05_PRAGUE_010.jpg\" width=450><\/div>\n<p> Prague c&rsquo;est:<br \/>\n &#8211; Un cristal de Boh\u00eame,<br \/>\n &#8211; Un ciel de Vienne,<br \/>\n &#8211; Un air de cymbalum, un vent de plaine hongroise et des violons tsiganes.<\/p>\n<p> Prague c&rsquo;est:<br \/>\n Du m\u00e9di\u00e9val  plein les rues, des tavernes, du goulasch, de l&rsquo;Art d\u00e9co et du tokay, Ce sont des  pierres; celles de Venceslas \u00e0 celles du pont Charles,<\/p>\n<p> Prague c&rsquo;est:<br \/>\n Un N\u00e9pomuc\u00e8ne toujours vivant dans les coeurs avec les pri\u00e8res aux Saints Guy, Cyrille-et- M\u00e9thode, <\/p>\n<p> Prague c&rsquo;est:<br \/>\n Du baroque, de l&rsquo;Art nouveau, du rococo et une foule de mus\u00e9es, d&rsquo;Alfons Mucha \u00e0 Anton Dvorak.<\/p>\n<p> Prague c&rsquo;est:<br \/>\n Une  Moldau redevenue Vtlava sous la baguette de Smetana et des concerts tous les soirs avec la premi\u00e8re du Don Giovanni de son cher Mozart.<\/p>\n<p> Prague c&rsquo;est:<br \/>\n Une centaine et plus de cath\u00e9drales, d&rsquo;\u00e9glises, de temples et de synagogues, de chapelles, d&rsquo;oratoires, de monast\u00e8res et de couvents.<\/p>\n<p> Alors, tenez le tout bien fort, avec une Pils,<br \/>\n Et vous aurez un Kafka, un Jan Palach, un Vaclav Havel, un Jan Mazaryck, un Milan Kundera, un Jan Hus, un Tomas Bata, un Emil Zatopek, une Madeleine Albright, et bien d&rsquo;autres encore !<\/p>\n<p> Et tout un peuple fou de libert\u00e9 et fier de l&rsquo;avoir enfin retrouv\u00e9e.<\/p>\n<p>  Le 14 f\u00e9vrier, l&rsquo;Eglise f\u00eate saints Cyrille et M\u00e9thode, Patrons de l&rsquo;Europe <\/p>\n<div align=\"center\"><img decoding=\"async\" src=\"\/IMG\/jpg\/Cyrille-Methode.jpg\" width=250><\/div>\n<p> En 1980, le Pape Jean-Paul II les a d\u00e9clar\u00e9s patrons de l&rsquo;Europe. <\/p>\n<p> Pourquoi ce geste et en quoi ces deux saints qui ne nous sont pas connus nous interessent-ils aujourd&rsquo;hui?<\/p>\n<p> ils sont n\u00e9s dans l&#8217;empire byzantin;<br \/>\n ce sont des fr\u00e8res qui ont v\u00e9cu au IX\u00e8me si\u00e8cle;<br \/>\n ils sont appel\u00e9s \u00ab\u00a0ap\u00f4tres des Slaves\u00a0\u00bb.<br \/>\n Un si\u00e8cle avant la rupture d\u00e9finitive entre Rome et Byzance, ils ont annonc\u00e9 l&rsquo;Evangile en Moravie, carrefour des influences entre l&rsquo;Orient et l&rsquo;Occident. Pour cela, ils ont traduit la Bible en slavon et m\u00eame cr\u00e9\u00e9 un alphabet pour \u00e9crire cette langue. <\/p>\n<p> Que retenir pour nous aujourd&rsquo;hui?<\/p>\n<p> D&rsquo;abord qu&rsquo;ils ont su rendre l&rsquo;Evangile compr\u00e9hensible pour les peuples slaves, ensuite qu&rsquo;ils ont eu un grand sens de l&rsquo;unit\u00e9 de l&rsquo;Eglise.<br \/>\n \u00ab\u00a0Ils sont les maillons d&rsquo;unit\u00e9 entre la tradition orientale et la tradition occidentale&#8230; Ils sont les champions de l&rsquo;effort oecum\u00e9nique des \u00e9glises soeurs d&rsquo;Orient et d&rsquo;Occident&#8230;\u00a0\u00bb (Jean-Paul II).<br \/>\n Ce sont deux qualit\u00e9s qui nous interpellent dans ce monde hyper-m\u00e9diatis\u00e9 mais qui ne sait plus toujours communiquer simplement.<\/p>\n<p> Ils nous ont aussi apport\u00e9 leur part de construction de l&rsquo;Europe, dans le domaine religieux, mais aussi dans le domaine politique. Jean-Paul II le souligne: \u00ab\u00a0Etre chr\u00e9tien en notre temps signifie \u00eatre artisan de communion dans l&rsquo;Eglise et dans la soci\u00e9t\u00e9\u00a0\u00bb. (lettre encyclique, ap\u00f4tres des Slaves 1985).<\/p>\n<\/div>\n","protected":false},"excerpt":{"rendered":"<p>Notre ami Jacques, habitant \u00e0\u00a0 Cr\u00e9cy depuis son plus jeune ge, s&rsquo;est \u00e9pris depuis peu de cette \u00ab capitale magique de l&rsquo;Europe \u00bb comme disait Andr\u00e9 Breton, je veux parler de la somptueuse et&#46;&#46;&#46;<\/p>\n","protected":false},"author":2,"featured_media":0,"comment_status":"open","ping_status":"open","sticky":false,"template":"","format":"standard","meta":{"footnotes":""},"categories":[],"tags":[],"class_list":["post-332","post","type-post","status-publish","format-standard","hentry"],"_links":{"self":[{"href":"http:\/\/www.chapelle-crecy.com\/index.php?rest_route=\/wp\/v2\/posts\/332","targetHints":{"allow":["GET"]}}],"collection":[{"href":"http:\/\/www.chapelle-crecy.com\/index.php?rest_route=\/wp\/v2\/posts"}],"about":[{"href":"http:\/\/www.chapelle-crecy.com\/index.php?rest_route=\/wp\/v2\/types\/post"}],"author":[{"embeddable":true,"href":"http:\/\/www.chapelle-crecy.com\/index.php?rest_route=\/wp\/v2\/users\/2"}],"replies":[{"embeddable":true,"href":"http:\/\/www.chapelle-crecy.com\/index.php?rest_route=%2Fwp%2Fv2%2Fcomments&post=332"}],"version-history":[{"count":0,"href":"http:\/\/www.chapelle-crecy.com\/index.php?rest_route=\/wp\/v2\/posts\/332\/revisions"}],"wp:attachment":[{"href":"http:\/\/www.chapelle-crecy.com\/index.php?rest_route=%2Fwp%2Fv2%2Fmedia&parent=332"}],"wp:term":[{"taxonomy":"category","embeddable":true,"href":"http:\/\/www.chapelle-crecy.com\/index.php?rest_route=%2Fwp%2Fv2%2Fcategories&post=332"},{"taxonomy":"post_tag","embeddable":true,"href":"http:\/\/www.chapelle-crecy.com\/index.php?rest_route=%2Fwp%2Fv2%2Ftags&post=332"}],"curies":[{"name":"wp","href":"https:\/\/api.w.org\/{rel}","templated":true}]}}