{"id":333,"date":"2011-04-21T12:34:00","date_gmt":"2011-04-21T12:34:00","guid":{"rendered":""},"modified":"-0001-11-30T00:00:00","modified_gmt":"-0001-11-29T22:00:00","slug":"","status":"publish","type":"post","link":"http:\/\/www.chapelle-crecy.com\/?p=333","title":{"rendered":"Nos pr\u00eatres ces hommes qui nous \u00e9l\u00e8vent vers les r\u00e9alit\u00e9s d&rsquo;En-Haut !"},"content":{"rendered":"<div align=\"justify\"><span style=\"font-family: Comic Sans MS;\"><span\nstyle=\"color: rgb(51, 51, 255);\">\u00ab\u00a0Allez donc !<\/span><br\nstyle=\"color: rgb(51, 51, 255);\"><br \/>\n<span style=\"color: rgb(51, 51, 255);\">De toutes les nations<br \/>\nfaites des disciples, baptisez-les<br \/>\nau nom du P\u00e8re, du Fils, <br \/>\net du Saint-Esprit.\u00a0\u00bb<\/span><br \/>\n<small><small>Evangile de Saint Matthieu<\/small><\/small><br \/>\n<\/span><\/div>\n<p><big style=\"font-weight: bold; color: rgb(51, 51, 255);\">La messe<br \/>\nchrismale<\/big><br \/>\n Cette traditionnelle messe chrismale (de chr\u00eame, chrisma: onction) a eu lieu hier soir \u00e0 la cath\u00e9drale de Meaux. Cette c\u00e9r\u00e9monie solennelle n&rsquo;a lieu qu&rsquo;une fois par an, le mercredi Saint. Elle est pr\u00e9sid\u00e9e chaque ann\u00e9e par l&rsquo;\u00e9v\u00eaque, Monseigneur Albert Marie de Monl\u00e9on. Plus de cent pr\u00eatres de chacun de nos secteurs pastoraux, venus de tout le dioc\u00e8se, ont conc\u00e9l\u00e9br\u00e9. Trois grands moments ont marqu\u00e9 cette belle et grande liturgie:<br \/>\n &#8211; les pr\u00eatres ont renouvel\u00e9 leur promesse;<br \/>\n &#8211; la b\u00e9n\u00e9diction des huiles des malades et des cat\u00e9chum\u00e8nes;<br \/>\n &#8211; la cons\u00e9cration du Saint Chr\u00eame qui servira pour les bapt\u00eames, les confirmations et les ordinations.<br \/>\n La comm\u00e9moration de l&rsquo;institution du sacerdoce est marqu\u00e9e, selon le souhait de Paul VI, par la r\u00e9novation des engagements des pr\u00eatres et diacres. La messe chrismale souligne l&rsquo;unit\u00e9 de l&rsquo;Eglise dioc\u00e9saine fond\u00e9e sur le minist\u00e8re \u00e9piscopal. C&rsquo;est l&rsquo;une des c\u00e9l\u00e9brations particuli\u00e8res qui manifestent le myst\u00e8re de l&rsquo;Eglise, comme le soulignait Jean-Paul II.<br \/>\n Il est important, durant la Semaine Sainte, que nous puissions vivre de telles liturgies qui nous aident \u00e0 d\u00e9couvrir ou \u00e0 red\u00e9couvrir le sens de l&rsquo;Eglise dioc\u00e9saine. Pour toutes ces gr\u00e2ces, Seigneur, nous te disons merci&#8230;<\/p>\n<p> <big style=\"font-weight: bold; color: rgb(51, 51, 255);\">Nos pr\u00eatres, de saints hommes<\/big><br \/>\n Sur notre secteur paroissial des 3 clochers, nous avons le bonheur d&rsquo;avoir un pr\u00eatre africain, le P\u00e8re Aim\u00e9 du B\u00e9nin. Il assure les messes du dimanche \u00e0 Cr\u00e9cy, hiver comme \u00e9t\u00e9, \u00e0 10h30 en l&rsquo;\u00e9glise St Georges ou \u00e0 la Coll\u00e9giale. Le samedi soir, \u00e0 18h30, les 1er et 3\u00e8me du mois \u00e0 Villiers, et en alternance les 2\u00e8me et 4\u00e8me ou 5\u00e8me du mois \u00e0 Voulangis, il c\u00e9l\u00e8bre aussi la messe anticip\u00e9e du dimanche. <\/p>\n<div align=\"center\"><img decoding=\"async\" src=\"\/IMG\/jpg\/Debut_Eucharistie-a.jpg\" width=500 ><\/div>\n<p> Pour pouvoir assurer pleinement cette mission pastorale, le P\u00e8re Jean-Claude Marjou, pr\u00eatre r\u00e9f\u00e9rent du secteur, picpussien, r\u00e9sidant \u00e0 Meaux, vient r\u00e9guli\u00e8rement \u00e0 Cr\u00e9cy pour aider notre pr\u00eatre \u00e9tudiant dans sa t\u00e2che. <\/p>\n<div align=\"center\"><img decoding=\"async\" src=\"\/IMG\/jpg\/Jean-Claude-1.jpg\" width=400 ><\/div>\n<p><bR><br \/>\nOn l&rsquo;appelle r\u00e9f\u00e9rent car il est envoy\u00e9 en mission sur le secteur de Cr\u00e9cy, par le P\u00e8re Philippe Legrand, cur\u00e9 du p\u00f4le missionnaire de Meaux (13 secteurs pastoraux). <\/p>\n<div align=\"center\"><img decoding=\"async\" src=\"\/IMG\/jpg\/Philippe-1.jpg\" width=400 ><\/div>\n<p> En plus des messes dominicales, nos pr\u00eatres baptisent, pr\u00eachent, pr\u00e9sident des b\u00e9n\u00e9dictions de mariage, c\u00e9l\u00e8brent des mariages, donnent le sacrement de r\u00e9conciliation, donnent le sacrement des malades, rendent visites aux malades et handicap\u00e9s dans les maisons de retraite ou dans les maisons sp\u00e9cialis\u00e9es, re\u00e7oivent au presbyt\u00e8re les personnes qui souhaitent les rencontrer, travaillent avec l&rsquo;Equipe d&rsquo;Animation Pastorale dans l&rsquo;animation liturgique et pastorale du secteur (planning des messes, organisation de rassemblements, suivi des rassemblements des jeunes du cat\u00e9, de l&rsquo;aum\u00f4nerie, du MEJ, des scouts), peuvent accompagner spirituellement des la\u00efcs appartenant au mouvement de spiritualit\u00e9 conjugale des Equipes Notre-Dame ou les groupes des EDC (Entrepreneurs et Dirigeants Chr\u00e9tiens), donnent des conf\u00e9rences, ont le souci de la vie mat\u00e9rielle de l&rsquo;Eglise, etc.<br \/>\n En ce jour, nous prions pour tous nos pr\u00eatres, pour les vocations sacerdotales, pour leur mission au nom de J\u00e9sus-Christ. <\/p>\n<p> <big style=\"font-weight: bold; color: rgb(51, 51, 255);\">D&rsquo;autres pr\u00eatres t\u00e9moignent par la beaut\u00e9 du chant; c&rsquo;est le cas de Spiritus Dei<\/big><br \/>\n Revenons un court instant, en images, sur le concert exceptionnel de \u00ab\u00a0Spiritus Dei\u00a0\u00bb \u00e0 la cath\u00e9drale de Meaux, le 11 f\u00e9vrier dernier: <\/p>\n<p><iframe loading=\"lazy\" title=\"YouTube video player\" width=\"480\" height=\"390\" src=\"http:\/\/www.youtube.com\/embed\/RokLW2J7F-Y\" frameborder=\"0\" allowfullscreen><\/iframe><\/p>\n<p> <a href=\"http:\/\/eglisecatho-meaux.cef.fr\/spip\/article.php3?id_article=1080&#038;var_recherche=spiritus+deui\" target=\"_blank\"><b> http:\/\/eglisecatho-meaux.cef.fr\/spip\/article.php3?id_article=1080&#038;var_recherche=spiritus+deui <\/a><\/b><\/p>\n<p> T\u00e9moignage de No\u00ebl Dubus qui a assist\u00e9 au concert des 3 pr\u00eatres \u00e0 la cath\u00e9drale de Meaux:<br \/>\n Je n&rsquo;avais jamais vu notre Cath\u00e9drale de Meaux avec un tel public, et je ne parle pas seulement du nombre des auditeurs; pas forc\u00e9ment des Fid\u00e8les, mais beaucoup de sympathisants, de plus en plus enthousiastes tout au long de la soir\u00e9e. Comme l&rsquo;a dit avec humour notre Ev\u00eaque, \u00abJ&rsquo;aimerais vous voir plus souvent !\u00bb.<br \/>\n D&rsquo;autre part, en ce qui concerne le prix des places, peu de gens le savent vraiment: une partie de l&rsquo;argent obtenu gr\u00e2ce \u00e0 la vente des CDs et \u00e0 l&rsquo;organisation des concerts permettra de financer<br \/>\ndes projets de r\u00e9am\u00e9nagement du sanctuaire de Notre-Dame du Laus, dans le respect du site et de sa vocation, pour accueillir \u00ab\u00a0mieux\u00a0\u00bb les<br \/>\np\u00e8lerins. Si vous ne connaissez pas ce haut lieu spirituel des Alpes du Sud, vous pouvez trouver tous les renseignements sur: [http:\/\/www.notredamedulaus.com->http:\/\/www.notredamedulaus.com]<\/p>\n<div align=\"center\"><img decoding=\"async\" src=\"\/IMG\/jpg\/Noel_Dubus-1.jpg\" width=500 ><\/div>\n<p> No\u00ebl Dubus (\u00e0 gauche sur la photo) est membre de l&rsquo;Equipe Missionnaire de P\u00f4le (EMP)<\/p>\n<p> <big style=\"font-weight: bold; color: rgb(51, 51, 255);\">Pri\u00e8re du Saint Cur\u00e9 d&rsquo;Ars<\/big><\/p>\n<div align=\"center\"><img decoding=\"async\" src=\"\/IMG\/jpg\/Cure_d_Ars.jpg\" width=200 ><\/div>\n<div align=\"justify\">\n Je vous aime, \u00f4 mon Dieu,<br \/>\n et mon seul d\u00e9sir est de vous aimer<br \/>\n jusqu&rsquo;au dernier soupir de ma vie.<br \/>\n Je vous aime, \u00f4 mon Dieu infiniment aimable,<br \/>\n et j&rsquo;aime mieux mourir en vous aimant<br \/>\n que de vivre un seul instant sans vous aimer.<br \/>\n Je vous aime, Seigneur,<br \/>\n et la seule gr\u00e2ce que je vous demande,<br \/>\n c&rsquo;est que mon coeur vous le r\u00e9p\u00e8te autant de fois que je respire.<br \/>\n Mon Dieu, faites-moi la gr\u00e2ce de souffrir en vous aimant<br \/>\n et de vous aimer en souffrant.<br \/>\n Je vous aime, \u00f4 mon divin Sauveur,<br \/>\n parce que vous avez \u00e9t\u00e9 crucifi\u00e9 pour moi ;<br \/>\n je vous aime, \u00f4 mon Dieu,<br \/>\n parce que vous me tenez ici-bas crucifi\u00e9 pour vous.<br \/>\n Je vous aime.<br \/>\n Mon Dieu, \u00e0 proportion que je m&rsquo;approche de ma fin,<br \/>\n faites-moi la gr\u00e2ce d&rsquo;augmenter mon amour et de le perfectionner.<\/p>\n<p>Jean-Marie Vianney\n<\/p><\/div>\n","protected":false},"excerpt":{"rendered":"<p>\u00ab\u00a0Allez donc ! De toutes les nations faites des disciples, baptisez-les au nom du P\u00e8re, du Fils, et du Saint-Esprit.\u00a0\u00bb Evangile de Saint Matthieu La messe chrismale Cette traditionnelle messe chrismale (de chr\u00eame, chrisma:&#46;&#46;&#46;<\/p>\n","protected":false},"author":2,"featured_media":0,"comment_status":"open","ping_status":"open","sticky":false,"template":"","format":"standard","meta":{"footnotes":""},"categories":[],"tags":[],"class_list":["post-333","post","type-post","status-publish","format-standard","hentry"],"_links":{"self":[{"href":"http:\/\/www.chapelle-crecy.com\/index.php?rest_route=\/wp\/v2\/posts\/333","targetHints":{"allow":["GET"]}}],"collection":[{"href":"http:\/\/www.chapelle-crecy.com\/index.php?rest_route=\/wp\/v2\/posts"}],"about":[{"href":"http:\/\/www.chapelle-crecy.com\/index.php?rest_route=\/wp\/v2\/types\/post"}],"author":[{"embeddable":true,"href":"http:\/\/www.chapelle-crecy.com\/index.php?rest_route=\/wp\/v2\/users\/2"}],"replies":[{"embeddable":true,"href":"http:\/\/www.chapelle-crecy.com\/index.php?rest_route=%2Fwp%2Fv2%2Fcomments&post=333"}],"version-history":[{"count":0,"href":"http:\/\/www.chapelle-crecy.com\/index.php?rest_route=\/wp\/v2\/posts\/333\/revisions"}],"wp:attachment":[{"href":"http:\/\/www.chapelle-crecy.com\/index.php?rest_route=%2Fwp%2Fv2%2Fmedia&parent=333"}],"wp:term":[{"taxonomy":"category","embeddable":true,"href":"http:\/\/www.chapelle-crecy.com\/index.php?rest_route=%2Fwp%2Fv2%2Fcategories&post=333"},{"taxonomy":"post_tag","embeddable":true,"href":"http:\/\/www.chapelle-crecy.com\/index.php?rest_route=%2Fwp%2Fv2%2Ftags&post=333"}],"curies":[{"name":"wp","href":"https:\/\/api.w.org\/{rel}","templated":true}]}}